{"id":398,"date":"2014-06-23T22:23:51","date_gmt":"2014-06-23T20:23:51","guid":{"rendered":"https:\/\/2.budowaniestron.pl\/terra-pizdriensis-w-pyzdrach\/"},"modified":"2014-06-23T22:23:51","modified_gmt":"2014-06-23T20:23:51","slug":"terra-pizdriensis-w-pyzdrach","status":"publish","type":"post","link":"https:\/\/sgp.geodezja.org.pl\/en\/terra-pizdriensis-w-pyzdrach\/","title":{"rendered":"&#8222;Terra Pisdrensis&#8221; w Pyzdrach"},"content":{"rendered":"<p>&#8222;Terra Pisdrensis\u201d to temat trzeciej z kolei corocznie organizowanej konferencji w Muzeum Regionalnym w Pyzdrach. Odby\u0142a si\u0119 ona w dniu 17 maja 2014 r. gromadz\u0105c przedstawicieli \u015brodowisk organizator\u00f3w i zaproszonych go\u015bci.<\/p>\n<p>  <!--more-->  <\/p>\n<p>\u00a0<\/p>\n<p><a href=\"https:\/\/sgp.geodezja.org.pl\/wp-content\/uploads\/2014\/06\/20140517.pdf\">Relacja z konferencji &gt;&gt;&gt;<\/a><\/p>\n<p>\u00a0<\/p>\n<p><span style=\"color: #222222; font-size: 13px; font-family: arial, sans-serif;\">Szczeg\u00f3\u0142owe sprawozdanie z konferencji przygotowane przez kol. St. M. Wili\u0144skiego uka\u017ce si\u0119 w lipcowym zeszycie Przegl\u0105du Geodezyjnego.<\/span><\/p>\n<p>Waldemar Sztukiewicz<\/p>\n<p>\u00a0<\/p>\n<p>R\u0141<\/p>","protected":false},"excerpt":{"rendered":"<p>&#8222;Terra Pisdrensis\u201d to temat trzeciej z kolei corocznie organizowanej konferencji w Muzeum Regionalnym w Pyzdrach. Odby\u0142a si\u0119 ona w dniu 17 maja 2014 r. gromadz\u0105c przedstawicieli \u015brodowisk organizator\u00f3w i zaproszonych go\u015bci.<\/p>","protected":false},"author":2,"featured_media":0,"comment_status":"open","ping_status":"open","sticky":false,"template":"","format":"standard","meta":{"two_page_speed":[],"footnotes":""},"categories":[10],"tags":[],"class_list":["post-398","post","type-post","status-publish","format-standard","hentry","category-informacje"],"_links":{"self":[{"href":"https:\/\/sgp.geodezja.org.pl\/en\/wp-json\/wp\/v2\/posts\/398","targetHints":{"allow":["GET"]}}],"collection":[{"href":"https:\/\/sgp.geodezja.org.pl\/en\/wp-json\/wp\/v2\/posts"}],"about":[{"href":"https:\/\/sgp.geodezja.org.pl\/en\/wp-json\/wp\/v2\/types\/post"}],"author":[{"embeddable":true,"href":"https:\/\/sgp.geodezja.org.pl\/en\/wp-json\/wp\/v2\/users\/2"}],"replies":[{"embeddable":true,"href":"https:\/\/sgp.geodezja.org.pl\/en\/wp-json\/wp\/v2\/comments?post=398"}],"version-history":[{"count":0,"href":"https:\/\/sgp.geodezja.org.pl\/en\/wp-json\/wp\/v2\/posts\/398\/revisions"}],"wp:attachment":[{"href":"https:\/\/sgp.geodezja.org.pl\/en\/wp-json\/wp\/v2\/media?parent=398"}],"wp:term":[{"taxonomy":"category","embeddable":true,"href":"https:\/\/sgp.geodezja.org.pl\/en\/wp-json\/wp\/v2\/categories?post=398"},{"taxonomy":"post_tag","embeddable":true,"href":"https:\/\/sgp.geodezja.org.pl\/en\/wp-json\/wp\/v2\/tags?post=398"}],"curies":[{"name":"wp","href":"https:\/\/api.w.org\/{rel}","templated":true}]}}