{"id":427,"date":"2014-08-13T23:21:24","date_gmt":"2014-08-13T21:21:24","guid":{"rendered":"https:\/\/2.budowaniestron.pl\/zaproszenie-na-xvii-konferencje-naukowo-techniczna-z-cyklu-kataster-nieruchomosci-kalisz-2014\/"},"modified":"2014-08-13T23:21:24","modified_gmt":"2014-08-13T21:21:24","slug":"zaproszenie-na-xvii-konferencje-naukowo-techniczna-z-cyklu-kataster-nieruchomosci-kalisz-2014","status":"publish","type":"post","link":"https:\/\/sgp.geodezja.org.pl\/en\/zaproszenie-na-xvii-konferencje-naukowo-techniczna-z-cyklu-kataster-nieruchomosci-kalisz-2014\/","title":{"rendered":"Zaproszenie na XVII Konferencj\u0119 Naukowo \u2013 Techniczn\u0105 z cyklu \u201eKATASTER NIERUCHOMO\u015aCI\u201d \u2013 Kalisz 2014"},"content":{"rendered":"<p style=\"text-align: justify;\">Stowarzyszenie Geodet\u00f3w Polskich Sekcja Geodezji, Katastru i Gospodarki Nieruchomo\u015bciami, Komitet Geodezji PAN Sekcja Informacji i Gospodarki Przestrzennej oraz Oddzia\u0142 Stowarzyszenia Geodet\u00f3w Polskich w Kaliszu zapraszaj\u0105 na XVII Konferencj\u0119 Naukowo \u2013 Techniczn\u0105 z cyklu \u201eKATASTER NIERUCHOMO\u015aCI\u201d \u2013 Kalisz, 11-12 wrze\u015bnia 2014 r.<\/p>\n<p>  <!--more-->  <\/p>\n<p style=\"text-align: justify;\">Stowarzyszenie Geodet\u00f3w Polskich Sekcja Geodezji, Katastru i Gospodarki Nieruchomo\u015bciami, Komitet Geodezji PAN Sekcja Informacji i Gospodarki Przestrzennej oraz Oddzia\u0142 Stowarzyszenia Geodet\u00f3w Polskich w Kaliszu zapraszaj\u0105 na XVII Konferencj\u0119 Naukowo \u2013 Techniczn\u0105 z cyklu \u201eKATASTER NIERUCHOMO\u015aCI\u201d \u2013 Kalisz, 11-12 wrze\u015bnia 2014 r.<\/p>\n<p style=\"text-align: justify;\">Nie trzeba nikogo przekonywa\u0107, <strong>czym jest i jakie ma<\/strong> znaczenia dla gospodarki i\u00a0obywateli dobrze prowadzony, zawieraj\u0105cy wiarygodne i na bie\u017c\u0105co aktualizowane dane kataster nieruchomo\u015bci. Niezmiernie jednak trudno o aktualny kataster w sytuacji ci\u0105g\u0142ych zmian prawa, nie tylko geodezyjnego.<\/p>\n<p style=\"text-align: justify;\"><strong>M<\/strong>aj\u0105c na uwadze ci\u0105g\u0142e zmiany prawa wi\u0105\u017c\u0105ce si\u0119 z ewidencj\u0105 grunt\u00f3w i budynk\u00f3w i\u00a0pewne do\u015bwiadczenie z jej prowadzeniem (ostatnia du\u017ca zmiana Rozporz\u0105dzenia w\u00a0sprawie ewidencji grunt\u00f3w i budynk\u00f3w z 29.11.2013 r.) i uwzgl\u0119dniaj\u0105c kolejn\u0105 zmian\u0119 w\u00a0Prawie geodezyjnym i kartograficznym z 5.06.2014 r. dotycz\u0105c\u0105 ewidencji grunt\u00f3w i\u00a0budynk\u00f3w, jako systemu informacyjnego zapewniaj\u0105cego gromadzenie, aktualizacj\u0119 oraz udost\u0119pnianie, w spos\u00f3b jednolity dla kraju, informacji o gruntach, budynkach i lokalach, ich w\u0142a\u015bcicielach oraz o innych podmiotach w\u0142adaj\u0105cych lub gospodaruj\u0105cych tymi gruntami, budynkami lub lokalami\u201d \u2013 oraz maj\u0105c na uwadzecoraz wi\u0119cej problem\u00f3w zwi\u0105zanych z jej prowadzeniem, konieczne s\u0105 tematyczne konferencje omawiaj\u0105ce wszystkie aspekty zwi\u0105zane z prowadzeniem ewidencji grunt\u00f3w i budynk\u00f3w.<\/p>\n<p style=\"text-align: justify;\"><strong>D<\/strong>latego organizatorzy podj\u0119li si\u0119 organizacji kolejnej konferencji, na kt\u00f3rej b\u0119d\u0105 omawiane wszystkie problemy zwi\u0105zane z ewidencj\u0105 grunt\u00f3w i budynk\u00f3w, w tym problemy z\u00a0jej modernizacj\u0105 i aktualizacj\u0105, prowadzon\u0105 zgodnie z nowymi uregulowaniami prawnymi.<\/p>\n<p style=\"text-align: justify;\"><strong>W<\/strong>yk\u0142adom i prelekcjom towarzyszy\u0107 b\u0119d\u0105 dyskusje, kt\u00f3re mamy nadziej\u0119 pozwol\u0105 na sformu\u0142owanie wniosk\u00f3w odnosz\u0105cych si\u0119 do wielu spraw istotnych dla sprawniejszego pe\u0142nienia zada\u0144 stawianych przed ewidencj\u0105 grunt\u00f3w i budynk\u00f3w (katastrem nieruchomo\u015bci).<\/p>\n<p><strong><em>Tematy, kt\u00f3re b\u0119d\u0105 prezentowane i omawiane na konferencji:<\/em><\/strong><\/p>\n<ul>\n<li><i><em>Nowe regulacje prawne dla potrzeb katastru.<\/em><\/i><\/li>\n<\/ul>\n<ul>\n<li><em>Analiza nowych regulacji prawnych w zakresie op\u0142at za udost\u0119pnianie PZGiK.<\/em><\/li>\n<\/ul>\n<ul>\n<li><em>Budynek jako obiekt bazy danych ewidencji grunt\u00f3w i budynk\u00f3w.<\/em><\/li>\n<\/ul>\n<ul>\n<li><em>Problematyka katastru nieruchomo\u015bci na tle przemian prawnych, organizacyjnych i\u00a0technologicznych.<\/em><\/li>\n<\/ul>\n<ul>\n<li><em>Analiza przydatno\u015bci danych z katastru nieruchomo\u015bci dla gospodarki nieruchomo\u015bciami.<\/em><\/li>\n<\/ul>\n<ul>\n<li><em>Udost\u0119pnianie informacji z rejestru cen i warto\u015bci nieruchomo\u015bci w \u015bwietle aktualnych przepis\u00f3w prawa na przyk\u0142adzie Starostwa Powiatu Warszawskiego Zachodniego.<\/em><\/li>\n<\/ul>\n<ul>\n<li><em>Pozyskiwanie danych ewidencyjnych dotycz\u0105cych budynk\u00f3w w \u015bwietle nowych uregulowa\u0144 prawnych.<\/em><\/li>\n<\/ul>\n<ul>\n<li><em>Potrzeba nowych uregulowa\u0144 prawnych dot. w\u0142asno\u015bci i wsp\u00f3\u0142w\u0142asno\u015bci na przyk\u0142adzie Kanady \/Alberta\/ i Polski \/Wielkopolska\/.<\/em><\/li>\n<\/ul>\n<ul>\n<li><em>Kataster wodny w \u015bwietle nowych i istniej\u0105cych uregulowa\u0144 prawnych.<\/em><\/li>\n<\/ul>\n<ul>\n<li><em>Konsekwencje zmian przepis\u00f3w, spojrzenie obiektowe, konwersje baz danych.<\/em><\/li>\n<\/ul>\n<ul>\n<li><em>Proponowana technologia przej\u015bcia z dotychczasowej ewidencji grunt\u00f3w i budynk\u00f3w do nowych przepis\u00f3w wykonawczych.<\/em><\/li>\n<\/ul>\n<ul>\n<li><em>Koncepcja modelowego uj\u0119cia katastru 3D w Polsce.<\/em><strong>\u00a0<\/strong><\/li>\n<\/ul>\n<p style=\"text-align: justify;\">\u00a0<\/p>\n<p style=\"text-align: justify;\"><strong><em>Organizatorzy zapewniaj\u0105 w ramach ka\u017cdej sesji mo\u017cliwo\u015b\u0107 zadawania pyta\u0144 i<\/em><\/strong><strong><em>\u00a0<\/em><\/strong><strong><em>prowadzenia dyskusji. Przewiduje si\u0119 te\u017c dyskusj\u0119 panelow\u0105 z udzia\u0142em G\u0142\u00f3wnego Geodety Kraju podsumowuj\u0105c\u0105 konferencj\u0119.<\/em><\/strong><\/p>\n<p style=\"text-align: justify;\"><strong><em>Do udzia\u0142u w konferencji zapraszamy przedstawicieli nauki, administracji i\u00a0wykonawstwa, bo tylko wsp\u00f3lne spojrzenie na tak wa\u017cne problemy mo\u017ce da\u0107 dobre rezultaty.<\/em><\/strong><\/p>\n<p><strong><em>\u00a0<\/em><\/strong><\/p>\n<p><span style=\"color: #008000;\"><a href=\"https:\/\/sgp.geodezja.org.pl\/wp-content\/uploads\/2014\/08\/Kalisz_komunikat_2_2014.pdf\">Kalisz 2014 komunikat nr 2 &gt;&gt;&gt;<\/a><\/span><\/p>\n<p><span style=\"color: #008000;\"><a href=\"https:\/\/sgp.geodezja.org.pl\/wp-content\/uploads\/2014\/08\/Kalisz_2014_program_szczegolowy_1_2.pdf\">Kalisz 2014 program szczeg\u00f3\u0142owy &gt;&gt;&gt;<\/a><\/span><\/p>\n<p><span style=\"color: #008000;\"><a href=\"https:\/\/sgp.geodezja.org.pl\/wp-content\/uploads\/2014\/08\/Kalisz_zgloszenie_2014.doc\">Kalisz 2014 zg\u0142oszenie doc &gt;&gt;&gt;<\/a><\/span><\/p>\n<p><span style=\"color: #008000;\"><a href=\"https:\/\/sgp.geodezja.org.pl\/wp-content\/uploads\/2014\/05\/Kalisz_zgloszenie_2014.pdf\">Kalisz 2014 zg\u0142oszenie pdf &gt;&gt;&gt;<\/a><\/span><\/p>\n<p><span style=\"color: #008000;\"><a href=\"https:\/\/sgp.geodezja.org.pl\/wp-content\/uploads\/2014\/08\/Kalisz_oswiadczenie_jednostki_2014.doc\">Kalisz 2014 o\u015bwiadczenie jednostki doc &gt;&gt;&gt;<\/a><\/span><\/p>\n<p><span style=\"color: #008000;\"><a href=\"https:\/\/sgp.geodezja.org.pl\/wp-content\/uploads\/2014\/08\/Kalisz_oswiadczenie_jednostki_2014.pdf\">Kalisz 2014 o\u015bwiadczenie jednostki pdf &gt;&gt;&gt;<\/a><\/span><\/p>\n<p><span style=\"color: #008000;\"><a href=\"https:\/\/sgp.geodezja.org.pl\/wp-content\/uploads\/2014\/08\/Kalisz_baza_noclegowa_2014.pdf\">Kalisz 2014 baza noclegowa pdf &gt;&gt;&gt;<\/a><\/span><\/p>\n<p>\u00a0<\/p>\n<p style=\"text-align: right;\">VK<\/p>","protected":false},"excerpt":{"rendered":"<p>Stowarzyszenie Geodet\u00f3w Polskich Sekcja Geodezji, Katastru i Gospodarki Nieruchomo\u015bciami, Komitet Geodezji PAN Sekcja Informacji i Gospodarki Przestrzennej oraz Oddzia\u0142 Stowarzyszenia Geodet\u00f3w Polskich w Kaliszu zapraszaj\u0105 na XVII Konferencj\u0119 Naukowo \u2013 Techniczn\u0105 z cyklu \u201eKATASTER NIERUCHOMO\u015aCI\u201d \u2013 Kalisz, 11-12 wrze\u015bnia 2014 r.<\/p>","protected":false},"author":2,"featured_media":0,"comment_status":"open","ping_status":"open","sticky":false,"template":"","format":"standard","meta":{"two_page_speed":[],"footnotes":""},"categories":[10],"tags":[],"class_list":["post-427","post","type-post","status-publish","format-standard","hentry","category-informacje"],"_links":{"self":[{"href":"https:\/\/sgp.geodezja.org.pl\/en\/wp-json\/wp\/v2\/posts\/427","targetHints":{"allow":["GET"]}}],"collection":[{"href":"https:\/\/sgp.geodezja.org.pl\/en\/wp-json\/wp\/v2\/posts"}],"about":[{"href":"https:\/\/sgp.geodezja.org.pl\/en\/wp-json\/wp\/v2\/types\/post"}],"author":[{"embeddable":true,"href":"https:\/\/sgp.geodezja.org.pl\/en\/wp-json\/wp\/v2\/users\/2"}],"replies":[{"embeddable":true,"href":"https:\/\/sgp.geodezja.org.pl\/en\/wp-json\/wp\/v2\/comments?post=427"}],"version-history":[{"count":0,"href":"https:\/\/sgp.geodezja.org.pl\/en\/wp-json\/wp\/v2\/posts\/427\/revisions"}],"wp:attachment":[{"href":"https:\/\/sgp.geodezja.org.pl\/en\/wp-json\/wp\/v2\/media?parent=427"}],"wp:term":[{"taxonomy":"category","embeddable":true,"href":"https:\/\/sgp.geodezja.org.pl\/en\/wp-json\/wp\/v2\/categories?post=427"},{"taxonomy":"post_tag","embeddable":true,"href":"https:\/\/sgp.geodezja.org.pl\/en\/wp-json\/wp\/v2\/tags?post=427"}],"curies":[{"name":"wp","href":"https:\/\/api.w.org\/{rel}","templated":true}]}}