{"id":431,"date":"2014-08-23T22:56:12","date_gmt":"2014-08-23T20:56:12","guid":{"rendered":"https:\/\/2.budowaniestron.pl\/xx-miedzynarodowe-polsko-czesko-slowackich-dni-geodezji-juz-wkrotce\/"},"modified":"2014-08-23T22:56:12","modified_gmt":"2014-08-23T20:56:12","slug":"xx-miedzynarodowe-polsko-czesko-slowackich-dni-geodezji-juz-wkrotce","status":"publish","type":"post","link":"https:\/\/sgp.geodezja.org.pl\/en\/xx-miedzynarodowe-polsko-czesko-slowackich-dni-geodezji-juz-wkrotce\/","title":{"rendered":"XX Mi\u0119dzynarodowe Polsko-Czesko-S\u0142owackich Dni Geodezji ju\u017c wkr\u00f3tce"},"content":{"rendered":"<p style=\"text-align: justify;\">Stowarzyszenie Geodet\u00f3w Polskich wsp\u00f3lnie z \u010cesk\u00fd svaz geodet\u016f a kartograf\u016f oraz Slovensk\u00e1 spolo\u010dnost\u2019 geodetov a kartografov przy wsp\u00f3\u0142pracy DVW Berlin-Brandenburg e.V. organizuj\u0105 kolejne XX Mi\u0119dzynarodowe Polsko-Czesko-S\u0142owackie Dni Geodezji, kt\u00f3re odb\u0119d\u0105 si\u0119 w dniach 6 \u2013 8 pa\u017adziernika 2014 r., w Berlinie. Miejsce i termin tegorocznych Mi\u0119dzynarodowych Dni Geodezji pozwoli uczestnikom spotkania zapozna\u0107 si\u0119 z najwi\u0119kszymi mi\u0119dzynarodowymi Targami INTERGEO.<\/p>\n<p>  <!--more-->  <\/p>\n<p style=\"text-align: justify;\">Stowarzyszenie Geodet\u00f3w Polskich wsp\u00f3lnie z \u010cesk\u00fd svaz geodet\u016f a kartograf\u016f oraz Slovensk\u00e1 spolo\u010dnost\u2019 geodetov a kartografov przy wsp\u00f3\u0142pracy DVW Berlin-Brandenburg e.V. organizuj\u0105 kolejne XX Mi\u0119dzynarodowe Polsko-Czesko-S\u0142owackie Dni Geodezji, kt\u00f3re odb\u0119d\u0105 si\u0119 w dniach 6 \u2013 8 pa\u017adziernika 2014 r., w Berlinie. Miejsce i termin tegorocznych Mi\u0119dzynarodowych Dni Geodezji pozwoli uczestnikom spotkania zapozna\u0107 si\u0119 z najwi\u0119kszymi mi\u0119dzynarodowymi Targami INTERGEO.<\/p>\n<p style=\"text-align: justify;\">Celem XX Mi\u0119dzynarodowych Polsko-Czesko-S\u0142owackich Dni Geodezji jest integracja zawodowa oraz kulturalna geodet\u00f3w z s\u0105siaduj\u0105cych kraj\u00f3w pod has\u0142em:<\/p>\n<p style=\"text-align: justify;\"><strong><em>Aktualne wyzwania w Unii Europejskiej dla geodezji i geoinformacji \u2013 Europa rozwija wsp\u00f3lne mi\u0119dzynarodowe spotkania<\/em><\/strong><\/p>\n<p style=\"text-align: justify;\">Nowo\u015bci\u0105 jubileuszowego spotkania b\u0119dzie udzia\u0142 uczestnik\u00f3w Dni Geodezji w mi\u0119dzynarodowych targach geodezyjnych \u201eINTERGEO\u201d wsp\u00f3\u0142organizowanych corocznie przez naszego niemieckiego partnera: Gesellschaft fuer Geodaesie, Geoinformation und Landmanagment (DVW). Z tego te\u017c wzgl\u0119du rozszerzone o udzia\u0142 naszych partner\u00f3w spotkanie geodet\u00f3w z 4 kraj\u00f3w odb\u0119dzie si\u0119 jesieni\u0105 a nie jak dotychczas wiosn\u0105. Idea spotka\u0144 polega na wzajemnym poznaniu problem\u00f3w zawodowych, nawi\u0105zaniu kontakt\u00f3w osobistych oraz prezentacji i dyskusji wybranych zagadnie\u0144 geodezyjnych. Dni Geodezji odbywaj\u0105 si\u0119 co roku w innym kraju. Pierwsze Dni Geodezji mia\u0142y miejsce w \u017bylinie na S\u0142owacji w dniach 16-19.05.1995. Dwudzieste pierwsze b\u0119d\u0105 organizowane przez Koleg\u00f3w z Republiki Czeskiej w roku 2015 w tradycyjnym terminie, czyli na wiosn\u0119. Referaty i dyskusje odbywaj\u0105 si\u0119 w\u00a0ojczystych j\u0119zykach uczestnik\u00f3w.<\/p>\n<p style=\"text-align: justify;\">W programie XX Mi\u0119dzynarodowych Dni Geodezji przewidziano sze\u015b\u0107 blok\u00f3w tematycznych po\u015bwi\u0119conych nast\u0119puj\u0105cym zagadnieniom:<\/p>\n<ul>\n<li><b><strong>Wdra\u017canie Dyrektywy \u201eInspire\u201d w Polsce, Czechach, S\u0142owacji i Niemczech, <\/strong><\/b><\/li>\n<\/ul>\n<ul>\n<li><strong>Integracja danych geodezyjnych w ramach Infrastruktury Informacji Przestrzennej w Europie,<\/strong><\/li>\n<\/ul>\n<ul>\n<li><strong>Standaryzacja Uk\u0142ad\u00f3w Odniesienia w Europie,<\/strong><\/li>\n<\/ul>\n<ul>\n<li><strong>Rozw\u00f3j wzajemnych kontakt\u00f3w i kooperacja w dziedzinie geodezji,<\/strong><\/li>\n<\/ul>\n<ul>\n<li><strong>Uprawnienia Geodezyjne na tle innych pa\u0144stw w Europie,<\/strong><\/li>\n<\/ul>\n<ul>\n<li><strong>Szkolnictwo geodezyjne, dokszta\u0142canie zawodowe.<\/strong><\/li>\n<\/ul>\n<p style=\"text-align: justify;\">W ka\u017cdej grupie tematycznej zostan\u0105 zaprezento\u00adwane referaty przygotowane przez wszystkie Stowarzyszenia. Ka\u017cde Stowarzyszenie mo\u017ce zaproponowa\u0107 jeden referat w grupie tematycznej (po\u00a0oko\u0142o 10 minut). Studenci z ka\u017cdego kraju mog\u0105 przygotowa\u0107 po 2 kr\u00f3tkie referaty. Koledzy z\u00a0Niemiec wydeleguj\u0105 referent\u00f3w, kt\u00f3rzy wyg\u0142osz\u0105 referaty w j\u0119zyku polskim, czeskim lub s\u0142owackim.<\/p>\n<p style=\"text-align: justify;\">Sponsorem g\u0142\u00f3wnym XX Mi\u0119dzynarodowych Polsko-Czesko-S\u0142owackich Dni Geodezji zosta\u0142a firma <strong><a href=\"http:\/\/www.geomax-positioning.com\/\"><span style=\"color: #008000;\">GeoMax International GmbH<\/span><\/a>.<\/strong><\/p>\n<p><a href=\"http:\/\/www.geomax-positioning.com\/\"><strong><img loading=\"lazy\" decoding=\"async\" class=\"size-full wp-image-428\" style=\"margin-right: auto; margin-left: auto; display: block;\" src=\"https:\/\/sgp.geodezja.org.pl\/wp-content\/uploads\/2014\/08\/Geomax_logo.jpg\" alt=\"\" width=\"200\" height=\"59\" srcset=\"https:\/\/sgp.geodezja.org.pl\/wp-content\/uploads\/2014\/08\/Geomax_logo.jpg 413w, https:\/\/sgp.geodezja.org.pl\/wp-content\/uploads\/2014\/08\/Geomax_logo-300x89.jpg 300w, https:\/\/sgp.geodezja.org.pl\/wp-content\/uploads\/2014\/08\/Geomax_logo-160x47.jpg 160w\" sizes=\"auto, (max-width: 200px) 100vw, 200px\" \/><\/strong><\/a><\/p>\n<p>\u00a0<\/p>\n<p>Zainteresowanych udzia\u0142em w XX Mi\u0119dzynarodowych Dniach Geodezji uprzejmie prosimy o wype\u0142nienie karty zg\u0142oszenia i nades\u0142anie jej na adres <a href=\"mailto:biuro@sgp.geodezja.org.pl\">biuro@sgp.geodezja.org.pl<\/a> do dnia 30 sierpnia 2014 r.<\/p>\n<p>\u00a0<\/p>\n<p><strong><span style=\"color: #008000;\"><a href=\"https:\/\/sgp.geodezja.org.pl\/wp-content\/uploads\/2014\/08\/Dni_PCS_komunikat_14.pdf\">Komunikat wraz z kart\u0105 zg\u0142oszenia &gt;&gt;&gt;<\/a><\/span><\/strong><\/p>\n<p><strong><span style=\"color: #008000;\"><a href=\"https:\/\/sgp.geodezja.org.pl\/wp-content\/uploads\/2014\/08\/Dni_PCS_program_merytoryczny_20140219.pdf\">Program merytoryczny &gt;&gt;&gt;<\/a><\/span><\/strong><\/p>\n<p style=\"text-align: right;\"><span style=\"color: #000000;\">VK<\/span><\/p>","protected":false},"excerpt":{"rendered":"<p>Stowarzyszenie Geodet\u00f3w Polskich wsp\u00f3lnie z \u010cesk\u00fd svaz geodet\u016f a kartograf\u016f oraz Slovensk\u00e1 spolo\u010dnost\u2019 geodetov a kartografov przy wsp\u00f3\u0142pracy DVW Berlin-Brandenburg e.V. organizuj\u0105 kolejne XX Mi\u0119dzynarodowe Polsko-Czesko-S\u0142owackie Dni Geodezji, kt\u00f3re odb\u0119d\u0105 si\u0119 w dniach 6 \u2013 8 pa\u017adziernika 2014 r., w Berlinie. Miejsce i termin tegorocznych Mi\u0119dzynarodowych Dni Geodezji pozwoli uczestnikom spotkania zapozna\u0107 si\u0119 z najwi\u0119kszymi [&hellip;]<\/p>\n","protected":false},"author":2,"featured_media":428,"comment_status":"open","ping_status":"open","sticky":false,"template":"","format":"standard","meta":{"two_page_speed":[],"footnotes":""},"categories":[10],"tags":[],"class_list":["post-431","post","type-post","status-publish","format-standard","has-post-thumbnail","hentry","category-informacje"],"_links":{"self":[{"href":"https:\/\/sgp.geodezja.org.pl\/en\/wp-json\/wp\/v2\/posts\/431","targetHints":{"allow":["GET"]}}],"collection":[{"href":"https:\/\/sgp.geodezja.org.pl\/en\/wp-json\/wp\/v2\/posts"}],"about":[{"href":"https:\/\/sgp.geodezja.org.pl\/en\/wp-json\/wp\/v2\/types\/post"}],"author":[{"embeddable":true,"href":"https:\/\/sgp.geodezja.org.pl\/en\/wp-json\/wp\/v2\/users\/2"}],"replies":[{"embeddable":true,"href":"https:\/\/sgp.geodezja.org.pl\/en\/wp-json\/wp\/v2\/comments?post=431"}],"version-history":[{"count":0,"href":"https:\/\/sgp.geodezja.org.pl\/en\/wp-json\/wp\/v2\/posts\/431\/revisions"}],"wp:featuredmedia":[{"embeddable":true,"href":"https:\/\/sgp.geodezja.org.pl\/en\/wp-json\/wp\/v2\/media\/428"}],"wp:attachment":[{"href":"https:\/\/sgp.geodezja.org.pl\/en\/wp-json\/wp\/v2\/media?parent=431"}],"wp:term":[{"taxonomy":"category","embeddable":true,"href":"https:\/\/sgp.geodezja.org.pl\/en\/wp-json\/wp\/v2\/categories?post=431"},{"taxonomy":"post_tag","embeddable":true,"href":"https:\/\/sgp.geodezja.org.pl\/en\/wp-json\/wp\/v2\/tags?post=431"}],"curies":[{"name":"wp","href":"https:\/\/api.w.org\/{rel}","templated":true}]}}