{"id":438,"date":"2014-09-08T15:55:23","date_gmt":"2014-09-08T13:55:23","guid":{"rendered":"https:\/\/2.budowaniestron.pl\/umowa-klastra-geopoli-podpisana\/"},"modified":"2014-09-08T15:55:23","modified_gmt":"2014-09-08T13:55:23","slug":"umowa-klastra-geopoli-podpisana","status":"publish","type":"post","link":"https:\/\/sgp.geodezja.org.pl\/en\/umowa-klastra-geopoli-podpisana\/","title":{"rendered":"Umowa Klastra GeoPoli podpisana"},"content":{"rendered":"<p style=\"text-align: justify;\">Dzisiaj, 8 wrze\u015bnia 2014 r., zosta\u0142a sfinalizowana inicjatywa Geodezyjnej Izby Gospodarczej i nast\u0105pi\u0142o uroczyste podpisanie umowy w tej sprawie przez, obecne na spotkaniu, reprezentacje 29 cz\u0142onk\u00f3w za\u0142o\u017cycieli tego przedsi\u0119wzi\u0119cia.<\/p>\n<p>  <!--more-->  <\/p>\n<p>Dzisiaj, 8 wrze\u015bnia 2014 r., zosta\u0142a sfinalizowana inicjatywa Geodezyjnej Izby Gospodarczej i nast\u0105pi\u0142o uroczyste podpisanie umowy w tej sprawie przez, obecne na spotkaniu, reprezentacje 29 cz\u0142onk\u00f3w za\u0142o\u017cycieli tego przedsi\u0119wzi\u0119cia.<\/p>\n<p>Z upowa\u017cnienia Zarz\u0105du G\u0142\u00f3wnego Stowarzyszenia Geodet\u00f3w Polskich umow\u0119 podpisali Prezes Kol. Stanis\u0142aw Cegielski i Sekretarz Generalny Kol. W\u0142odzimierz K\u0119dziora.<\/p>\n<p>Uroczysto\u015b\u0107 podpisania odby\u0142a si\u0119 w gmachu Politechniki Warszawskiej, dzi\u0119ki uprzejmo\u015bci Pani prof. dr hab. Aliny Maciejewskiej. Pani Dziekan Wydzia\u0142u Geodezji i Kartografii Politechniki Warszawskiej czynnie i aktywnie uczestniczy\u0142a w realizacji pomys\u0142u powstania Klastra GeoPoli.<\/p>\n<p>W spotkaniu uczestniczy\u0142 r\u00f3wnie\u017c G\u0142\u00f3wny Geodeta Kraju Pan Kazimierz Bujakowski.<\/p>\n<p>Zgodnie z \u00a74 podpisanej umowy\u00a0celami Klastra s\u0105<\/p>\n<ol>\n<li>Integrowanie i scalanie \u015brodowiska geodezyjno-kartograficznego i bran\u017c pokrewnych na rzecz realizacji wsp\u00f3lnych przedsi\u0119wzi\u0119\u0107 o charakterze naukowo-komercyjnym \u2013 w warunkach wsp\u00f3\u0142pracy i\u00a0konkurencji.<\/li>\n<li>Tworzenie warunk\u00f3w dla kooperacji uczelni wy\u017cszych, podmiot\u00f3w gospodarczych oraz podmiot\u00f3w sfery publicznej, skierowanych na wymian\u0119 wiedzy, do\u015bwiadcze\u0144 oraz zasob\u00f3w materialnych i niematerialnych w obszarach geodezji i kartografii oraz bran\u017c pokrewnych.<\/li>\n<li>Wspieranie projektowych inicjatyw o wymiarze regionalnym, ponadregionalnym i transregionalnym na rzecz cz\u0142onk\u00f3w Klastra.<\/li>\n<li>Wspomaganie cz\u0142onk\u00f3w Klastra w zakresie pozyskiwania \u015brodk\u00f3w ze \u017ar\u00f3de\u0142 zewn\u0119trznych, w tym szczeg\u00f3lnie z funduszy strukturalnych i innych program\u00f3w Unii Europejskiej.<\/li>\n<li>Podnoszenie poziomu wiedzy kadry pracowniczej cz\u0142onk\u00f3w Klastra w zakresie uwarunkowa\u0144 s\u0142u\u017c\u0105cych rozwojowi inicjatyw gospodarczych w ramach klastra i poza nim.<\/li>\n<li>Tworzenie ram dla zdobywania praktycznych umiej\u0119tno\u015bci przez student\u00f3w uczelni \u2013 cz\u0142onk\u00f3w Klastra w firmach w nim zrzeszonych.<\/li>\n<li>Wsparcie dla konsultacji spo\u0142ecznych nad przedsi\u0119wzi\u0119ciami realizowanymi w ramach Klastra.<\/li>\n<li>Wspieranie w realizacji przedsi\u0119wzi\u0119\u0107 zwi\u0105zanych z promocj\u0105 eksportu us\u0142ug geodezyjno-kartograficznych oraz bran\u017c pokrewnych, sta\u017cy i praktyk studenckich w podmiotach zrzeszonych w Klastrze, selekcj\u0105 kadr dla sektora gospodarczego bran\u017cy geodezyjno-kartograficznej oraz bran\u017c pokrewnych.<\/li>\n<\/ol>\n<p>\u00a0<\/p>\n<p>Cz\u0142onkowie za\u0142o\u017cyciele Klastra GeoPoli:<\/p>\n<table class=\"tabelka\" style=\"width: 560px; margin-right: auto; margin-left: auto;\" width=\"560\">\n<tbody>\n<tr>\n<td width=\"40\">\n<p><strong>\u00a0\u00a0\u00a0\u00a0\u00a01.\u00a0\u00a0\u00a0 <\/strong><strong>\u00a0<\/strong><\/p>\n<\/td>\n<td width=\"520\">\n<p>EUROSYSTEM S.A. z siedzib\u0105 w Chorzowie ul.<\/p>\n<\/td>\n<\/tr>\n<tr>\n<td width=\"40\">\n<p><strong>\u00a0\u00a0\u00a0\u00a0 2.\u00a0\u00a0\u00a0 <\/strong><strong>\u00a0<\/strong><\/p>\n<\/td>\n<td width=\"520\">\n<p>GEOBID Sp. z o.o. z siedzib\u0105 w Katowicach<\/p>\n<\/td>\n<\/tr>\n<tr>\n<td width=\"40\">\n<p><strong>\u00a0\u00a0\u00a0\u00a0\u00a0\u00a03.\u00a0\u00a0\u00a0 <\/strong><strong>\u00a0<\/strong><\/p>\n<\/td>\n<td width=\"520\">\n<p>GEODATA- Us\u0142ugi Geodezyjne i Informatyczne Konrad Tusi\u0144ski z siedzib\u0105 w Szczecinie<\/p>\n<\/td>\n<\/tr>\n<tr>\n<td width=\"40\">\n<p><strong>\u00a0\u00a0\u00a0\u00a0 4.\u00a0\u00a0\u00a0 <\/strong><strong>\u00a0<\/strong><\/p>\n<\/td>\n<td width=\"520\">\n<p>Geodezyjna Izba Gospodarcza z siedzib\u0105 w Warszawie<\/p>\n<\/td>\n<\/tr>\n<tr>\n<td width=\"40\">\n<p><strong>\u00a0\u00a0\u00a0\u00a0 5.\u00a0\u00a0\u00a0 <\/strong><strong>\u00a0<\/strong><\/p>\n<\/td>\n<td width=\"520\">\n<p>Geokart-International Sp.\u00a0 z o.o. z siedzib\u0105 w Rzeszowie<\/p>\n<\/td>\n<\/tr>\n<tr>\n<td width=\"40\">\n<p><strong>\u00a0\u00a0\u00a0\u00a0 6.\u00a0\u00a0\u00a0 <\/strong><strong>\u00a0<\/strong><\/p>\n<\/td>\n<td width=\"520\">\n<p>Geo-system Sp. z o.o. z siedzib\u0105\u00a0 w Warszawie<\/p>\n<\/td>\n<\/tr>\n<tr>\n<td width=\"40\">\n<p><strong>\u00a0\u00a0\u00a0\u00a0 7.\u00a0\u00a0\u00a0 <\/strong><strong>\u00a0<\/strong><\/p>\n<\/td>\n<td width=\"520\">\n<p>Instytut In\u017cynierii Technicznej Pa\u0144stwowej Wy\u017cszej Szko\u0142y Techniczno-Ekonomicznej w Jaros\u0142awiu z siedzib\u0105 w Jaros\u0142awiu<\/p>\n<\/td>\n<\/tr>\n<tr>\n<td width=\"40\">\n<p><strong>\u00a0\u00a0\u00a0\u00a0 8.\u00a0\u00a0\u00a0 <\/strong><strong>\u00a0<\/strong><\/p>\n<\/td>\n<td width=\"520\">\n<p>InterTIM \u00a0Sp\u00f3\u0142ka z ograniczon\u0105 odpowiedzialno\u015bci\u0105 z siedzib\u0105 w Suwa\u0142kach<\/p>\n<\/td>\n<\/tr>\n<tr>\n<td width=\"40\">\n<p><strong>\u00a0\u00a0\u00a0\u00a0 9.\u00a0\u00a0\u00a0 <\/strong><strong>\u00a0<\/strong><\/p>\n<\/td>\n<td width=\"520\">\n<p>In\u017cynieria Rzesz\u00f3w SA\u00a0 z siedzib\u0105 w Rzeszowie<\/p>\n<\/td>\n<\/tr>\n<tr>\n<td width=\"40\">\n<p><strong>\u00a0\u00a0 10.\u00a0\u00a0\u00a0 <\/strong><strong>\u00a0<\/strong><\/p>\n<\/td>\n<td width=\"520\">\n<p>Okr\u0119gowe Przedsi\u0119biorstwo Geodezyjno-Kartograficzne\u00a0 \u201eGEOMAP\u201d Sp. z o.o. z siedzib\u0105 w Zielonej G\u00f3rze\u00a0<\/p>\n<\/td>\n<\/tr>\n<tr>\n<td width=\"40\">\n<p><strong>\u00a0\u00a0 11.\u00a0\u00a0\u00a0 <\/strong><strong>\u00a0<\/strong><\/p>\n<\/td>\n<td width=\"520\">\n<p>Okr\u0119gowe Przedsi\u0119biorstwo Geodezyjno-Kartograficzne sp. z o.o. w Olsztynie z siedzib\u0105 w Olsztynie<\/p>\n<\/td>\n<\/tr>\n<tr>\n<td width=\"40\">\n<p><strong>\u00a0\u00a0 12.\u00a0\u00a0\u00a0 <\/strong><strong>\u00a0<\/strong><\/p>\n<\/td>\n<td width=\"520\">\n<p>Okr\u0119gowe Przedsi\u0119biorstwo Geodezyjno-Kartograficzne w Krakowie Sp. z o.o. z siedzib\u0105 w Krakowie\u00a0<\/p>\n<\/td>\n<\/tr>\n<tr>\n<td width=\"40\">\n<p><strong>\u00a0\u00a0 13.\u00a0\u00a0\u00a0 <\/strong><strong>\u00a0<\/strong><\/p>\n<\/td>\n<td width=\"520\">\n<p>OPEGIEKA Sp. z o.o. z siedzib\u0105\u00a0 w Elbl\u0105gu<\/p>\n<\/td>\n<\/tr>\n<tr>\n<td width=\"40\">\n<p><strong>\u00a0\u00a0 14.\u00a0\u00a0\u00a0 <\/strong><strong>\u00a0<\/strong><\/p>\n<\/td>\n<td width=\"520\">\n<p>Polska Geodezja Komercyjna Krajowy Zwi\u0105zek Pracodawc\u00f3w Firm Geodezyjno-Kartograficznych\u00a0 z siedzib\u0105 w Warszawie<\/p>\n<\/td>\n<\/tr>\n<tr>\n<td width=\"40\">\n<p><strong>\u00a0\u00a0 15.\u00a0\u00a0\u00a0 <\/strong><strong>\u00a0<\/strong><\/p>\n<\/td>\n<td width=\"520\">\n<p>PROGEO KATOWICE K.Rogala, M.Nowak, D.Przybycie\u0144\u00a0 Sp\u00f3\u0142ka Jawna z siedzib\u0105\u00a0\u00a0 w Katowicach<\/p>\n<\/td>\n<\/tr>\n<tr>\n<td width=\"40\">\n<p><strong>\u00a0\u00a0 16.\u00a0\u00a0\u00a0 <\/strong><strong>\u00a0<\/strong><\/p>\n<\/td>\n<td width=\"520\">\n<p>Przedsi\u0119biorstwo Geodezyjno-Kartograficzne Vertical Sp. z o.o. z siedzib\u0105 w \u017borach<\/p>\n<\/td>\n<\/tr>\n<tr>\n<td width=\"40\">\n<p><strong>\u00a0\u00a0 17.\u00a0\u00a0\u00a0 <\/strong><strong>\u00a0<\/strong><\/p>\n<\/td>\n<td width=\"520\">\n<p>Przedsi\u0119biorstwo Us\u0142ug Geodezyjno-Projektowych GEOMIAR Sp. z o.o. z siedzib\u0105 w Jaros\u0142awiu<\/p>\n<\/td>\n<\/tr>\n<tr>\n<td width=\"40\">\n<p><strong>\u00a0\u00a0 18.\u00a0\u00a0\u00a0 <\/strong><strong>\u00a0<\/strong><\/p>\n<\/td>\n<td width=\"520\">\n<p>Przedsi\u0119biorstwo Wielobran\u017cowe\u00a0 \u201eGEODIK\u201d sp. z o.o. z siedzib\u0105 w Szczecinie\u00a0 \u00a0\u00a0\u00a0\u00a0\u00a0\u00a0\u00a0\u00a0\u00a0\u00a0\u00a0\u00a0\u00a0\u00a0\u00a0\u00a0\u00a0\u00a0\u00a0\u00a0\u00a0\u00a0\u00a0\u00a0\u00a0\u00a0\u00a0ul. 5 Lipca 22 lok. 1<\/p>\n<p>\u00a0<\/p>\n<\/td>\n<\/tr>\n<tr>\n<td width=\"40\">\n<p><strong>\u00a0\u00a0 19.\u00a0\u00a0\u00a0 <\/strong><strong>\u00a0<\/strong><\/p>\n<\/td>\n<td width=\"520\">\n<p>Stowarzyszenie Geodet\u00f3w Polskich Zarz\u0105d G\u0142\u00f3wny z siedzib\u0105 w Warszawie\u00a0\u00a0\u00a0\u00a0\u00a0\u00a0\u00a0\u00a0\u00a0\u00a0\u00a0\u00a0\u00a0\u00a0\u00a0\u00a0\u00a0\u00a0\u00a0\u00a0\u00a0\u00a0\u00a0\u00a0\u00a0\u00a0\u00a0\u00a0\u00a0\u00a0\u00a0 ul. Czackiego 3\/5<\/p>\n<\/td>\n<\/tr>\n<tr>\n<td width=\"40\">\n<p><strong>\u00a0\u00a0 20.\u00a0\u00a0\u00a0 <\/strong><strong>\u00a0<\/strong><\/p>\n<\/td>\n<td width=\"520\">\n<p>TPI Sp. z o.o. z siedzib\u0105 w Warszawie ul. Bartycka 22<\/p>\n<\/td>\n<\/tr>\n<tr>\n<td width=\"40\">\n<p><strong>\u00a0\u00a0 21.\u00a0\u00a0\u00a0 <\/strong><strong>\u00a0<\/strong><\/p>\n<\/td>\n<td width=\"520\">\n<p>Us\u0142ugi Geodezyjno-Kartograficzne\u00a0 Marian Pi\u0119tka, Rafa\u0142 Pi\u0119tka z siedzib\u0105 w Legionowie ul. Kujawska 30<\/p>\n<\/td>\n<\/tr>\n<tr>\n<td width=\"40\">\n<p><strong>\u00a0\u00a0 22.\u00a0\u00a0\u00a0 <\/strong><strong>\u00a0<\/strong><\/p>\n<\/td>\n<td width=\"520\">\n<p>Warszawskie Przedsi\u0119biorstwo Geodezyjne S.A. z siedzib\u0105 w Warszawie\u00a0\u00a0\u00a0\u00a0\u00a0\u00a0\u00a0\u00a0\u00a0\u00a0\u00a0\u00a0\u00a0\u00a0\u00a0\u00a0\u00a0\u00a0\u00a0\u00a0\u00a0\u00a0\u00a0\u00a0\u00a0\u00a0\u00a0\u00a0\u00a0\u00a0\u00a0 ul. Nowy \u015awiat 2<\/p>\n<\/td>\n<\/tr>\n<tr>\n<td width=\"40\">\n<p><strong>\u00a0\u00a0 23.\u00a0\u00a0\u00a0 <\/strong><strong>\u00a0<\/strong><\/p>\n<\/td>\n<td width=\"520\">\n<p>Wydzia\u0142 Geodezji G\u00f3rniczej i In\u017cynierii \u015arodowiska AKADEMII G\u00d3RNICZO-HUTNICZEJ im. Stanis\u0142awa Staszica z siedzib\u0105 w Krakowie<\/p>\n<\/td>\n<\/tr>\n<tr>\n<td width=\"40\">\n<p><strong>\u00a0\u00a0 24.\u00a0\u00a0\u00a0 <\/strong><strong>\u00a0<\/strong><\/p>\n<\/td>\n<td width=\"520\">\n<p>Wydzia\u0142 Geodezji i Gospodarki Przestrzennej UNIWERSYTETU WARMI\u0143SKO-MAZURSKIEGO z siedzib\u0105 w Olsztynie<\/p>\n<\/td>\n<\/tr>\n<tr>\n<td width=\"40\">\n<p><strong>\u00a0\u00a0 25.\u00a0\u00a0\u00a0 <\/strong><strong>\u00a0<\/strong><\/p>\n<\/td>\n<td width=\"520\">\n<p>Wydzia\u0142 Geodezji i Kartografii POLITECHNIKI WARSZAWSKIEJ z siedzib\u0105\u00a0\u00a0\u00a0\u00a0\u00a0\u00a0 \u00a0\u00a0\u00a0\u00a0\u00a0\u00a0\u00a0\u00a0\u00a0\u00a0\u00a0\u00a0\u00a0\u00a0\u00a0\u00a0\u00a0\u00a0w Warszawie\u00a0<\/p>\n<\/td>\n<\/tr>\n<tr>\n<td width=\"40\">\n<p><strong>\u00a0\u00a0 26.\u00a0\u00a0\u00a0 <\/strong><strong>\u00a0<\/strong><\/p>\n<\/td>\n<td width=\"520\">\n<p>Wydzia\u0142 In\u017cynierii Kszta\u0142towania \u015arodowiska i Geodezji UNIWERSYTETU PRZYRODNICZEGO\u00a0 z siedzib\u0105 we Wroc\u0142awiu\u00a0<\/p>\n<\/td>\n<\/tr>\n<tr>\n<td width=\"40\">\n<p><strong>\u00a0\u00a0 27.\u00a0\u00a0\u00a0 <\/strong><strong>\u00a0<\/strong><\/p>\n<\/td>\n<td width=\"520\">\n<p>Wydzia\u0142 In\u017cynierii L\u0105dowej i Geodezji WOJSKOWEJ AKADEMII TECHNICZNEJ\u00a0\u00a0\u00a0\u00a0\u00a0\u00a0\u00a0\u00a0\u00a0\u00a0\u00a0\u00a0\u00a0\u00a0\u00a0\u00a0\u00a0\u00a0\u00a0\u00a0\u00a0\u00a0\u00a0\u00a0 z siedzib\u0105 w Warszawie<\/p>\n<\/td>\n<\/tr>\n<tr>\n<td width=\"40\">\n<p><strong>\u00a0\u00a0 28.\u00a0\u00a0\u00a0 <\/strong><strong>\u00a0<\/strong><\/p>\n<\/td>\n<td width=\"520\">\n<p>Wydzia\u0142 In\u017cynierii L\u0105dowej, \u015arodowiska\u00a0 i Geodezji Politechniki Koszali\u0144skiej z siedzib\u0105 w Koszalinie<\/p>\n<\/td>\n<\/tr>\n<tr>\n<td width=\"40\">\n<p><strong>\u00a0\u00a0 29.\u00a0\u00a0\u00a0 <\/strong><strong>\u00a0<\/strong><\/p>\n<\/td>\n<td width=\"520\">\n<p>Zak\u0142ad Us\u0142ug Geodezyjnych i Kartograficznych \u201ePryzmat\u201d Sp. z o. o.\u00a0 z siedzib\u0105 w Warszawie<\/p>\n<\/td>\n<\/tr>\n<\/tbody>\n<\/table>\n<p style=\"text-align: right;\">VK<\/p>","protected":false},"excerpt":{"rendered":"<p>Dzisiaj, 8 wrze\u015bnia 2014 r., zosta\u0142a sfinalizowana inicjatywa Geodezyjnej Izby Gospodarczej i nast\u0105pi\u0142o uroczyste podpisanie umowy w tej sprawie przez, obecne na spotkaniu, reprezentacje 29 cz\u0142onk\u00f3w za\u0142o\u017cycieli tego przedsi\u0119wzi\u0119cia.<\/p>","protected":false},"author":2,"featured_media":0,"comment_status":"open","ping_status":"open","sticky":false,"template":"","format":"standard","meta":{"two_page_speed":[],"footnotes":""},"categories":[10],"tags":[],"class_list":["post-438","post","type-post","status-publish","format-standard","hentry","category-informacje"],"_links":{"self":[{"href":"https:\/\/sgp.geodezja.org.pl\/en\/wp-json\/wp\/v2\/posts\/438","targetHints":{"allow":["GET"]}}],"collection":[{"href":"https:\/\/sgp.geodezja.org.pl\/en\/wp-json\/wp\/v2\/posts"}],"about":[{"href":"https:\/\/sgp.geodezja.org.pl\/en\/wp-json\/wp\/v2\/types\/post"}],"author":[{"embeddable":true,"href":"https:\/\/sgp.geodezja.org.pl\/en\/wp-json\/wp\/v2\/users\/2"}],"replies":[{"embeddable":true,"href":"https:\/\/sgp.geodezja.org.pl\/en\/wp-json\/wp\/v2\/comments?post=438"}],"version-history":[{"count":0,"href":"https:\/\/sgp.geodezja.org.pl\/en\/wp-json\/wp\/v2\/posts\/438\/revisions"}],"wp:attachment":[{"href":"https:\/\/sgp.geodezja.org.pl\/en\/wp-json\/wp\/v2\/media?parent=438"}],"wp:term":[{"taxonomy":"category","embeddable":true,"href":"https:\/\/sgp.geodezja.org.pl\/en\/wp-json\/wp\/v2\/categories?post=438"},{"taxonomy":"post_tag","embeddable":true,"href":"https:\/\/sgp.geodezja.org.pl\/en\/wp-json\/wp\/v2\/tags?post=438"}],"curies":[{"name":"wp","href":"https:\/\/api.w.org\/{rel}","templated":true}]}}