{"id":452,"date":"2014-09-16T22:47:16","date_gmt":"2014-09-16T20:47:16","guid":{"rendered":"https:\/\/2.budowaniestron.pl\/25-lecie-ustawy-prawo-geodezyjne-i-kartograficzne\/"},"modified":"2014-09-16T22:47:16","modified_gmt":"2014-09-16T20:47:16","slug":"25-lecie-ustawy-prawo-geodezyjne-i-kartograficzne","status":"publish","type":"post","link":"https:\/\/sgp.geodezja.org.pl\/en\/25-lecie-ustawy-prawo-geodezyjne-i-kartograficzne\/","title":{"rendered":"25-lecie Ustawy Prawo Geodezyjne i Kartograficzne"},"content":{"rendered":"<p>Dnia 9 wrze\u015bnia 2014 r. w Sejmie RP odby\u0142a si\u0119 konferencja zorganizowana przez G\u0142\u00f3wny Urz\u0105d Geodezji i Kartografii po\u015bwi\u0119cona historii tworzenia Ustawy Prawo Geodezyjne i Kartograficzne.<\/p>\n<p>  <!--more-->  <\/p>\n<p style=\"text-align: justify;\">Dnia 9 wrze\u015bnia 2014 r. w Sejmie RP odby\u0142a si\u0119 konferencja zorganizowana przez G\u0142\u00f3wny Urz\u0105d Geodezji i Kartografii po\u015bwi\u0119cona historii tworzenia Ustawy Prawo Geodezyjne i Kartograficzne. Wydarzenie by\u0142o okazj\u0105 do uroczystego spotkania kilku pokole\u0144 geodet\u00f3w i\u00a0kartograf\u00f3w z G\u0142\u00f3wnym Geodet\u0105 Kraju i jego poprzednikami. G\u0142\u00f3wny Geodeta Kraju Kazimierz Bujakowski powita\u0142 go\u015bci.<\/p>\n<p><img loading=\"lazy\" decoding=\"async\" class=\"size-full wp-image-450\" style=\"margin-right: auto; margin-left: auto; display: block;\" src=\"https:\/\/sgp.geodezja.org.pl\/wp-content\/uploads\/2014\/09\/2_1S_zbiorowe_2-scaled.jpg\" alt=\"\" width=\"200\" height=\"68\" srcset=\"https:\/\/sgp.geodezja.org.pl\/wp-content\/uploads\/2014\/09\/2_1S_zbiorowe_2-scaled.jpg 2560w, https:\/\/sgp.geodezja.org.pl\/wp-content\/uploads\/2014\/09\/2_1S_zbiorowe_2-scaled-800x272.jpg 800w, https:\/\/sgp.geodezja.org.pl\/wp-content\/uploads\/2014\/09\/2_1S_zbiorowe_2-300x102.jpg 300w, https:\/\/sgp.geodezja.org.pl\/wp-content\/uploads\/2014\/09\/2_1S_zbiorowe_2-1024x348.jpg 1024w, https:\/\/sgp.geodezja.org.pl\/wp-content\/uploads\/2014\/09\/2_1S_zbiorowe_2-768x261.jpg 768w, https:\/\/sgp.geodezja.org.pl\/wp-content\/uploads\/2014\/09\/2_1S_zbiorowe_2-1536x522.jpg 1536w, https:\/\/sgp.geodezja.org.pl\/wp-content\/uploads\/2014\/09\/2_1S_zbiorowe_2-2048x696.jpg 2048w, https:\/\/sgp.geodezja.org.pl\/wp-content\/uploads\/2014\/09\/2_1S_zbiorowe_2-1920x653.jpg 1920w, https:\/\/sgp.geodezja.org.pl\/wp-content\/uploads\/2014\/09\/2_1S_zbiorowe_2-160x54.jpg 160w\" sizes=\"auto, (max-width: 200px) 100vw, 200px\" \/><\/p>\n<p style=\"text-align: justify;\">Uroczysto\u015b\u0107 zaszczycili swoj\u0105 obecno\u015bci\u0105 przedstawiciele w\u0142adz pa\u0144stwowych z Eugeniuszem Grzeszczakiem \u2011 Wicemarsza\u0142kiem Sejmu, Pos\u0142em J\u00f3zefem Rackim, senator And\u017celik\u0105 Mo\u017cd\u017canowsk\u0105 \u2013 Sekretarzem Rady Naczelnej PSL, Olgierdem Dzieko\u0144skim \u2013 Ministrem w Kancelarii Prezydenta, Stanis\u0142awem Huskowskim \u2011 Wiceministrem MAiC, prof.\u00a0Bogdanem Neyem \u2011 Przewodnicz\u0105cym Pa\u0144stwowej Rady Geodezyjnej i Kartograficznej. W\u00a0spotkaniu uczestniczyli tak\u017ce poprzedni Prezesi GUGiK \u2011 Zdzis\u0142aw Adamczewski, Andrzej Szymczak, J\u00f3zef Racki, Kazimierz Bujakowski, Jerzy Albin, Jolanta Orli\u0144ska, przedstawiciele w\u0142adz samorz\u0105dowych wojew\u00f3dztw, powiat\u00f3w, organizacji spo\u0142eczno-zawodowych geodet\u00f3w i kartograf\u00f3w, nauczycieli akademickich, wykonawc\u00f3w prac, i us\u0142ug geodezyjnych oraz pracownik\u00f3w administracji. Stowarzyszenie Geodet\u00f3w Polskich reprezentowali: Stanis\u0142aw Cegielski \u2013 Prezes, Ludmi\u0142a Pietrzak \u2013 Wiceprezes, W\u0142odzimierz K\u0119dziora \u2013 Sekretarz Generalny, Stanis\u0142aw Marcin Wili\u0144ski. W wyg\u0142oszonych referatach wskazywano na trudn\u0105 drog\u0119 powstawania projektu ustawy oraz niepok\u00f3j o\u00a0jej przyj\u0119cie przez Sejm.Stanis\u0142aw Cegielski Prezes SGP miedzy innymi powiedzia\u0142, o konieczno\u015bci opracowania nowego Prawa geodezyjnego i kartograficznego, poniewa\u017c nowelizacje spowodowa\u0142y pewne niesp\u00f3jno\u015bci z innymi przepisami i trudno\u015bci interpretacyjne, a tak\u017ce o potrzebie w\u0142\u0105czenia do ustawy Prawo geodezyjne i kartograficzne spraw zwi\u0105zanych z geodezj\u0105 takich jak Ustawa o gospodarce nieruchomo\u015bciami, Prawo budowlane, Prawo wodne. Przypomnia\u0142, \u017ce dzi\u0119ki uchwaleniu Prawa geodezyjnego i kartograficznego zosta\u0142a otwarta droga do wykonawstwa prywatnego.Wyst\u0105pienie programowe GGK Pana Kazimierza Bujakowskiego pokaza\u0142o wp\u0142yw Prawa geodezyjnego i kartograficznego na organizacj\u0119 i dzia\u0142ania Pa\u0144stwowej S\u0142u\u017cby Geodezyjnej i Kartograficznej oraz prywatyzacj\u0119 potencja\u0142u wykonawczego geodet\u00f3w i kartograf\u00f3w. Trzeba uzna\u0107, \u017ce obecny rynek geodezyjny jest w\u00a0stanie spe\u0142ni\u0107 ka\u017cde, nawet najbardziej wyrafinowane zadanie, a potencja\u0142 baz danych przestrzennych jest zale\u017cny od aktualno\u015bci danych.<\/p>\n<p>Obszerniejsza informacja b\u0119dzie zamieszczona we wrze\u015bniowym Przegl\u0105dzie Geodezyjnym.<\/p>\n<p><a href=\"https:\/\/sgp.geodezja.org.pl\/wp-content\/uploads\/2014\/09\/PG_25_lat_ustawy_pgik_2.pdf\"><span style=\"color: #008000;\">Zobacz wi\u0119cej &gt;&gt;&gt;<\/span><\/a><\/p>\n<p>\u00a0<\/p>\n<p>Informacje i zdj\u0119cia Stanis\u0142aw Marcin Wili\u0144ski.<\/p>\n<p style=\"text-align: right;\">VK<\/p>\n<p>\u00a0<\/p>\n<p>\u00a0<\/p>\n<p>\u00a0<\/p>\n<p>\u00a0<\/p>","protected":false},"excerpt":{"rendered":"<p>Dnia 9 wrze\u015bnia 2014 r. w Sejmie RP odby\u0142a si\u0119 konferencja zorganizowana przez G\u0142\u00f3wny Urz\u0105d Geodezji i Kartografii po\u015bwi\u0119cona historii tworzenia Ustawy Prawo Geodezyjne i Kartograficzne.<\/p>","protected":false},"author":2,"featured_media":450,"comment_status":"open","ping_status":"open","sticky":false,"template":"","format":"standard","meta":{"two_page_speed":[],"footnotes":""},"categories":[10],"tags":[],"class_list":["post-452","post","type-post","status-publish","format-standard","has-post-thumbnail","hentry","category-informacje"],"_links":{"self":[{"href":"https:\/\/sgp.geodezja.org.pl\/en\/wp-json\/wp\/v2\/posts\/452","targetHints":{"allow":["GET"]}}],"collection":[{"href":"https:\/\/sgp.geodezja.org.pl\/en\/wp-json\/wp\/v2\/posts"}],"about":[{"href":"https:\/\/sgp.geodezja.org.pl\/en\/wp-json\/wp\/v2\/types\/post"}],"author":[{"embeddable":true,"href":"https:\/\/sgp.geodezja.org.pl\/en\/wp-json\/wp\/v2\/users\/2"}],"replies":[{"embeddable":true,"href":"https:\/\/sgp.geodezja.org.pl\/en\/wp-json\/wp\/v2\/comments?post=452"}],"version-history":[{"count":0,"href":"https:\/\/sgp.geodezja.org.pl\/en\/wp-json\/wp\/v2\/posts\/452\/revisions"}],"wp:featuredmedia":[{"embeddable":true,"href":"https:\/\/sgp.geodezja.org.pl\/en\/wp-json\/wp\/v2\/media\/450"}],"wp:attachment":[{"href":"https:\/\/sgp.geodezja.org.pl\/en\/wp-json\/wp\/v2\/media?parent=452"}],"wp:term":[{"taxonomy":"category","embeddable":true,"href":"https:\/\/sgp.geodezja.org.pl\/en\/wp-json\/wp\/v2\/categories?post=452"},{"taxonomy":"post_tag","embeddable":true,"href":"https:\/\/sgp.geodezja.org.pl\/en\/wp-json\/wp\/v2\/tags?post=452"}],"curies":[{"name":"wp","href":"https:\/\/api.w.org\/{rel}","templated":true}]}}