{"id":468,"date":"2014-09-17T22:49:52","date_gmt":"2014-09-17T20:49:52","guid":{"rendered":"https:\/\/2.budowaniestron.pl\/po-xvii-kaliskiej-konferencji-katastralnej-na-temat-ocena-zmian-wprowadzonych-nowymi-uregulowaniami-prawnymi\/"},"modified":"2014-09-17T22:49:52","modified_gmt":"2014-09-17T20:49:52","slug":"po-xvii-kaliskiej-konferencji-katastralnej-na-temat-ocena-zmian-wprowadzonych-nowymi-uregulowaniami-prawnymi","status":"publish","type":"post","link":"https:\/\/sgp.geodezja.org.pl\/en\/po-xvii-kaliskiej-konferencji-katastralnej-na-temat-ocena-zmian-wprowadzonych-nowymi-uregulowaniami-prawnymi\/","title":{"rendered":"Po XVII Kaliskiej Konferencji Katastralnej na temat \u201eOcena zmian wprowadzonych nowymi uregulowaniami prawnymi\u201d"},"content":{"rendered":"<p style=\"text-align: justify;\">W dniach 11 i 12 wrze\u015bnia 2014 r. odby\u0142a si\u0119 XVII Kaliska Konferencja Katastralna. Organizatorami byli: Stowarzyszenie Geodet\u00f3w Polskich (Sekcja Geodezji, Katastru, i Gospodarki Nieruchomo\u015bciami oraz Oddzia\u0142 w Kaliszu), Komitet Geodezji PAN.<\/p>\n<p>  <!--more-->  <\/p>\n<p style=\"text-align: justify;\">W dniach 11 i 12 wrze\u015bnia 2014 r. odby\u0142a si\u0119 XVII Kaliska Konferencja Katastralna. Organizatorami byli: Stowarzyszenie Geodet\u00f3w Polskich (Sekcja Geodezji, Katastru, i Gospodarki Nieruchomo\u015bciami oraz Oddzia\u0142 w Kaliszu), Komitet Geodezji PAN. Konferencj\u0119 zaszczycili swoj\u0105 obecno\u015bci\u0105: Kazimierz Bujakowski \u2011 G\u0142\u00f3wny Geodeta Kraju; Daniel Sztandera \u2011wiceprezydent Miasta Kalisza; prof. Andrzej Hopfer. Uczestnikami spotkania by\u0142a m\u0142odzie\u017c kaliskiej szko\u0142y geodezyjnej. Przyby\u0142ych na konferencj\u0119 przywita\u0142 Jan Ceg\u0142a \u2011 Prezes Stowarzyszenia Geodet\u00f3w Polskich (SGP) w Kaliszu.<\/p>\n<p>\u00a0<img loading=\"lazy\" decoding=\"async\" class=\"size-full wp-image-453\" style=\"margin-right: auto; margin-left: auto; display: block;\" src=\"https:\/\/sgp.geodezja.org.pl\/wp-content\/uploads\/2014\/09\/XVII_Konferencja_Kaliska_2014_5_jasny_1.jpg\" alt=\"\" width=\"200\" height=\"98\" srcset=\"https:\/\/sgp.geodezja.org.pl\/wp-content\/uploads\/2014\/09\/XVII_Konferencja_Kaliska_2014_5_jasny_1.jpg 1500w, https:\/\/sgp.geodezja.org.pl\/wp-content\/uploads\/2014\/09\/XVII_Konferencja_Kaliska_2014_5_jasny_1-800x391.jpg 800w, https:\/\/sgp.geodezja.org.pl\/wp-content\/uploads\/2014\/09\/XVII_Konferencja_Kaliska_2014_5_jasny_1-300x147.jpg 300w, https:\/\/sgp.geodezja.org.pl\/wp-content\/uploads\/2014\/09\/XVII_Konferencja_Kaliska_2014_5_jasny_1-1024x501.jpg 1024w, https:\/\/sgp.geodezja.org.pl\/wp-content\/uploads\/2014\/09\/XVII_Konferencja_Kaliska_2014_5_jasny_1-768x376.jpg 768w, https:\/\/sgp.geodezja.org.pl\/wp-content\/uploads\/2014\/09\/XVII_Konferencja_Kaliska_2014_5_jasny_1-123x60.jpg 123w\" sizes=\"auto, (max-width: 200px) 100vw, 200px\" \/><\/p>\n<p>Prezes SGP Stanis\u0142aw Cegielski, otwieraj\u0105c konferencj\u0119 wskaza\u0142 na jej program, kt\u00f3ry pozwala pokaza\u0107 \u201ewzajemne relacje pomi\u0119dzy przepisami prawa w zakresie katastru nieruchomo\u015bci i ich wp\u0142yw na prac\u0119 administracji i\u00a0wykonawstwa geodezyjnego\u201d. Podkre\u015bli\u0142, \u017ce tematyka XVII Konferencji Kaliskiej zosta\u0142a wzbogacona o\u00a0najbardziej istotne elementy zmian w Ustawie \u201ePrawo geodezyjne i kartograficzne\u2019, wprowadzone Ustaw\u0105 z dnia 5 czerwca 2014 r. \u2018o\u00a0zmianie ustawy \u2013 Prawo geodezyjne i kartograficzne oraz ustawy o post\u0119powaniu egzekucyjnym w\u00a0administracji\u2019. Kataster nieruchomo\u015bci jest rejestrem publicznym zawieraj\u0105cym dane przestrzenne aktualne, dostatecznie dok\u0142adne i obejmuj\u0105ce ca\u0142y obszar kraju. Kataster winien by\u0107 rzetelnie prowadzony, gdy\u017c stanowi referencyjn\u0105 baz\u0105 danych przestrzennych dla pozosta\u0142ych rejestr\u00f3w publicznych. G\u0142\u00f3wny Geodeta Kraju Kazimierz Bujakowski w swoim wyst\u0105pieniu nawi\u0105za\u0142 do tytu\u0142owego has\u0142a konferencji, przedstawi\u0142 plany modernizacji katastru w najbli\u017cszych latach, przypomnia\u0142 podstawy prawne \u201eewidencji grunt\u00f3w i budynk\u00f3w\u201d(egib) i\u00a0wyja\u015bni\u0142 cel, jaki przy\u015bwieca\u0142 wprowadzonym w niej zmianom. Podkre\u015bli\u0142, \u017ce dane zawarte w egib musz\u0105 mie\u0107 posta\u0107 elektroniczn\u0105 pozwalaj\u0105c\u0105 na sprawne i wielostronne ich wykorzystanie. Konferencja sformu\u0142owa\u0142a szereg wniosk\u00f3w, kt\u00f3re wskazuj\u0105 na wiele problem\u00f3w i\u00a0kwestii, kt\u00f3rych rozwi\u0105zanie b\u0119dzie mia\u0142o pozytywny wp\u0142yw na sytuacj\u0119 spo\u0142eczn\u0105 i gospodarcz\u0105 geodezji i geodet\u00f3w.<\/p>\n<p>Obszerniejsza informacja b\u0119dzie zamieszczona we wrze\u015bniowym Przegl\u0105dzie Geodezyjnym.<\/p>\n<p><a href=\"https:\/\/sgp.geodezja.org.pl\/wp-content\/uploads\/2014\/09\/PG_Kalisz_2014_1.pdf\"><span style=\"color: #008000;\">Czytaj wi\u0119cej &gt;&gt;&gt;<\/span><\/a><\/p>\n<p><span style=\"color: #000000;\">Informacje i zdj\u0119cia Stanis\u0142aw Marcin Wili\u0144ski.<\/span><\/p>\n<p>\u00a0<\/p>\n<p>Zobacz prezentacje, kt\u00f3re na Konferencji przedstawili:<\/p>\n<p>\u00a0<\/p>\n<p style=\"padding-left: 60px;\"><span style=\"color: #008000;\"><a href=\"https:\/\/sgp.geodezja.org.pl\/wp-content\/uploads\/2014\/09\/Borys_Krzysztof_EGiB_Kalisz_2014.pdf\">Krzysztof Borys &gt;&gt;&gt;<\/a><\/span><\/p>\n<p style=\"padding-left: 60px;\"><span style=\"color: #008000;\"><a href=\"https:\/\/sgp.geodezja.org.pl\/wp-content\/uploads\/2014\/09\/Bujakowski_Kazimierz_Kalisz_2014.pdf\">Kazimierz Bujakowski &gt;&gt;&gt;<\/a><\/span><\/p>\n<p style=\"padding-left: 60px;\"><span style=\"color: #008000;\"><a href=\"https:\/\/sgp.geodezja.org.pl\/wp-content\/uploads\/2014\/09\/Busko_Malgorzata_Kalisz_2014.pdf\">Ma\u0142gorzata Bu\u015bko &gt;&gt;&gt;<\/a><\/span><\/p>\n<p style=\"padding-left: 60px;\"><span style=\"color: #008000;\"><a href=\"https:\/\/sgp.geodezja.org.pl\/wp-content\/uploads\/2014\/09\/Ciesla_Dariusz_Kalisz_2014.pdf\">Dariusz Cie\u015bla &gt;&gt;&gt;<\/a><\/span><\/p>\n<p style=\"padding-left: 60px;\"><span style=\"color: #008000;\"><a href=\"https:\/\/sgp.geodezja.org.pl\/wp-content\/uploads\/2014\/09\/Jedrzejewski_Henryk_Kalisz_2014.pdf\">Henryk J\u0119drzejewski &gt;&gt;&gt;<\/a><\/span><\/p>\n<p style=\"padding-left: 60px;\"><span style=\"color: #008000;\"><a href=\"https:\/\/sgp.geodezja.org.pl\/wp-content\/uploads\/2014\/09\/Juszczak_Urszula_Kalisz_2014.pdf\">Urszula Jeszczak &gt;&gt;&gt;<\/a><\/span><\/p>\n<p style=\"padding-left: 60px;\"><span style=\"color: #008000;\"><a href=\"https:\/\/sgp.geodezja.org.pl\/wp-content\/uploads\/2014\/09\/Karabin_Marcin_Kalisz_2014.pdf\">Marcin Karabin &gt;&gt;&gt;<\/a><\/span><\/p>\n<p style=\"padding-left: 60px;\"><span style=\"color: #008000;\"><a href=\"https:\/\/sgp.geodezja.org.pl\/wp-content\/uploads\/2014\/09\/Konieczna_Jadwiga_Kalisz_2014.pdf\">Jadwiga Konieczna &gt;&gt;&gt;<\/a><\/span><\/p>\n<p style=\"padding-left: 60px;\"><span style=\"color: #008000;\"><a href=\"https:\/\/sgp.geodezja.org.pl\/wp-content\/uploads\/2014\/09\/PHC_Kalisz_2014.pdf\">Ludmi\u0142a Pietrzak, Andrzej Hopfer, Stanis\u0142aw Cegielski &gt;&gt;&gt;<\/a><\/span><\/p>\n<p style=\"padding-left: 60px;\"><span style=\"color: #008000;\"><a href=\"https:\/\/sgp.geodezja.org.pl\/wp-content\/uploads\/2014\/09\/Pietka_Rafal_Kalisz_2014.pdf\">Rafa\u0142 Pi\u0119tka &gt;&gt;&gt;<\/a><\/span><\/p>\n<p style=\"padding-left: 60px;\"><span style=\"color: #008000;\"><a href=\"https:\/\/sgp.geodezja.org.pl\/wp-content\/uploads\/2014\/09\/Radzio_Witold_Kalisz_2014.pdf\">Witold Radzio &gt;&gt;&gt;<\/a><\/span><\/p>\n<p style=\"padding-left: 60px;\"><span style=\"color: #008000;\"><a href=\"https:\/\/sgp.geodezja.org.pl\/wp-content\/uploads\/2014\/09\/Szafran_Ewa_Kalisz_2014.pdf\">Ewa Szafran &gt;&gt;&gt;<\/a><\/span><\/p>\n<p style=\"padding-left: 60px;\"><span style=\"color: #008000;\"><a href=\"https:\/\/sgp.geodezja.org.pl\/wp-content\/uploads\/2014\/09\/Sztukiewicz_Zadora_Stepczynski_Kalisz_2014.pdf\">Jan Marek Stepczy\u0144ski, Zygmunt Zadora-Paszkowski, Waldemar Sztukiewicz &gt;&gt;&gt;<\/a><\/span><\/p>\n<p>\u00a0<\/p>\n<p style=\"text-align: right;\"><span style=\"color: #000000;\">VK<\/span><\/p>\n<p>\u00a0<\/p>","protected":false},"excerpt":{"rendered":"<p>W dniach 11 i 12 wrze\u015bnia 2014 r. odby\u0142a si\u0119 XVII Kaliska Konferencja Katastralna. Organizatorami byli: Stowarzyszenie Geodet\u00f3w Polskich (Sekcja Geodezji, Katastru, i Gospodarki Nieruchomo\u015bciami oraz Oddzia\u0142 w Kaliszu), Komitet Geodezji PAN.<\/p>","protected":false},"author":2,"featured_media":453,"comment_status":"open","ping_status":"open","sticky":false,"template":"","format":"standard","meta":{"two_page_speed":[],"footnotes":""},"categories":[10],"tags":[],"class_list":["post-468","post","type-post","status-publish","format-standard","has-post-thumbnail","hentry","category-informacje"],"_links":{"self":[{"href":"https:\/\/sgp.geodezja.org.pl\/en\/wp-json\/wp\/v2\/posts\/468","targetHints":{"allow":["GET"]}}],"collection":[{"href":"https:\/\/sgp.geodezja.org.pl\/en\/wp-json\/wp\/v2\/posts"}],"about":[{"href":"https:\/\/sgp.geodezja.org.pl\/en\/wp-json\/wp\/v2\/types\/post"}],"author":[{"embeddable":true,"href":"https:\/\/sgp.geodezja.org.pl\/en\/wp-json\/wp\/v2\/users\/2"}],"replies":[{"embeddable":true,"href":"https:\/\/sgp.geodezja.org.pl\/en\/wp-json\/wp\/v2\/comments?post=468"}],"version-history":[{"count":0,"href":"https:\/\/sgp.geodezja.org.pl\/en\/wp-json\/wp\/v2\/posts\/468\/revisions"}],"wp:featuredmedia":[{"embeddable":true,"href":"https:\/\/sgp.geodezja.org.pl\/en\/wp-json\/wp\/v2\/media\/453"}],"wp:attachment":[{"href":"https:\/\/sgp.geodezja.org.pl\/en\/wp-json\/wp\/v2\/media?parent=468"}],"wp:term":[{"taxonomy":"category","embeddable":true,"href":"https:\/\/sgp.geodezja.org.pl\/en\/wp-json\/wp\/v2\/categories?post=468"},{"taxonomy":"post_tag","embeddable":true,"href":"https:\/\/sgp.geodezja.org.pl\/en\/wp-json\/wp\/v2\/tags?post=468"}],"curies":[{"name":"wp","href":"https:\/\/api.w.org\/{rel}","templated":true}]}}