{"id":482,"date":"2014-09-29T22:08:07","date_gmt":"2014-09-29T20:08:07","guid":{"rendered":"https:\/\/2.budowaniestron.pl\/wnioski-z-xvii-konferencji-naukowo-technicznej-z-cyklu-kataster-nieruchomosci-kalisz-2014-09-29\/"},"modified":"2014-09-29T22:08:07","modified_gmt":"2014-09-29T20:08:07","slug":"wnioski-z-xvii-konferencji-naukowo-technicznej-z-cyklu-kataster-nieruchomosci-kalisz-2014-09-29","status":"publish","type":"post","link":"https:\/\/sgp.geodezja.org.pl\/en\/wnioski-z-xvii-konferencji-naukowo-technicznej-z-cyklu-kataster-nieruchomosci-kalisz-2014-09-29\/","title":{"rendered":"Wnioski z XVII Konferencji Naukowo-Technicznej z cyklu \u201eKataster Nieruchomo\u015bci\u201d Kalisz 2014.09.29"},"content":{"rendered":"<p style=\"text-align: justify;\">W dniu dzisiejszym (29 wrze\u015bnia 2014 r.) wnioski z XVII Konferencji Naukowo-Technicznej z cyklu \u201eKataster Nieruchomo\u015bci\u201d na temat \u201eOcena zmian wprowadzonych nowymi uregulowaniami prawnymi\u201d kt\u00f3ra odby\u0142a si\u0119 w dniach 11-12 wrze\u015bnia 2014 r. w Kaliszu zosta\u0142y przekazane G\u0142\u00f3wnemu Geodecie Kraju.<\/p>\n<p>  <!--more-->  <\/p>\n<p>W dniu dzisiejszym (29 wrze\u015bnia 2014 r.) wnioski z XVII Konferencji Naukowo-Technicznej z cyklu \u201eKataster Nieruchomo\u015bci\u201d na temat \u201eOcena zmian wprowadzonych nowymi uregulowaniami prawnymi\u201d kt\u00f3ra odby\u0142a si\u0119 w dniach 11-12 wrze\u015bnia 2014 r. w Kaliszu zosta\u0142y przekazane G\u0142\u00f3wnemu Geodecie Kraju.<\/p>\n<p>\u00a0<\/p>\n<p><span style=\"color: #008000;\"><a href=\"https:\/\/sgp.geodezja.org.pl\/wp-content\/uploads\/2014\/09\/Wnioski_XVII_Konferencja_Kalisz_2014_pimo_GGK_pod.pdf\">Pismo przekazuj\u0105ce wnioski G\u0142\u00f3wnemu Geodecie Kraju &gt;&gt;&gt;<\/a><\/span><\/p>\n<p><span style=\"color: #008000;\"><a href=\"https:\/\/sgp.geodezja.org.pl\/wp-content\/uploads\/2014\/09\/Wnioski_XVII_Konferencja_Kalisz_2014_1.pdf\">Wnioski do pobrania &gt;&gt;&gt;<\/a><\/span><\/p>\n<p style=\"text-align: right;\">VK<\/p>","protected":false},"excerpt":{"rendered":"<p>W dniu dzisiejszym (29 wrze\u015bnia 2014 r.) wnioski z XVII Konferencji Naukowo-Technicznej z cyklu \u201eKataster Nieruchomo\u015bci\u201d na temat \u201eOcena zmian wprowadzonych nowymi uregulowaniami prawnymi\u201d kt\u00f3ra odby\u0142a si\u0119 w dniach 11-12 wrze\u015bnia 2014 r. w Kaliszu zosta\u0142y przekazane G\u0142\u00f3wnemu Geodecie Kraju.<\/p>","protected":false},"author":2,"featured_media":0,"comment_status":"open","ping_status":"open","sticky":false,"template":"","format":"standard","meta":{"two_page_speed":[],"footnotes":""},"categories":[10],"tags":[],"class_list":["post-482","post","type-post","status-publish","format-standard","hentry","category-informacje"],"_links":{"self":[{"href":"https:\/\/sgp.geodezja.org.pl\/en\/wp-json\/wp\/v2\/posts\/482","targetHints":{"allow":["GET"]}}],"collection":[{"href":"https:\/\/sgp.geodezja.org.pl\/en\/wp-json\/wp\/v2\/posts"}],"about":[{"href":"https:\/\/sgp.geodezja.org.pl\/en\/wp-json\/wp\/v2\/types\/post"}],"author":[{"embeddable":true,"href":"https:\/\/sgp.geodezja.org.pl\/en\/wp-json\/wp\/v2\/users\/2"}],"replies":[{"embeddable":true,"href":"https:\/\/sgp.geodezja.org.pl\/en\/wp-json\/wp\/v2\/comments?post=482"}],"version-history":[{"count":0,"href":"https:\/\/sgp.geodezja.org.pl\/en\/wp-json\/wp\/v2\/posts\/482\/revisions"}],"wp:attachment":[{"href":"https:\/\/sgp.geodezja.org.pl\/en\/wp-json\/wp\/v2\/media?parent=482"}],"wp:term":[{"taxonomy":"category","embeddable":true,"href":"https:\/\/sgp.geodezja.org.pl\/en\/wp-json\/wp\/v2\/categories?post=482"},{"taxonomy":"post_tag","embeddable":true,"href":"https:\/\/sgp.geodezja.org.pl\/en\/wp-json\/wp\/v2\/tags?post=482"}],"curies":[{"name":"wp","href":"https:\/\/api.w.org\/{rel}","templated":true}]}}