{"id":486,"date":"2014-09-30T16:41:39","date_gmt":"2014-09-30T14:41:39","guid":{"rendered":"https:\/\/2.budowaniestron.pl\/seminarium-nt-zmiany-w-przepisach-prawa-dotyczacych-geodezji-i-kartografii-spala-16-18-10-2014\/"},"modified":"2014-09-30T16:41:39","modified_gmt":"2014-09-30T14:41:39","slug":"seminarium-nt-zmiany-w-przepisach-prawa-dotyczacych-geodezji-i-kartografii-spala-16-18-10-2014","status":"publish","type":"post","link":"https:\/\/sgp.geodezja.org.pl\/en\/seminarium-nt-zmiany-w-przepisach-prawa-dotyczacych-geodezji-i-kartografii-spala-16-18-10-2014\/","title":{"rendered":"Seminarium nt.: \u201eZmiany w przepisach prawa dotycz\u0105cych geodezji i kartografii\u201d Spa\u0142a 16-18.10.2014"},"content":{"rendered":"<p>Zarz\u0105d Oddzia\u0142u SGP w \u0141odzi zaprasza wykonawc\u00f3w prac geodezyjnych i pracownik\u00f3w administracji geodezyjnej do wzi\u0119cia udzia\u0142u\u00a0 w corocznym seminarium\u00a0<\/p>\n<p>  <!--more-->  <\/p>\n<p style=\"text-align: center;\">\u00a0Zarz\u0105d Oddzia\u0142u SGP w \u0141odzi<\/p>\n<p style=\"text-align: center;\"><strong>zaprasza wykonawc\u00f3w prac geodezyjnych i pracownik\u00f3w administracji geodezyjnej<\/strong><\/p>\n<p style=\"text-align: center;\"><strong>do wzi\u0119cia udzia\u0142u\u00a0 w corocznym seminarium\u00a0nt.:<\/strong><\/p>\n<p style=\"text-align: center;\"><strong>\u201eZmiany w przepisach prawa dotycz\u0105cych geodezji i kartografii\u201d<\/strong><\/p>\n<p style=\"text-align: center;\"><strong>Termin:\u00a0\u00a0\u00a016-18\u00a0 pa\u017adziernika 2014 r.<\/strong><\/p>\n<p style=\"text-align: center;\"><strong>(czwartek\u00a0\u2013\u00a0sobota)<\/strong><\/p>\n<p style=\"text-align: center;\"><strong>Miejsce seminarium: \u00a0O\u015brodek\u00a0Konferencyjno-Szkoleniowy\u00a0\u00a0\u201eZACISZE\u201d\u00a0w Spale<\/strong><\/p>\n<p style=\"text-align: center;\">(pi\u0119kna miejscowo\u015b\u0107 rekreacyjno-wypoczynkowa po\u0142o\u017cona nad rzek\u0105 Pilic\u0105, oko\u0142o 60 km od \u0141odzi, 106\u00a0km od Warszawy)\u00a0&#8211;\u00a0Spa\u0142a, ul. Pi\u0142sudskiego 20, 97-215 Inow\u0142\u00f3dz<\/p>\n<p style=\"text-align: center;\"><span style=\"color: #008000;\"><strong><a href=\"http:\/\/www.zacisze.spala.pl\/\"><span style=\"color: #008000;\">http:\/\/www.spala.pl\/noclegi\/zacisze\/<\/span><\/a><\/strong><\/span><\/p>\n<p><strong>Koszt uczestnictwa:<\/strong><\/p>\n<p><strong>750 z\u0142\u00a0\/\u00a0osoba<\/strong>\u00a0\u2013<strong> zapytaj o rabaty !<\/strong><\/p>\n<p>Koszt uczestnictwa obejmuje: uczestnictwo w seminarium, noclegi, posi\u0142ki, imprezy towarzysz\u0105ce.<\/p>\n<p>Zg\u0142oszenie udzia\u0142u w formie wype\u0142nionego \u201eFormularza Zg\u0142oszenia\u201d\u00a0prosimy przes\u0142a\u0107\u00a0drog\u0105 pocztow\u0105 na adres:<\/p>\n<p>Zarz\u0105d Oddzia\u0142u Stowarzyszenia Geodet\u00f3w Polskich,<\/p>\n<p>pl. Komuny Paryskiej 5a (budynek NOT)<\/p>\n<p>90-007 \u0141\u00f3d\u017a<\/p>\n<p>lub e-mail :<span style=\"color: #0000ff;\">\u00a0<\/span><a href=\"mailto:lodz@sgp.geodezja.org.pl\">lodz@sgp.geodezja.org.pl<\/a><\/p>\n<p>\u00a0<img loading=\"lazy\" decoding=\"async\" class=\"size-full wp-image-483\" style=\"margin-right: auto; margin-left: auto; display: block;\" src=\"https:\/\/sgp.geodezja.org.pl\/wp-content\/uploads\/2014\/09\/banerspala2014.jpg\" alt=\"\" width=\"215\" height=\"143\" srcset=\"https:\/\/sgp.geodezja.org.pl\/wp-content\/uploads\/2014\/09\/banerspala2014.jpg 900w, https:\/\/sgp.geodezja.org.pl\/wp-content\/uploads\/2014\/09\/banerspala2014-800x532.jpg 800w, https:\/\/sgp.geodezja.org.pl\/wp-content\/uploads\/2014\/09\/banerspala2014-300x200.jpg 300w, https:\/\/sgp.geodezja.org.pl\/wp-content\/uploads\/2014\/09\/banerspala2014-768x511.jpg 768w, https:\/\/sgp.geodezja.org.pl\/wp-content\/uploads\/2014\/09\/banerspala2014-90x60.jpg 90w\" sizes=\"auto, (max-width: 215px) 100vw, 215px\" \/><\/p>\n<p>Informacj\u0119 przekaza\u0142a Joanna Bojko<\/p>\n<p><span style=\"color: #008000;\">\u00a0<\/span><\/p>\n<p><span style=\"color: #008000;\"><span style=\"color: #008000;\"><a href=\"https:\/\/sgp.geodezja.org.pl\/wp-content\/uploads\/2014\/09\/formularz_spala2014.doc\">Formularz Zg\u0142oszenia &gt;&gt;&gt;<\/a><\/span><\/span><\/p>\n<p><span style=\"color: #008000;\"><a href=\"https:\/\/sgp.geodezja.org.pl\/wp-content\/uploads\/2014\/09\/spala_2014_program.pdf\">Program Szkolenia &gt;&gt;&gt;<\/a><\/span><\/p>\n<p><span style=\"color: #008000;\">\u00a0<\/span><\/p>\n<p style=\"text-align: right;\">VK<\/p>","protected":false},"excerpt":{"rendered":"<p>Zarz\u0105d Oddzia\u0142u SGP w \u0141odzi zaprasza wykonawc\u00f3w prac geodezyjnych i pracownik\u00f3w administracji geodezyjnej do wzi\u0119cia udzia\u0142u\u00a0 w corocznym seminarium\u00a0<\/p>","protected":false},"author":2,"featured_media":483,"comment_status":"open","ping_status":"open","sticky":false,"template":"","format":"standard","meta":{"two_page_speed":[],"footnotes":""},"categories":[10],"tags":[],"class_list":["post-486","post","type-post","status-publish","format-standard","has-post-thumbnail","hentry","category-informacje"],"_links":{"self":[{"href":"https:\/\/sgp.geodezja.org.pl\/en\/wp-json\/wp\/v2\/posts\/486","targetHints":{"allow":["GET"]}}],"collection":[{"href":"https:\/\/sgp.geodezja.org.pl\/en\/wp-json\/wp\/v2\/posts"}],"about":[{"href":"https:\/\/sgp.geodezja.org.pl\/en\/wp-json\/wp\/v2\/types\/post"}],"author":[{"embeddable":true,"href":"https:\/\/sgp.geodezja.org.pl\/en\/wp-json\/wp\/v2\/users\/2"}],"replies":[{"embeddable":true,"href":"https:\/\/sgp.geodezja.org.pl\/en\/wp-json\/wp\/v2\/comments?post=486"}],"version-history":[{"count":0,"href":"https:\/\/sgp.geodezja.org.pl\/en\/wp-json\/wp\/v2\/posts\/486\/revisions"}],"wp:featuredmedia":[{"embeddable":true,"href":"https:\/\/sgp.geodezja.org.pl\/en\/wp-json\/wp\/v2\/media\/483"}],"wp:attachment":[{"href":"https:\/\/sgp.geodezja.org.pl\/en\/wp-json\/wp\/v2\/media?parent=486"}],"wp:term":[{"taxonomy":"category","embeddable":true,"href":"https:\/\/sgp.geodezja.org.pl\/en\/wp-json\/wp\/v2\/categories?post=486"},{"taxonomy":"post_tag","embeddable":true,"href":"https:\/\/sgp.geodezja.org.pl\/en\/wp-json\/wp\/v2\/tags?post=486"}],"curies":[{"name":"wp","href":"https:\/\/api.w.org\/{rel}","templated":true}]}}