{"id":489,"date":"2014-10-02T20:50:12","date_gmt":"2014-10-02T18:50:12","guid":{"rendered":"https:\/\/2.budowaniestron.pl\/zebranie-zarzadu-glownego-stowarzyszenia-geodetow-polskich\/"},"modified":"2014-10-02T20:50:12","modified_gmt":"2014-10-02T18:50:12","slug":"zebranie-zarzadu-glownego-stowarzyszenia-geodetow-polskich","status":"publish","type":"post","link":"https:\/\/sgp.geodezja.org.pl\/en\/zebranie-zarzadu-glownego-stowarzyszenia-geodetow-polskich\/","title":{"rendered":"Zebranie Zarz\u0105du G\u0142\u00f3wnego Stowarzyszenia Geodet\u00f3w Polskich 30 wrze\u015bnia 2014 r."},"content":{"rendered":"<p>Dnia 30 wrze\u015bnia 2014\u00a0r. odby\u0142o si\u0119 zebranie Zarz\u0105du G\u0142\u00f3wnego Stowarzyszenia Geodet\u00f3w Polskich<\/p>\n<p>  <!--more-->  <\/p>\n<p style=\"text-align: justify;\">Dnia 30 wrze\u015bnia 2014\u00a0r. odby\u0142o si\u0119 zebranie Zarz\u0105du G\u0142\u00f3wnego Stowarzyszenia Geodet\u00f3w Polskich,\u00a0w Warszawie, w Domu Technika NOT, ul. Czackiego 3\/5. Przyby\u0142ych powita\u0142 Prezes Stanis\u0142aw Cegielski podzi\u0119kowa\u0142 za przyj\u0119cie zaproszenia na spotkanie: profesorom: Zdzis\u0142awowi Adamczewskiemu, Bogdanowi Neyowi, Wojciechowi Wilkowskiemu oraz reprezentuj\u0105cemu G\u0142\u00f3wnego Geodet\u0119 Kraju Witoldowi Radzio. Przywita\u0142 Cz\u0142onk\u00f3w Honorowych SGP z Jerzym Piotrowskim. Przed rozpocz\u0119ciem obrad medal SGP \u201eW dow\u00f3d uznania\u201d uroczy\u015bcie wr\u0119czono Mieczys\u0142awowi Gabryszewskiemu. Podczas zebrania om\u00f3wiono dzia\u0142alno\u015b\u0107 Stowarzyszenia w okresie od czerwca br.: wydarzenia, kt\u00f3re si\u0119 w tym czasie odby\u0142y \u2013 konferencje, szkolenia, wycieczki, rajd goniometru\u2026, dyskutowano na temat nowych unormowa\u0144 prawnych w\u00a0geodezji, kontynuowano spraw\u0119 w\u0142\u0105czenia si\u0119 ZG SGP w dyskusj\u0119 o samorz\u0105dzie zawodowym geodet\u00f3w.<\/p>\n<p>\u00a0<img loading=\"lazy\" decoding=\"async\" class=\"size-full wp-image-487\" style=\"margin-right: auto; margin-left: auto; display: block;\" src=\"https:\/\/sgp.geodezja.org.pl\/wp-content\/uploads\/2014\/10\/zdjecie_do_tekstu.jpg\" alt=\"\" width=\"200\" height=\"61\" srcset=\"https:\/\/sgp.geodezja.org.pl\/wp-content\/uploads\/2014\/10\/zdjecie_do_tekstu.jpg 1050w, https:\/\/sgp.geodezja.org.pl\/wp-content\/uploads\/2014\/10\/zdjecie_do_tekstu-800x245.jpg 800w, https:\/\/sgp.geodezja.org.pl\/wp-content\/uploads\/2014\/10\/zdjecie_do_tekstu-300x92.jpg 300w, https:\/\/sgp.geodezja.org.pl\/wp-content\/uploads\/2014\/10\/zdjecie_do_tekstu-1024x313.jpg 1024w, https:\/\/sgp.geodezja.org.pl\/wp-content\/uploads\/2014\/10\/zdjecie_do_tekstu-768x235.jpg 768w, https:\/\/sgp.geodezja.org.pl\/wp-content\/uploads\/2014\/10\/zdjecie_do_tekstu-160x49.jpg 160w\" sizes=\"auto, (max-width: 200px) 100vw, 200px\" \/><\/p>\n<p>\u00a0\u00a0<span style=\"color: #008000;\"><a href=\"https:\/\/sgp.geodezja.org.pl\/wp-content\/uploads\/2014\/10\/ZG_SGP_30092014.pdf\">Obszerniejsza relacja &gt;&gt;&gt;<\/a><\/span><\/p>\n<p>\u00a0Informacje i zdj\u0119cia Stanis\u0142aw Marcin Wili\u0144ski\u00a0<\/p>\n<p style=\"text-align: right;\">VK<\/p>","protected":false},"excerpt":{"rendered":"<p>Dnia 30 wrze\u015bnia 2014\u00a0r. odby\u0142o si\u0119 zebranie Zarz\u0105du G\u0142\u00f3wnego Stowarzyszenia Geodet\u00f3w Polskich<\/p>","protected":false},"author":2,"featured_media":487,"comment_status":"open","ping_status":"open","sticky":false,"template":"","format":"standard","meta":{"two_page_speed":[],"footnotes":""},"categories":[10],"tags":[],"class_list":["post-489","post","type-post","status-publish","format-standard","has-post-thumbnail","hentry","category-informacje"],"_links":{"self":[{"href":"https:\/\/sgp.geodezja.org.pl\/en\/wp-json\/wp\/v2\/posts\/489","targetHints":{"allow":["GET"]}}],"collection":[{"href":"https:\/\/sgp.geodezja.org.pl\/en\/wp-json\/wp\/v2\/posts"}],"about":[{"href":"https:\/\/sgp.geodezja.org.pl\/en\/wp-json\/wp\/v2\/types\/post"}],"author":[{"embeddable":true,"href":"https:\/\/sgp.geodezja.org.pl\/en\/wp-json\/wp\/v2\/users\/2"}],"replies":[{"embeddable":true,"href":"https:\/\/sgp.geodezja.org.pl\/en\/wp-json\/wp\/v2\/comments?post=489"}],"version-history":[{"count":0,"href":"https:\/\/sgp.geodezja.org.pl\/en\/wp-json\/wp\/v2\/posts\/489\/revisions"}],"wp:featuredmedia":[{"embeddable":true,"href":"https:\/\/sgp.geodezja.org.pl\/en\/wp-json\/wp\/v2\/media\/487"}],"wp:attachment":[{"href":"https:\/\/sgp.geodezja.org.pl\/en\/wp-json\/wp\/v2\/media?parent=489"}],"wp:term":[{"taxonomy":"category","embeddable":true,"href":"https:\/\/sgp.geodezja.org.pl\/en\/wp-json\/wp\/v2\/categories?post=489"},{"taxonomy":"post_tag","embeddable":true,"href":"https:\/\/sgp.geodezja.org.pl\/en\/wp-json\/wp\/v2\/tags?post=489"}],"curies":[{"name":"wp","href":"https:\/\/api.w.org\/{rel}","templated":true}]}}