{"id":491,"date":"2014-10-03T21:38:20","date_gmt":"2014-10-03T19:38:20","guid":{"rendered":"https:\/\/2.budowaniestron.pl\/obchody-dnia-geodety-w-oddziale-rzeszowskim-stowarzyszenia-geodetow-polskich-6-7-wrzesnia-2014-r\/"},"modified":"2014-10-03T21:38:20","modified_gmt":"2014-10-03T19:38:20","slug":"obchody-dnia-geodety-w-oddziale-rzeszowskim-stowarzyszenia-geodetow-polskich-6-7-wrzesnia-2014-r","status":"publish","type":"post","link":"https:\/\/sgp.geodezja.org.pl\/en\/obchody-dnia-geodety-w-oddziale-rzeszowskim-stowarzyszenia-geodetow-polskich-6-7-wrzesnia-2014-r\/","title":{"rendered":"Obchody \u201eDnia Geodety\u201d w Oddziale Rzeszowskim Stowarzyszenia Geodet\u00f3w Polskich 6-7 wrze\u015bnia 2014 r."},"content":{"rendered":"<p style=\"text-align: justify;\">XVII obchody \u201eDnia Geodety\u201d w Oddziale Rzeszowskim odby\u0142y si\u0119 w dniach 6\u00a0&#8211;\u00a07 wrze\u015bnia 2014\u00a0r. w Muszynie-Z\u0142ockiem, woj. ma\u0142opolskie, w o\u015brodku wypoczynkowym GEOVITA.<\/p>\n<p>  <!--more-->  <\/p>\n<p style=\"text-align: justify;\">XVII obchody \u201eDnia Geodety\u201d w Oddziale Rzeszowskim odby\u0142y si\u0119 w dniach 6 &#8211; 7 wrze\u015bnia 2014 r. w Muszynie-Z\u0142ockiem, woj. ma\u0142opolskie, w o\u015brodku wypoczynkowym GEOVITA. W spotkaniu uczestniczy\u0142o 50 geodet\u00f3w z rodzinami.<\/p>\n<p><img loading=\"lazy\" decoding=\"async\" class=\"size-full wp-image-490\" style=\"margin-right: auto; margin-left: auto; display: block;\" src=\"https:\/\/sgp.geodezja.org.pl\/wp-content\/uploads\/2014\/10\/IMG_4147.jpg\" alt=\"\" width=\"200\" height=\"133\" srcset=\"https:\/\/sgp.geodezja.org.pl\/wp-content\/uploads\/2014\/10\/IMG_4147.jpg 949w, https:\/\/sgp.geodezja.org.pl\/wp-content\/uploads\/2014\/10\/IMG_4147-800x534.jpg 800w, https:\/\/sgp.geodezja.org.pl\/wp-content\/uploads\/2014\/10\/IMG_4147-300x200.jpg 300w, https:\/\/sgp.geodezja.org.pl\/wp-content\/uploads\/2014\/10\/IMG_4147-768x513.jpg 768w, https:\/\/sgp.geodezja.org.pl\/wp-content\/uploads\/2014\/10\/IMG_4147-90x60.jpg 90w\" sizes=\"auto, (max-width: 200px) 100vw, 200px\" \/><\/p>\n<p style=\"text-align: justify;\">Podczas wycieczki zwiedzano: XI-wieczny Ko\u015bci\u00f3\u0142ekw Tropiu pw. \u015awi\u0119tych Andrzeja \u015awierada i\u00a0Benedykta, zapor\u0119 wodn\u0105 na Dunajcu w Ro\u017cnowie, odwiedzono Krynic\u0119 Zdr\u00f3j. Przewodnikiem po trasie przejazdu by\u0142 Kol. Zdzis\u0142aw Ob\u0142\u00f3j. Prezes Krzysztof Cisek wr\u0119czy\u0142 Odznaki Honorowe SGP Kolegom: Andrzejowi Trojnarowi &#8211; Z\u0142ot\u0105 i Rados\u0142awowi Motyce &#8211; Srebrn\u0105. Uczestnicy wzi\u0119li udzia\u0142 w kolacji biesiadnej i licznych konkursach.<\/p>\n<p>Obszerniejsza relacja uka\u017ce si\u0119 w Przegl\u0105dzie Geodezyjnym.<\/p>\n<p>Informacj\u0119 i zdj\u0119cia przekaza\u0142a Marta Rupar.<\/p>\n<p style=\"text-align: right;\">VK<\/p>\n<p>\u00a0<\/p>\n<p style=\"text-align: right;\">\u00a0<\/p>","protected":false},"excerpt":{"rendered":"<p>XVII obchody \u201eDnia Geodety\u201d w Oddziale Rzeszowskim odby\u0142y si\u0119 w dniach 6\u00a0&#8211;\u00a07 wrze\u015bnia 2014\u00a0r. w Muszynie-Z\u0142ockiem, woj. ma\u0142opolskie, w o\u015brodku wypoczynkowym GEOVITA.<\/p>","protected":false},"author":2,"featured_media":490,"comment_status":"open","ping_status":"open","sticky":false,"template":"","format":"standard","meta":{"two_page_speed":[],"footnotes":""},"categories":[10],"tags":[],"class_list":["post-491","post","type-post","status-publish","format-standard","has-post-thumbnail","hentry","category-informacje"],"_links":{"self":[{"href":"https:\/\/sgp.geodezja.org.pl\/en\/wp-json\/wp\/v2\/posts\/491","targetHints":{"allow":["GET"]}}],"collection":[{"href":"https:\/\/sgp.geodezja.org.pl\/en\/wp-json\/wp\/v2\/posts"}],"about":[{"href":"https:\/\/sgp.geodezja.org.pl\/en\/wp-json\/wp\/v2\/types\/post"}],"author":[{"embeddable":true,"href":"https:\/\/sgp.geodezja.org.pl\/en\/wp-json\/wp\/v2\/users\/2"}],"replies":[{"embeddable":true,"href":"https:\/\/sgp.geodezja.org.pl\/en\/wp-json\/wp\/v2\/comments?post=491"}],"version-history":[{"count":0,"href":"https:\/\/sgp.geodezja.org.pl\/en\/wp-json\/wp\/v2\/posts\/491\/revisions"}],"wp:featuredmedia":[{"embeddable":true,"href":"https:\/\/sgp.geodezja.org.pl\/en\/wp-json\/wp\/v2\/media\/490"}],"wp:attachment":[{"href":"https:\/\/sgp.geodezja.org.pl\/en\/wp-json\/wp\/v2\/media?parent=491"}],"wp:term":[{"taxonomy":"category","embeddable":true,"href":"https:\/\/sgp.geodezja.org.pl\/en\/wp-json\/wp\/v2\/categories?post=491"},{"taxonomy":"post_tag","embeddable":true,"href":"https:\/\/sgp.geodezja.org.pl\/en\/wp-json\/wp\/v2\/tags?post=491"}],"curies":[{"name":"wp","href":"https:\/\/api.w.org\/{rel}","templated":true}]}}