{"id":498,"date":"2014-10-10T10:28:55","date_gmt":"2014-10-10T08:28:55","guid":{"rendered":"https:\/\/2.budowaniestron.pl\/po-xx-miedzynarodowych-polsko-czesko-slowackich-dniach-geodezji-berlin-2014-r\/"},"modified":"2014-10-10T10:28:55","modified_gmt":"2014-10-10T08:28:55","slug":"po-xx-miedzynarodowych-polsko-czesko-slowackich-dniach-geodezji-berlin-2014-r","status":"publish","type":"post","link":"https:\/\/sgp.geodezja.org.pl\/en\/po-xx-miedzynarodowych-polsko-czesko-slowackich-dniach-geodezji-berlin-2014-r\/","title":{"rendered":"Po XX Mi\u0119dzynarodowych Polsko-Czesko-S\u0142owackich Dniach Geodezji &#8211; Berlin 2014 r."},"content":{"rendered":"<p>Jubileuszowe XX Mi\u0119dzynarodowe Polsko-Czesko-S\u0142owackie Dni Geodezji odby\u0142y si\u0119 6\u00a0\u2011\u00a08\u00a0pa\u017adziernika 2014\u00a0r. w Berlinie. Stowarzyszenie Geodet\u00f3w Polskich, we wsp\u00f3\u0142pracy z berli\u0144skim oddzia\u0142em stowarzyszenia geodet\u00f3w niemieckich, zorganizowa\u0142o spotkanie reprezentant\u00f3w geodet\u00f3w polskich, czeskich i s\u0142owackich, byli tak\u017ce przedstawiciele geodet\u00f3w ukrai\u0144skich i niemieckich.<\/p>\n<p>  <!--more-->  <\/p>\n<p style=\"text-align: justify;\">Jubileuszowe XX Mi\u0119dzynarodowe Polsko-Czesko-S\u0142owackie Dni Geodezji odby\u0142y si\u0119 6\u00a0\u2011\u00a08\u00a0pa\u017adziernika 2014\u00a0r. w Berlinie. Stowarzyszenie Geodet\u00f3w Polskich, we wsp\u00f3\u0142pracy z berli\u0144skim oddzia\u0142em stowarzyszenia geodet\u00f3w niemieckich, zorganizowa\u0142o spotkanie reprezentant\u00f3w geodet\u00f3w polskich, czeskich i s\u0142owackich, byli tak\u017ce przedstawiciele geodet\u00f3w ukrai\u0144skich i niemieckich. Konferencj\u0119 otworzy\u0142 Stanis\u0142aw Cegielski Prezes Stowarzyszenia Geodet\u00f3w Polskich. W spotkaniu uczestniczyli szefowie s\u0142u\u017cby geodezyjnej S\u0142owacji, Czech i Polski: Maria Frindrichowa, Karel Ve\u010de\u0159e oraz Kazimierz Bujakowski.<\/p>\n<p><img loading=\"lazy\" decoding=\"async\" class=\"size-full wp-image-492\" style=\"margin-right: auto; margin-left: auto; display: block;\" src=\"https:\/\/sgp.geodezja.org.pl\/wp-content\/uploads\/2014\/10\/XX_Dni_PCS_Berlin_2014_2-scaled.jpg\" alt=\"\" width=\"200\" height=\"105\" srcset=\"https:\/\/sgp.geodezja.org.pl\/wp-content\/uploads\/2014\/10\/XX_Dni_PCS_Berlin_2014_2-scaled.jpg 2560w, https:\/\/sgp.geodezja.org.pl\/wp-content\/uploads\/2014\/10\/XX_Dni_PCS_Berlin_2014_2-scaled-800x420.jpg 800w, https:\/\/sgp.geodezja.org.pl\/wp-content\/uploads\/2014\/10\/XX_Dni_PCS_Berlin_2014_2-300x157.jpg 300w, https:\/\/sgp.geodezja.org.pl\/wp-content\/uploads\/2014\/10\/XX_Dni_PCS_Berlin_2014_2-1024x537.jpg 1024w, https:\/\/sgp.geodezja.org.pl\/wp-content\/uploads\/2014\/10\/XX_Dni_PCS_Berlin_2014_2-768x403.jpg 768w, https:\/\/sgp.geodezja.org.pl\/wp-content\/uploads\/2014\/10\/XX_Dni_PCS_Berlin_2014_2-1536x806.jpg 1536w, https:\/\/sgp.geodezja.org.pl\/wp-content\/uploads\/2014\/10\/XX_Dni_PCS_Berlin_2014_2-2048x1075.jpg 2048w, https:\/\/sgp.geodezja.org.pl\/wp-content\/uploads\/2014\/10\/XX_Dni_PCS_Berlin_2014_2-1920x1008.jpg 1920w, https:\/\/sgp.geodezja.org.pl\/wp-content\/uploads\/2014\/10\/XX_Dni_PCS_Berlin_2014_2-114x60.jpg 114w\" sizes=\"auto, (max-width: 200px) 100vw, 200px\" \/><\/p>\n<p style=\"text-align: justify;\">Prezes Stanis\u0142aw Cegielski, w asystencji Wiceprezesa\u00a0prof. Andrzeja Pachuty wr\u0119czy\u0142 Hans-Gerd Beckerowi &#8211; przewodnicz\u0105cemu berli\u0144skiego oddzia\u0142u zwi\u0105zku geodet\u00f3w niemieckich medal \u201eAmigo Societas\u201d nadany przez Prezydium Zarz\u0105du G\u0142\u00f3wnego Stowarzyszenia Geodet\u00f3w Polskich.<\/p>\n<p><img loading=\"lazy\" decoding=\"async\" class=\"size-full wp-image-493\" style=\"margin-right: auto; margin-left: auto; display: block;\" src=\"https:\/\/sgp.geodezja.org.pl\/wp-content\/uploads\/2014\/10\/Dni_pcs_do_tekstu.jpg\" alt=\"\" width=\"200\" height=\"119\" srcset=\"https:\/\/sgp.geodezja.org.pl\/wp-content\/uploads\/2014\/10\/Dni_pcs_do_tekstu.jpg 1049w, https:\/\/sgp.geodezja.org.pl\/wp-content\/uploads\/2014\/10\/Dni_pcs_do_tekstu-800x477.jpg 800w, https:\/\/sgp.geodezja.org.pl\/wp-content\/uploads\/2014\/10\/Dni_pcs_do_tekstu-300x179.jpg 300w, https:\/\/sgp.geodezja.org.pl\/wp-content\/uploads\/2014\/10\/Dni_pcs_do_tekstu-1024x610.jpg 1024w, https:\/\/sgp.geodezja.org.pl\/wp-content\/uploads\/2014\/10\/Dni_pcs_do_tekstu-768x458.jpg 768w\" sizes=\"auto, (max-width: 200px) 100vw, 200px\" \/><\/p>\n<p style=\"text-align: justify;\">Tematyk\u0119 obrad podzielono na sze\u015b\u0107 sesji:<\/p>\n<p>1. Wdra\u017canie Dyrektywy \u201eInspire\u201d w Polsce, Czechach, S\u0142owacji i Niemczech,<\/p>\n<p>2. Integracja danych geodezyjnych w ramach Infrastruktury Informacji Przestrzennej w\u00a0Europie,<\/p>\n<p>3. Standaryzacja Uk\u0142ad\u00f3w Odniesienia w Europie,<\/p>\n<p>4. Rozw\u00f3j wzajemnych kontakt\u00f3w i kooperacja w dziedzinie geodezji,<\/p>\n<p>5. Uprawnienia Geodezyjne na tle innych pa\u0144stw w Europie,<\/p>\n<p>6. Szkolnictwo geodezyjne, dokszta\u0142canie zawodowe.<\/p>\n<p>Uczestnicy zwiedzili r\u00f3wnie\u017c\u00a0mi\u0119dzynarodowe targi geodezyjne \u201eINTERGEO\u201d<\/p>\n<p>\u00a0<\/p>\n<p>Prezentacje:<\/p>\n<p><a href=\"https:\/\/sgp.geodezja.org.pl\/wp-content\/uploads\/2014\/10\/INSPIRE_w_dzialaniach_GUGiK-_v4_ost.pdf\">G\u0142\u00f3wny Geodeta Kraju Kazimierz Bujakowski &#8211; Polska &gt;&gt;&gt;<\/a><\/p>\n<p><span style=\"color: #008000;\"><a href=\"https:\/\/sgp.geodezja.org.pl\/wp-content\/uploads\/2014\/10\/CZINSPIRE_K_Vecere.pdf\">G\u0142\u00f3wny Geodeta Kraju Karel Ve\u010de\u0159e &#8211; Czechy &gt;&gt;&gt;<\/a><\/span><\/p>\n<p><span style=\"color: #008000;\"><a href=\"https:\/\/sgp.geodezja.org.pl\/wp-content\/uploads\/2014\/10\/Prezentacja_M_Frindrichowa_Berlin_2014.pdf\">G\u0142\u00f3wny Geodeta Kraju M\u00e1ria Frindrichov\u00e1 &#8211; S\u0142owacja &gt;&gt;&gt;<\/a><\/span><\/p>\n<p style=\"text-align: left;\">\u00a0<\/p>\n<p style=\"text-align: left;\">Sponsorem g\u0142\u00f3wnym XX Mi\u0119dzynarodowych Polsko-Czesko-S\u0142owackich Dni Geodezji by\u0142a firma\u00a0<a href=\"http:\/\/www.geomax-positioning.com\/\"><span style=\"color: #008000;\">GeoMax International GmbH<\/span>.<\/a><\/p>\n<p><a href=\"http:\/\/www.geomax-positioning.com\/\"><img loading=\"lazy\" decoding=\"async\" class=\"size-full wp-image-428\" style=\"margin-right: auto; margin-left: auto; display: block;\" src=\"https:\/\/sgp.geodezja.org.pl\/wp-content\/uploads\/2014\/08\/Geomax_logo.jpg\" alt=\"\" width=\"200\" height=\"59\" srcset=\"https:\/\/sgp.geodezja.org.pl\/wp-content\/uploads\/2014\/08\/Geomax_logo.jpg 413w, https:\/\/sgp.geodezja.org.pl\/wp-content\/uploads\/2014\/08\/Geomax_logo-300x89.jpg 300w, https:\/\/sgp.geodezja.org.pl\/wp-content\/uploads\/2014\/08\/Geomax_logo-160x47.jpg 160w\" sizes=\"auto, (max-width: 200px) 100vw, 200px\" \/><\/a><\/p>\n<p><span style=\"color: #008000;\"><a href=\"https:\/\/sgp.geodezja.org.pl\/wp-content\/uploads\/2014\/10\/XX_Dni_Geodezji_Berlin_2014.pdf\">Czytaj wi\u0119cej &gt;&gt;&gt;<\/a><\/span><\/p>\n<p>Obszerniejsza informacja b\u0119dzie zamieszczona w Przegl\u0105dzie Geodezyjnym.<\/p>\n<p>\u00a0<\/p>\n<p>Informacje i zdj\u0119cia Stanis\u0142aw Marcin Wili\u0144ski.<\/p>\n<p style=\"text-align: right;\">VK<\/p>","protected":false},"excerpt":{"rendered":"<p>Jubileuszowe XX Mi\u0119dzynarodowe Polsko-Czesko-S\u0142owackie Dni Geodezji odby\u0142y si\u0119 6\u00a0\u2011\u00a08\u00a0pa\u017adziernika 2014\u00a0r. w Berlinie. Stowarzyszenie Geodet\u00f3w Polskich, we wsp\u00f3\u0142pracy z berli\u0144skim oddzia\u0142em stowarzyszenia geodet\u00f3w niemieckich, zorganizowa\u0142o spotkanie reprezentant\u00f3w geodet\u00f3w polskich, czeskich i s\u0142owackich, byli tak\u017ce przedstawiciele geodet\u00f3w ukrai\u0144skich i niemieckich.<\/p>","protected":false},"author":2,"featured_media":492,"comment_status":"open","ping_status":"open","sticky":false,"template":"","format":"standard","meta":{"two_page_speed":[],"footnotes":""},"categories":[10],"tags":[],"class_list":["post-498","post","type-post","status-publish","format-standard","has-post-thumbnail","hentry","category-informacje"],"_links":{"self":[{"href":"https:\/\/sgp.geodezja.org.pl\/en\/wp-json\/wp\/v2\/posts\/498","targetHints":{"allow":["GET"]}}],"collection":[{"href":"https:\/\/sgp.geodezja.org.pl\/en\/wp-json\/wp\/v2\/posts"}],"about":[{"href":"https:\/\/sgp.geodezja.org.pl\/en\/wp-json\/wp\/v2\/types\/post"}],"author":[{"embeddable":true,"href":"https:\/\/sgp.geodezja.org.pl\/en\/wp-json\/wp\/v2\/users\/2"}],"replies":[{"embeddable":true,"href":"https:\/\/sgp.geodezja.org.pl\/en\/wp-json\/wp\/v2\/comments?post=498"}],"version-history":[{"count":0,"href":"https:\/\/sgp.geodezja.org.pl\/en\/wp-json\/wp\/v2\/posts\/498\/revisions"}],"wp:featuredmedia":[{"embeddable":true,"href":"https:\/\/sgp.geodezja.org.pl\/en\/wp-json\/wp\/v2\/media\/492"}],"wp:attachment":[{"href":"https:\/\/sgp.geodezja.org.pl\/en\/wp-json\/wp\/v2\/media?parent=498"}],"wp:term":[{"taxonomy":"category","embeddable":true,"href":"https:\/\/sgp.geodezja.org.pl\/en\/wp-json\/wp\/v2\/categories?post=498"},{"taxonomy":"post_tag","embeddable":true,"href":"https:\/\/sgp.geodezja.org.pl\/en\/wp-json\/wp\/v2\/tags?post=498"}],"curies":[{"name":"wp","href":"https:\/\/api.w.org\/{rel}","templated":true}]}}