{"id":499,"date":"2014-10-14T10:01:47","date_gmt":"2014-10-14T08:01:47","guid":{"rendered":"https:\/\/2.budowaniestron.pl\/materialy-z-konferencji-w-pogorzelicy-udostepnione\/"},"modified":"2014-10-14T10:01:47","modified_gmt":"2014-10-14T08:01:47","slug":"materialy-z-konferencji-w-pogorzelicy-udostepnione","status":"publish","type":"post","link":"https:\/\/sgp.geodezja.org.pl\/en\/materialy-z-konferencji-w-pogorzelicy-udostepnione\/","title":{"rendered":"Materia\u0142y z konferencji w Pogorzelicy udost\u0119pnione"},"content":{"rendered":"<p>W dniach 25-27 wrze\u015bnia 2014 roku w Pogorzelicy odby\u0142a si\u0119 konferencja nt. &#8222;Prawo geodezyjne w spo\u0142ecze\u0144stwie obywatelskim&#8221;, zorganizowana przez Zachodniopomorski Oddzia\u0142 Geodezyjnej Izby Gospodarczej.<\/p>\n<p>  <!--more-->  <\/p>\n<p>W dniach 25-27 wrze\u015bnia 2014 roku w Pogorzelicy odby\u0142a si\u0119 konferencja nt. &#8222;Prawo geodezyjne w spo\u0142ecze\u0144stwie obywatelskim&#8221;, zorganizowana przez Zachodniopomorski Oddzia\u0142 Geodezyjnej Izby Gospodarczej.<\/p>\n<p>Na konferencji zosta\u0142y wyg\u0142oszone nast\u0119puj\u0105ce referaty:<\/p>\n<p>01. Micha\u0142 Wojtkiewicz &#8222;O geodezji w Sejmie RP&#8221;.<\/p>\n<p>02. Stefan Balcer &#8222;Dorobek i bie\u017c\u0105ce zagadnienia cyklu konferencji w Pogorzelicy&#8221;.<\/p>\n<p>03. Adam Klimek &#8222;Problemy prawne i organizacyjne katastru w \u015bwietle regulacji prawnych z 2014 r.&#8221;.&#8221;Ocena zmian ustawy Prawo geodezyjne i kartograficzne&#8221;.<\/p>\n<p>04. Marcin Sosi\u0144ski &#8222;Problemy powiatowej s\u0142u\u017cby geodezyjnej i kartograficznej wynikaj\u0105ce z nowelizacji prawa w 2014 r.&#8221;.<\/p>\n<p>05. Ewa Ko\u0142\u0142\u0105taj &#8222;Rzeczywiste problemy projektant\u00f3w z produktami geodet\u00f3w na tle obowi\u0105zuj\u0105cych przepis\u00f3w i praktyki organ\u00f3w samorz\u0105dowych, uzgodnie\u0144 bran\u017cowych, odbior\u00f3w inwestycji itp.&#8221;.<\/p>\n<p>06. Stefan Balcer &#8222;Tajemnica przedsi\u0119biorstwa a pa\u0144stwowy zas\u00f3b geodezyjny i kartograficzny.&#8221;.<\/p>\n<p>07. Leica, Geosystems, Geotronics TPI &#8211; Komercyjne sieci referencyjne.<\/p>\n<p>08. Andrzej Paluch &#8222;Mi\u0119dzynarodowe standardy pomiar\u00f3w nieruchomo\u015bci.&#8221;.<\/p>\n<p>09. Waldemar Izdebski &#8222;Wp\u0142yw nowych regulacji prawnych na funkcjonowanie Powiatowych O\u015brodk\u00f3w Dokumentacji Geodezyjnej i Kartograficznej.&#8221;.<\/p>\n<p>10. Stefan Balcer &#8222;Wykonywanie map do cel\u00f3w projektowych przez sektor prywatny w Niemczech.&#8221;.<\/p>\n<p>\u00a0<\/p>\n<p><a href=\"http:\/\/www.geodezja-szczecin.org.pl\/stara_strona\/Konferencje\/Konf2014\/index2014.html\">Referaty &gt;&gt;&gt;<\/a><\/p>\n<p>\u00a0<\/p>\n<p>Wnioski z konferencji, ukierunkowane na piln\u0105 potrzeb\u0119 zmian w prawie geodezyjnym obowi\u0105zuj\u0105cym od 12 lipca b. r., opublikowane zosta\u0142y przez Stefana Balcer na stronie <a href=\"http:\/\/geoforum.pl\/?page=news&amp;id=18565&amp;link=jakie-wnioski-z-konferencji-w-pogorzelicy-&amp;menu=46812,46820\">geoforum\u00a0&gt;&gt;&gt;<\/a><\/p>\n<p>\u00a0<\/p>\n<p>R\u0141<\/p>","protected":false},"excerpt":{"rendered":"<p>W dniach 25-27 wrze\u015bnia 2014 roku w Pogorzelicy odby\u0142a si\u0119 konferencja nt. &#8222;Prawo geodezyjne w spo\u0142ecze\u0144stwie obywatelskim&#8221;, zorganizowana przez Zachodniopomorski Oddzia\u0142 Geodezyjnej Izby Gospodarczej.<\/p>","protected":false},"author":2,"featured_media":0,"comment_status":"open","ping_status":"open","sticky":false,"template":"","format":"standard","meta":{"two_page_speed":[],"footnotes":""},"categories":[10],"tags":[],"class_list":["post-499","post","type-post","status-publish","format-standard","hentry","category-informacje"],"_links":{"self":[{"href":"https:\/\/sgp.geodezja.org.pl\/en\/wp-json\/wp\/v2\/posts\/499","targetHints":{"allow":["GET"]}}],"collection":[{"href":"https:\/\/sgp.geodezja.org.pl\/en\/wp-json\/wp\/v2\/posts"}],"about":[{"href":"https:\/\/sgp.geodezja.org.pl\/en\/wp-json\/wp\/v2\/types\/post"}],"author":[{"embeddable":true,"href":"https:\/\/sgp.geodezja.org.pl\/en\/wp-json\/wp\/v2\/users\/2"}],"replies":[{"embeddable":true,"href":"https:\/\/sgp.geodezja.org.pl\/en\/wp-json\/wp\/v2\/comments?post=499"}],"version-history":[{"count":0,"href":"https:\/\/sgp.geodezja.org.pl\/en\/wp-json\/wp\/v2\/posts\/499\/revisions"}],"wp:attachment":[{"href":"https:\/\/sgp.geodezja.org.pl\/en\/wp-json\/wp\/v2\/media?parent=499"}],"wp:term":[{"taxonomy":"category","embeddable":true,"href":"https:\/\/sgp.geodezja.org.pl\/en\/wp-json\/wp\/v2\/categories?post=499"},{"taxonomy":"post_tag","embeddable":true,"href":"https:\/\/sgp.geodezja.org.pl\/en\/wp-json\/wp\/v2\/tags?post=499"}],"curies":[{"name":"wp","href":"https:\/\/api.w.org\/{rel}","templated":true}]}}