{"id":506,"date":"2014-10-22T14:15:38","date_gmt":"2014-10-22T12:15:38","guid":{"rendered":"https:\/\/2.budowaniestron.pl\/forum-debaty-publicznej-gdzie-chcemy-zyc-krajobraz-polski-w-palacu-prezydenckim\/"},"modified":"2014-10-22T14:15:38","modified_gmt":"2014-10-22T12:15:38","slug":"forum-debaty-publicznej-gdzie-chcemy-zyc-krajobraz-polski-w-palacu-prezydenckim","status":"publish","type":"post","link":"https:\/\/sgp.geodezja.org.pl\/en\/forum-debaty-publicznej-gdzie-chcemy-zyc-krajobraz-polski-w-palacu-prezydenckim\/","title":{"rendered":"Forum Debaty Publicznej GDZIE CHCEMY \u017bY\u0106 \u2013 KRAJOBRAZ POLSKI w Pa\u0142acu Prezydenckim"},"content":{"rendered":"<p style=\"text-align: justify;\">W dniu 21 pa\u017adziernika odby\u0142a si\u0119 konferencja zorganizowana przez Kancelari\u0119 Prezydenta Rzeczpospolitej Polskiej z udzia\u0142em Pana Prezydenta Rzeczpospolitej Polski Bronis\u0142awa Komorowskiego i Ministra Stanu w Kancelarii Prezydenta Pana Olgierda Dzieko\u0144skiego.<\/p>\n<p>  <!--more-->  <\/p>\n<p style=\"text-align: justify;\">W dniu 21 pa\u017adziernika odby\u0142a si\u0119 konferencja zorganizowana przez Kancelari\u0119 Prezydenta Rzeczpospolitej Polskiej z udzia\u0142em Pana Prezydenta Rzeczpospolitej Polski Bronis\u0142awa Komorowskiego i Ministra Stanu w Kancelarii Prezydenta Pana Olgierda Dzieko\u0144skiego.<\/p>\n<p><img loading=\"lazy\" decoding=\"async\" class=\"size-full wp-image-504\" style=\"margin-right: auto; margin-left: auto; display: block;\" src=\"https:\/\/sgp.geodezja.org.pl\/wp-content\/uploads\/2014\/10\/1.jpg\" alt=\"\" width=\"200\" height=\"120\" srcset=\"https:\/\/sgp.geodezja.org.pl\/wp-content\/uploads\/2014\/10\/1.jpg 800w, https:\/\/sgp.geodezja.org.pl\/wp-content\/uploads\/2014\/10\/1-300x180.jpg 300w, https:\/\/sgp.geodezja.org.pl\/wp-content\/uploads\/2014\/10\/1-768x461.jpg 768w, https:\/\/sgp.geodezja.org.pl\/wp-content\/uploads\/2014\/10\/1-100x60.jpg 100w\" sizes=\"auto, (max-width: 200px) 100vw, 200px\" \/><\/p>\n<p style=\"text-align: justify;\">Debacie przewodniczy\u0142 Pan Minister Olgierd Dzieko\u0144ski. Wprowadzenia do debaty dokona\u0142 Senator RP. Pan Janusz Sepio\u0142, kt\u00f3ry przedstawi\u0142 rekomendacje dotycz\u0105ce:<\/p>\n<p>-zarz\u0105dzania jako\u015bci\u0105 przestrzeni w skali regionalnej;<\/p>\n<p>&#8211; ochrony zasob\u00f3w krajobrazowych;<\/p>\n<p>&#8211; zarz\u0105dzania jako\u015bci\u0105 przestrzeni w skali lokalnej;<\/p>\n<p>&#8211; rozwoju obszar\u00f3w wiejskich;<\/p>\n<p>&#8211; poprawy jako\u015bci architektury i kszta\u0142towania przestrzeni publicznej;<\/p>\n<p>&#8211; rewitalizacji i odnowy miast;<\/p>\n<p>&#8211; udzia\u0142u mieszka\u0144c\u00f3w w zarz\u0105dzaniu przestrzeni\u0105.<\/p>\n<p style=\"text-align: justify;\">Po prezentacji odby\u0142a si\u0119 dyskusja w ramach, kt\u00f3rej zwracano uwag\u0119 na piln\u0105 potrzeb\u0119 likwidacji decyzji o warunkach zabudowy i zagospodarowania terenu, kt\u00f3re psuj\u0105 przestrze\u0144 i powoduj\u0105 du\u017ce obci\u0105\u017cenia gmin w zwi\u0105zku z konieczno\u015bci\u0105 budowy dr\u00f3g i uzbrojenia terenu w infrastruktur\u0119 techniczn\u0105 a je\u017celi ju\u017c musz\u0105 by\u0107 wydawane, to powinny, by\u0107 zwi\u0105zane ze studium uwarunkowa\u0144 i kierunk\u00f3w zagospodarowania, a nie istnie\u0107 jako samodzielne byty. Wypowiadano si\u0119 r\u00f3wnie\u017c o:<\/p>\n<p>&#8211; potrzebie uproszczenia procedury wykonania miejscowych plan\u00f3w zagospodarowania przestrzennego;<\/p>\n<p>&#8211; edukacji m\u0142odzie\u017cy a nawet dzieci ju\u017c od przedszkola w zakresie patrzenia na przestrze\u0144 ze zrozumieniem;<\/p>\n<p>&#8211; tym, \u017ce urbani\u015bci \u017ale planuj\u0105 przestrze\u0144, a powinni wsp\u00f3\u0142pracowa\u0107 ze specjalistami od krajobrazu, zabytk\u00f3w &#8230;&#8230;<\/p>\n<p>Przedstawiono wyniki konkursu Towarzystwa Urbanist\u00f3w Polskich na najlepiej zagospodarowan\u0105 przestrze\u0144 publiczn\u0105 w Polsce i wr\u0119czono wyr\u00f3\u017cnienia.<\/p>\n<p><img loading=\"lazy\" decoding=\"async\" class=\"size-full wp-image-505\" style=\"margin-right: auto; margin-left: auto; display: block;\" src=\"https:\/\/sgp.geodezja.org.pl\/wp-content\/uploads\/2014\/10\/2.jpg\" alt=\"\" width=\"200\" height=\"120\" srcset=\"https:\/\/sgp.geodezja.org.pl\/wp-content\/uploads\/2014\/10\/2.jpg 800w, https:\/\/sgp.geodezja.org.pl\/wp-content\/uploads\/2014\/10\/2-300x180.jpg 300w, https:\/\/sgp.geodezja.org.pl\/wp-content\/uploads\/2014\/10\/2-768x461.jpg 768w, https:\/\/sgp.geodezja.org.pl\/wp-content\/uploads\/2014\/10\/2-100x60.jpg 100w\" sizes=\"auto, (max-width: 200px) 100vw, 200px\" \/><\/p>\n<p>W debacie uczestniczyli przedstawiciele rz\u0105du, samorz\u0105d\u00f3w, urbani\u015bci, architekci, budowla\u0144cy. Zaproszono r\u00f3wnie\u017c do udzia\u0142u Prezesa\u00a0Stowarzyszenia Geodet\u00f3w Polskich\u00a0Kol. Stanis\u0142awa Cegielskiego kt\u00f3ry wzi\u0105\u0142 udzia\u0142 w debacie.<\/p>\n<p>Informacje przygotowa\u0142 Stanis\u0142aw Cegielski.<\/p>\n<p style=\"text-align: right;\">VK<\/p>","protected":false},"excerpt":{"rendered":"<p>W dniu 21 pa\u017adziernika odby\u0142a si\u0119 konferencja zorganizowana przez Kancelari\u0119 Prezydenta Rzeczpospolitej Polskiej z udzia\u0142em Pana Prezydenta Rzeczpospolitej Polski Bronis\u0142awa Komorowskiego i Ministra Stanu w Kancelarii Prezydenta Pana Olgierda Dzieko\u0144skiego.<\/p>","protected":false},"author":2,"featured_media":504,"comment_status":"open","ping_status":"open","sticky":false,"template":"","format":"standard","meta":{"two_page_speed":[],"footnotes":""},"categories":[10],"tags":[],"class_list":["post-506","post","type-post","status-publish","format-standard","has-post-thumbnail","hentry","category-informacje"],"_links":{"self":[{"href":"https:\/\/sgp.geodezja.org.pl\/en\/wp-json\/wp\/v2\/posts\/506","targetHints":{"allow":["GET"]}}],"collection":[{"href":"https:\/\/sgp.geodezja.org.pl\/en\/wp-json\/wp\/v2\/posts"}],"about":[{"href":"https:\/\/sgp.geodezja.org.pl\/en\/wp-json\/wp\/v2\/types\/post"}],"author":[{"embeddable":true,"href":"https:\/\/sgp.geodezja.org.pl\/en\/wp-json\/wp\/v2\/users\/2"}],"replies":[{"embeddable":true,"href":"https:\/\/sgp.geodezja.org.pl\/en\/wp-json\/wp\/v2\/comments?post=506"}],"version-history":[{"count":0,"href":"https:\/\/sgp.geodezja.org.pl\/en\/wp-json\/wp\/v2\/posts\/506\/revisions"}],"wp:featuredmedia":[{"embeddable":true,"href":"https:\/\/sgp.geodezja.org.pl\/en\/wp-json\/wp\/v2\/media\/504"}],"wp:attachment":[{"href":"https:\/\/sgp.geodezja.org.pl\/en\/wp-json\/wp\/v2\/media?parent=506"}],"wp:term":[{"taxonomy":"category","embeddable":true,"href":"https:\/\/sgp.geodezja.org.pl\/en\/wp-json\/wp\/v2\/categories?post=506"},{"taxonomy":"post_tag","embeddable":true,"href":"https:\/\/sgp.geodezja.org.pl\/en\/wp-json\/wp\/v2\/tags?post=506"}],"curies":[{"name":"wp","href":"https:\/\/api.w.org\/{rel}","templated":true}]}}