{"id":515,"date":"2014-10-27T13:13:40","date_gmt":"2014-10-27T12:13:40","guid":{"rendered":"https:\/\/2.budowaniestron.pl\/xxii-jesienna-szkola-geodezji-wroclaw-2014-r\/"},"modified":"2014-10-27T13:13:40","modified_gmt":"2014-10-27T12:13:40","slug":"xxii-jesienna-szkola-geodezji-wroclaw-2014-r","status":"publish","type":"post","link":"https:\/\/sgp.geodezja.org.pl\/en\/xxii-jesienna-szkola-geodezji-wroclaw-2014-r\/","title":{"rendered":"XXII JESIENNA SZKO\u0141A GEODEZJI \u2013 Wroc\u0142aw 2014 r."},"content":{"rendered":"<p style=\"text-align: justify;\">W dniach 22-23 wrze\u015bnia 2014\u00a0r. odby\u0142a si\u0119 we Wroc\u0142awiu konferencja ,,XXII\u00a0JESIENNA SZKO\u0141A GEODEZJI\u201d zorganizowana przez Instytut Geodezji i\u00a0Geoinformatyki Uniwersytetu Przyrodniczego we Wroc\u0142awiu, Politechnik\u0119 Wroc\u0142awsk\u0105 i\u00a0Stowarzyszenie Geodet\u00f3w Polskich Oddzia\u0142 we Wroc\u0142awiu.\u00a0<\/p>\n<p>  <!--more-->  <\/p>\n<p>\u00a0W dniach 22-23 wrze\u015bnia 2014\u00a0r. odby\u0142a si\u0119 we Wroc\u0142awiu konferencja <strong>,,XXII\u00a0JESIENNA SZKO\u0141A<\/strong> <strong>GEODEZJI\u201d<\/strong> zorganizowana przez Instytut Geodezji i\u00a0Geoinformatyki Uniwersytetu Przyrodniczego we Wroc\u0142awiu, Politechnik\u0119 Wroc\u0142awsk\u0105 i\u00a0Stowarzyszenie Geodet\u00f3w Polskich Oddzia\u0142 we Wroc\u0142awiu.<\/p>\n<p>,,XXII Jesienn\u0105 Szko\u0142\u0119 Geodezji\u201d otworzy\u0142a Prezes Oddzia\u0142u SGP we Wroc\u0142awiu Bo\u017cena Tabisz.<\/p>\n<p>Zaproszonych Go\u015bci i uczestnik\u00f3w konferencji powita\u0142 Profesor Andrzej Borkowski \u2011 Dyrektor Instytutu Geodezji i Geoinformatyki.<\/p>\n<p>\u00a0By\u0142a to sesja jubileuszowa po\u015bwi\u0119cona:<\/p>\n<p><strong>\u201e40-leciu bada\u0144 geodynamicznych na obszarze Dolnego \u015al\u0105ska\u201d<\/strong><\/p>\n<p>oraz<\/p>\n<p><strong>,,45-leciu pracy zawodowej Profesora Doktora Habilitowanego Stefana Caconia\u201d<\/strong><\/p>\n<p><strong>\u00a0<img loading=\"lazy\" decoding=\"async\" class=\"size-full wp-image-511\" style=\"margin-right: auto; margin-left: auto; display: block;\" src=\"https:\/\/sgp.geodezja.org.pl\/wp-content\/uploads\/2014\/10\/DSC_5060.jpg\" alt=\"\" width=\"1024\" height=\"680\" srcset=\"https:\/\/sgp.geodezja.org.pl\/wp-content\/uploads\/2014\/10\/DSC_5060.jpg 1024w, https:\/\/sgp.geodezja.org.pl\/wp-content\/uploads\/2014\/10\/DSC_5060-800x531.jpg 800w, https:\/\/sgp.geodezja.org.pl\/wp-content\/uploads\/2014\/10\/DSC_5060-300x199.jpg 300w, https:\/\/sgp.geodezja.org.pl\/wp-content\/uploads\/2014\/10\/DSC_5060-768x510.jpg 768w, https:\/\/sgp.geodezja.org.pl\/wp-content\/uploads\/2014\/10\/DSC_5060-90x60.jpg 90w\" sizes=\"auto, (max-width: 1024px) 100vw, 1024px\" \/><\/strong><\/p>\n<p>\u00a0<\/p>\n<p style=\"text-align: center;\"><img loading=\"lazy\" decoding=\"async\" class=\"size-full wp-image-512\" src=\"https:\/\/sgp.geodezja.org.pl\/wp-content\/uploads\/2014\/10\/DSC_5086.jpg\" alt=\"\" width=\"200\" height=\"158\" srcset=\"https:\/\/sgp.geodezja.org.pl\/wp-content\/uploads\/2014\/10\/DSC_5086.jpg 970w, https:\/\/sgp.geodezja.org.pl\/wp-content\/uploads\/2014\/10\/DSC_5086-800x633.jpg 800w, https:\/\/sgp.geodezja.org.pl\/wp-content\/uploads\/2014\/10\/DSC_5086-300x238.jpg 300w, https:\/\/sgp.geodezja.org.pl\/wp-content\/uploads\/2014\/10\/DSC_5086-768x608.jpg 768w\" sizes=\"auto, (max-width: 200px) 100vw, 200px\" \/><\/p>\n<p>Referat po\u015bwi\u0119cony ,,40-leciu bada\u0144 geodynamicznych na obszarze Dolnego \u015al\u0105ska\u201d wyg\u0142osi\u0142 Jubilat Prof. dr hab. Stefan Caco\u0144.<\/p>\n<p style=\"text-align: justify;\">Nast\u0119pnie prowadz\u0105cy konferencj\u0119 dr Krzysztof M\u0105kolski przedstawi\u0142 sylwetk\u0119 JUBILATA \u2011 od wczesnego dzieci\u0144stwa uwieczniony slajdami, przez szko\u0142\u0119 \u015bredni\u0105 i prac\u0119 na uczelni, kt\u00f3r\u0105 rozpocz\u0105\u0142 w 1967r. bezpo\u015brednio po studiach. Stopie\u0144 naukowy doktora nauk technicznych uzyska\u0142 w 1972 roku, a doktora habilitowanego w roku 1981. Tytu\u0142 profesora nauk technicznych otrzyma\u0142 w 1992 roku. Z Jego dzia\u0142alno\u015bci\u0105 naukowo-dydaktyczn\u0105 w Akademii Rolniczej we Wroc\u0142awiu wi\u0105\u017c\u0105 si\u0119 kolejne awanse na stanowiska: adiunkta (1973), docenta (1985), profesora nadzwyczajnego (1991) i\u00a0profesora zwyczajnego (1999). G\u0142\u00f3wne zainteresowania dydaktyczne (wyk\u0142ady i\u00a0\u0107wiczenia) skupi\u0142 na geodezji wy\u017cszej i geodezji satelitarnej. Wieloletni, wyr\u00f3\u017cniaj\u0105cy si\u0119 opiekun Ko\u0142a Naukowego Geodet\u00f3w. Stworzy\u0142 wroc\u0142awsk\u0105 szko\u0142\u0119 bada\u0144 geodynamicznych. Uczestniczy\u0142 w licznych mi\u0119dzynarodowych kongresach, konferencjach sympozjach i seminariach. Kierowa\u0142 4 grantami KBN i grantem Komisji Europejskiej w\u00a0ramach Akcji COST 625. Dorobek naukowy stanowi ponad 150 publikacji, 1 skrypt, 3 podr\u0119czniki i 3 patenty. Wypromowa\u0142 4 doktor\u00f3w oraz opiekowa\u0142 si\u0119 ponad 60 pracami dyplomowymi.<\/p>\n<p style=\"text-align: justify;\">Za dzia\u0142alno\u015b\u0107 naukow\u0105, dydaktyczn\u0105 i spo\u0142eczn\u0105 otrzyma\u0142 wiele odznacze\u0144 pa\u0144stwowych i resortowych, a w tym: Z\u0142oty Krzy\u017c Zas\u0142ugi, Medal Komisji Edukacji Narodowej, Z\u0142ote Odznaki ZNP, NOT i SGP a w 2011r. odznak\u0119 diamentow\u0105, 6 nagr\u00f3d Ministra i wiele nagr\u00f3d Rektora.<\/p>\n<p style=\"text-align: justify;\">Podzi\u0119kowaniom i \u017cyczeniom kierowanym do Jubilata nie by\u0142o ko\u0144ca.<\/p>\n<p style=\"text-align: center;\"><img loading=\"lazy\" decoding=\"async\" class=\"size-full wp-image-513\" src=\"https:\/\/sgp.geodezja.org.pl\/wp-content\/uploads\/2014\/10\/DSC_5241.jpg\" alt=\"\" width=\"200\" height=\"106\" srcset=\"https:\/\/sgp.geodezja.org.pl\/wp-content\/uploads\/2014\/10\/DSC_5241.jpg 1024w, https:\/\/sgp.geodezja.org.pl\/wp-content\/uploads\/2014\/10\/DSC_5241-800x425.jpg 800w, https:\/\/sgp.geodezja.org.pl\/wp-content\/uploads\/2014\/10\/DSC_5241-300x159.jpg 300w, https:\/\/sgp.geodezja.org.pl\/wp-content\/uploads\/2014\/10\/DSC_5241-768x408.jpg 768w\" sizes=\"auto, (max-width: 200px) 100vw, 200px\" \/><\/p>\n<p style=\"text-align: center;\"><img loading=\"lazy\" decoding=\"async\" class=\"size-full wp-image-514\" src=\"https:\/\/sgp.geodezja.org.pl\/wp-content\/uploads\/2014\/10\/DSC_5245.jpg\" alt=\"\" width=\"200\" height=\"173\" srcset=\"https:\/\/sgp.geodezja.org.pl\/wp-content\/uploads\/2014\/10\/DSC_5245.jpg 886w, https:\/\/sgp.geodezja.org.pl\/wp-content\/uploads\/2014\/10\/DSC_5245-800x693.jpg 800w, https:\/\/sgp.geodezja.org.pl\/wp-content\/uploads\/2014\/10\/DSC_5245-300x260.jpg 300w, https:\/\/sgp.geodezja.org.pl\/wp-content\/uploads\/2014\/10\/DSC_5245-768x666.jpg 768w\" sizes=\"auto, (max-width: 200px) 100vw, 200px\" \/><\/p>\n<p style=\"text-align: justify;\">Prof. Stefan Caco\u0144 jest nieprzerwanie cz\u0142onkiem SGP od momentu uko\u0144czenia studi\u00f3w, a\u00a0ju\u017c w 1968 zosta\u0142 wybrany Przewodnicz\u0105cym Ko\u0142a SGP przy \u00f3wczesnej Wy\u017cszej Szkole Rolniczej we Wroc\u0142awiu, kt\u00f3r\u0105 to funkcj\u0119 pe\u0142ni\u0142 z wielkim oddaniem do 1986r. Rezygnacj\u0119 z tej funkcji z\u0142o\u017cy\u0142 po wyborze w roku 1986 na Prezesa Oddzia\u0142u Wroc\u0142awskiego, kt\u00f3rym by\u0142 do 1989r, a w kadencji 1989-1992 zosta\u0142 wybrany v-prezesem Oddzia\u0142u. Jako wieloletni cz\u0142onek Komisji Nauki i Techniki przy Zarz\u0105dzie Oddzia\u0142u Wroc\u0142awskiego SGP by\u0142 animatorem i prelegentem <strong>Dnia Geodezji<\/strong> wramach Wroc\u0142awskich Dni Nauki i\u00a0Techniki NOT. Mimo wielu zaj\u0119\u0107 naukowych i dydaktycznych w dalszym ci\u0105gu aktywnie wsp\u00f3\u0142pracuje z Zarz\u0105dem Oddzia\u0142u.<\/p>\n<p style=\"text-align: justify;\">W dniu 24 czerwca 2014r Zarz\u0105d G\u0142\u00f3wny SGP za ca\u0142okszta\u0142t pracy naukowej, dydaktycznej a nade wszystko w Stowarzyszeniu Geodet\u00f3w Polskich nada\u0142 prof.\u00a0Dr\u00a0hab.\u00a0Stefanowi Caconiowi medal <strong>,,W DOW\u00d3D UZNANIA\u201d.<\/strong> Medal wr\u0119czy\u0142 Jubilatowi obecny na konferencji Prezes Zarz\u0105du G\u0142\u00f3wnego SGP Stanis\u0142aw Cegielski.<\/p>\n<p>\u00a0Po uroczysto\u015bciach przyst\u0105piono do sesji naukowej.<\/p>\n<p>Tematy referat\u00f3w:<\/p>\n<p>1.\u00a0Krzysztof M\u0105kolski, Miros\u0142aw Kacza\u0142ek \u2011 Badania Geodezyjne realizowane dla obiekt\u00f3w przyrody nieo\u017cywionej na wybranych obszarach Dolnego \u015al\u0105ska.<\/p>\n<p>2.\u00a0Bernard Kontny \u2011 Wsp\u00f3\u0142czesna geodynamika Sudet\u00f3w i Przedg\u00f3rza Sudeckiego \u2011 projekty GESUD I i GESUD II.<\/p>\n<p>3.\u00a0Vladimir Schenk \u2011 Mobilno\u015b\u0107 g\u0142\u00f3wnych stref tektonicznych na obszarze Sudet\u00f3w polskich i czeskich \u2011 projekt Sudety.<\/p>\n<p>4.\u00a0\u015avabensky Otakar, Josef Waigel &#8211; Badania wsp\u00f3\u0142czesnych ruch\u00f3w geodynamicznych w rejonie Masywu \u015anie\u017cnika K\u0142odzkiego realizowane w ramach wsp\u00f3\u0142pracy Instytutu Geodezji Uniwersytetu Technicznego z Brna z Instytutem Geodezji i Geoinformatyki Uniwersytetu Przyrodniczego we Wroc\u0142awiu.<\/p>\n<p><strong>\u00a0<\/strong>Drugi dzie\u0144 ,,XXII Jesiennej Szko\u0142y Geodezji\u201d sk\u0142ada\u0142 si\u0119 z trzech sesji referatowych.<\/p>\n<p>\u00a0I sesja:<\/p>\n<p>1.\u00a0Mucharska A. \u2011 Budynek jako obiekt bazy danych ewidencji grunt\u00f3w i budynk\u00f3w. \u2011 Referat Dolno\u015bl\u0105skiego Wojew\u00f3dzkiego Inspektora Nadzoru Geodezyjnego i\u00a0Kartograficznego.<\/p>\n<p>2.\u00a0B\u0119cek K. \u2011 Copernicus Sentinel: Najnowszy program zobrazowania powierzchni Ziemi oraz jego znaczenie dla rozwoju fotogrametrii i teledetekcji w Polsce i na \u015bwiecie.<\/p>\n<p>3.\u00a0Mr\u00f3wczy\u0144ska M. \u2011 Identyfikacja parametr\u00f3w modelu liniowego i nieliniowego sieci kinetycznej pomiarowo-kontrolnej.<\/p>\n<p>4.\u00a0Bana\u015b M. \u2011 Empiryczne testy metod estymacji odpornej w kontek\u015bcie wyr\u00f3wnania obserwacji i wyznaczenia przemieszcze\u0144 punkt\u00f3w okresowo obserwowanych sieci geodezyjnych.<\/p>\n<p>5.\u00a0Siejka Z. -Badanie dok\u0142adno\u015bci precyzyjnego pozycjonowania GNSS, w czasie rzeczywistym za pomoc\u0105 technologii RTX XFILL.<\/p>\n<p>II sesja referatowa:<\/p>\n<p>6.\u00a0Goszczy\u0144ska A. \u2011 Wykorzystanie system\u00f3w \u015bwiat\u0142owodowych w pracach geodezyjnych.<\/p>\n<p>7.\u00a0M\u0105kolski K., Grzeja O. \u2011 Badania deformacji przestrzennych stalowych konstrukcji wysmuk\u0142ych.<\/p>\n<p>8.\u00a0Warchala E. \u2011 Wykorzystanie geodezyjnych pomiar\u00f3w deformacji do opracowania modelu odkszta\u0142ce\u0144 g\u00f3rotworu w rejonie filar\u00f3w ochronnych.<\/p>\n<p>9.\u00a0Kaczorowski M., Aleksandrowski P., J\u00f3\u017awik M., Szczerbowski Z. \u2011 Nowe perspektywy bada\u0144 tektonicznych w Laboratorium Geodynamicznym w Ksi\u0105\u017cu.<\/p>\n<p>10.\u00a0Szczerbowski Z., Kaczorowski M., J\u00f3\u017awik M., Zdunek R. \u2011 Podziemny monitoring mobilnych tektonicznie obszar\u00f3w w ramach projektu badawczego konsorcjum AGH-CBK-KS Bochnia, jako nowy wymiar bada\u0144 geodynamicznych.<\/p>\n<p>\u00a0III sesja referatowa by\u0142a prowadzona przez SGP wsp\u00f3\u0142organizator\u00f3w Bo\u017cen\u0119 Tabisz i\u00a0Stanis\u0142awa Cegielskiego.<\/p>\n<p>11.\u00a0Kowalczyk M. \u2011 Suburbanizacja a rynek grunt\u00f3w budowlanych w strefie podmiejskiej Wroc\u0142awia.<\/p>\n<p>12.\u00a0M\u0105kolski K., Kacza\u0142ek M., Bury G., \u0141otecki A. \u2011 Wybrane zagadnienia zwi\u0105zane z\u00a0wyznaczaniem po\u0142o\u017cenia granic nieruchomo\u015bci.<\/p>\n<p>13.\u00a0Andrzejczak K., R\u00f3\u017cak A. \u2011 Ocena mo\u017cliwo\u015bci wykorzystania danych Informatycznego Systemu Os\u0142ony Kraju na potrzeby sprawdzenia aktualno\u015bci i aktualizacji ewidencji w\u00a0zakresie informacji o budynkach i u\u017cytkach le\u015bnych.<\/p>\n<p>14.\u00a0Sowa W., M\u0105kolski K. \u2011 Ouo Vadis Geodezjo \u2011 om\u00f3wienie wybranych przepis\u00f3w zawartych w nowym prawodawstwie dotycz\u0105cym zagadnie\u0144 zwi\u0105zanych z\u00a0wykonawstwem geodezyjnym.<\/p>\n<p>Podsumowanie konferencji, obrad:<\/p>\n<p>Referaty by\u0142y bardzo ciekawe i interesuj\u0105ce, dyskusja podsumowuj\u0105ca trwa\u0142a bardzo d\u0142ugo.<\/p>\n<p>Prelegenci jak i uczestnicy uznali by Jesienna Szko\u0142a Geodezji mia\u0142a charakter ci\u0105g\u0142y.<\/p>\n<p>\u00a0\u00a0<\/p>\n<p>Informacj\u0119 i zdj\u0119cia przekaza\u0142a: Katarzyna Cirko<\/p>\n<p style=\"text-align: right;\">\u00a0VK<\/p>","protected":false},"excerpt":{"rendered":"<p>W dniach 22-23 wrze\u015bnia 2014\u00a0r. odby\u0142a si\u0119 we Wroc\u0142awiu konferencja ,,XXII\u00a0JESIENNA SZKO\u0141A GEODEZJI\u201d zorganizowana przez Instytut Geodezji i\u00a0Geoinformatyki Uniwersytetu Przyrodniczego we Wroc\u0142awiu, Politechnik\u0119 Wroc\u0142awsk\u0105 i\u00a0Stowarzyszenie Geodet\u00f3w Polskich Oddzia\u0142 we Wroc\u0142awiu.\u00a0<\/p>","protected":false},"author":2,"featured_media":511,"comment_status":"open","ping_status":"open","sticky":false,"template":"","format":"standard","meta":{"two_page_speed":[],"footnotes":""},"categories":[10],"tags":[],"class_list":["post-515","post","type-post","status-publish","format-standard","has-post-thumbnail","hentry","category-informacje"],"_links":{"self":[{"href":"https:\/\/sgp.geodezja.org.pl\/en\/wp-json\/wp\/v2\/posts\/515","targetHints":{"allow":["GET"]}}],"collection":[{"href":"https:\/\/sgp.geodezja.org.pl\/en\/wp-json\/wp\/v2\/posts"}],"about":[{"href":"https:\/\/sgp.geodezja.org.pl\/en\/wp-json\/wp\/v2\/types\/post"}],"author":[{"embeddable":true,"href":"https:\/\/sgp.geodezja.org.pl\/en\/wp-json\/wp\/v2\/users\/2"}],"replies":[{"embeddable":true,"href":"https:\/\/sgp.geodezja.org.pl\/en\/wp-json\/wp\/v2\/comments?post=515"}],"version-history":[{"count":0,"href":"https:\/\/sgp.geodezja.org.pl\/en\/wp-json\/wp\/v2\/posts\/515\/revisions"}],"wp:featuredmedia":[{"embeddable":true,"href":"https:\/\/sgp.geodezja.org.pl\/en\/wp-json\/wp\/v2\/media\/511"}],"wp:attachment":[{"href":"https:\/\/sgp.geodezja.org.pl\/en\/wp-json\/wp\/v2\/media?parent=515"}],"wp:term":[{"taxonomy":"category","embeddable":true,"href":"https:\/\/sgp.geodezja.org.pl\/en\/wp-json\/wp\/v2\/categories?post=515"},{"taxonomy":"post_tag","embeddable":true,"href":"https:\/\/sgp.geodezja.org.pl\/en\/wp-json\/wp\/v2\/tags?post=515"}],"curies":[{"name":"wp","href":"https:\/\/api.w.org\/{rel}","templated":true}]}}