{"id":531,"date":"2014-11-07T09:03:35","date_gmt":"2014-11-07T08:03:35","guid":{"rendered":"https:\/\/2.budowaniestron.pl\/ogolnopolska-konferencja-naukowa-pt-gis-dzis-krakow-17-18-listopada-2014-r\/"},"modified":"2014-11-07T09:03:35","modified_gmt":"2014-11-07T08:03:35","slug":"ogolnopolska-konferencja-naukowa-pt-gis-dzis-krakow-17-18-listopada-2014-r","status":"publish","type":"post","link":"https:\/\/sgp.geodezja.org.pl\/en\/ogolnopolska-konferencja-naukowa-pt-gis-dzis-krakow-17-18-listopada-2014-r\/","title":{"rendered":"Og\u00f3lnopolska Konferencja Naukowa pt. &#8222;GIS Dzi\u015b&#8221;, Krak\u00f3w, 17-18 listopada 2014 r."},"content":{"rendered":"<p style=\"text-align: justify;\">W dniach 17-18 listopada 2014 r. na Uniwersytecie Pedagogicznym w Krakowie odb\u0119dzie si\u0119 Og\u00f3lnopolska Konferencja Naukowa pt. &#8222;GIS Dzi\u015b&#8221;.<\/p>\n<p>  <!--more-->  <\/p>\n<p style=\"text-align: justify;\">W dniach 17-18 listopada 2014 r. na Uniwersytecie Pedagogicznym w Krakowie odb\u0119dzie si\u0119 Og\u00f3lnopolska Konferencja Naukowa pt. &#8222;GIS Dzi\u015b&#8221;.<\/p>\n<p>Celem drugiego ju\u017c spotkania organizowanego przez Studenckie Ko\u0142o Naukowe Geograf\u00f3w i Instytut Geografii Uniwersytetu Pedagogicznego im. KEN w Krakowie b\u0119dzie prezentacja najnowszych narz\u0119dzi geoinformacyjnych oraz dyskusja nad mo\u017cliwo\u015bciami ich wykorzystania. Grup\u0105 docelow\u0105, do kt\u00f3rej skierowana jest konferencja s\u0105 m\u0142odzi naukowcy (studenci, doktoranci, pracownicy uczelni, dydaktycy, przedstawiciele administracji publicznej i small biznesu), kt\u00f3rzy w swoich badaniach wykorzystuj\u0105 najnowsze, innowacyjne narz\u0119dzia i technologie.<\/p>\n<p>W czasie dw\u00f3ch dni obrad zaplanowano sesj\u0119 posterow\u0105 i 7 paneli tematycznych:<\/p>\n<p style=\"padding-left: 30px;\">GIS &#8211; metody bada\u0144 i obszary zastosowa\u0144<\/p>\n<p style=\"padding-left: 30px;\">zastosowania GIS w planowaniu i gospodarce przestrzeni\u0105<\/p>\n<p style=\"padding-left: 30px;\">zastosowania GIS w monitoringu i ochronie \u015brodowiska<\/p>\n<p style=\"padding-left: 30px;\">zastosowania GIS w badaniach naukowych<\/p>\n<p style=\"padding-left: 30px;\">bazy danych i Infrastruktura Informacji Przestrzennej<\/p>\n<p style=\"padding-left: 30px;\">funkcje i modele danych przestrzennych<\/p>\n<p style=\"padding-left: 30px;\">zastosowania skanowania laserowego LiDAR<\/p>\n<p>Wi\u0119cej informacji na stronie:\u00a0<a href=\"http:\/\/www.opengis.up.krakow.pl\/\">http:\/\/www.opengis.up.krakow.pl\/<\/a><\/p>\n<p style=\"text-align: right;\">VK<\/p>","protected":false},"excerpt":{"rendered":"<p>W dniach 17-18 listopada 2014 r. na Uniwersytecie Pedagogicznym w Krakowie odb\u0119dzie si\u0119 Og\u00f3lnopolska Konferencja Naukowa pt. &#8222;GIS Dzi\u015b&#8221;.<\/p>","protected":false},"author":2,"featured_media":0,"comment_status":"open","ping_status":"open","sticky":false,"template":"","format":"standard","meta":{"two_page_speed":[],"footnotes":""},"categories":[10],"tags":[],"class_list":["post-531","post","type-post","status-publish","format-standard","hentry","category-informacje"],"_links":{"self":[{"href":"https:\/\/sgp.geodezja.org.pl\/en\/wp-json\/wp\/v2\/posts\/531","targetHints":{"allow":["GET"]}}],"collection":[{"href":"https:\/\/sgp.geodezja.org.pl\/en\/wp-json\/wp\/v2\/posts"}],"about":[{"href":"https:\/\/sgp.geodezja.org.pl\/en\/wp-json\/wp\/v2\/types\/post"}],"author":[{"embeddable":true,"href":"https:\/\/sgp.geodezja.org.pl\/en\/wp-json\/wp\/v2\/users\/2"}],"replies":[{"embeddable":true,"href":"https:\/\/sgp.geodezja.org.pl\/en\/wp-json\/wp\/v2\/comments?post=531"}],"version-history":[{"count":0,"href":"https:\/\/sgp.geodezja.org.pl\/en\/wp-json\/wp\/v2\/posts\/531\/revisions"}],"wp:attachment":[{"href":"https:\/\/sgp.geodezja.org.pl\/en\/wp-json\/wp\/v2\/media?parent=531"}],"wp:term":[{"taxonomy":"category","embeddable":true,"href":"https:\/\/sgp.geodezja.org.pl\/en\/wp-json\/wp\/v2\/categories?post=531"},{"taxonomy":"post_tag","embeddable":true,"href":"https:\/\/sgp.geodezja.org.pl\/en\/wp-json\/wp\/v2\/tags?post=531"}],"curies":[{"name":"wp","href":"https:\/\/api.w.org\/{rel}","templated":true}]}}