{"id":546,"date":"2014-11-12T09:57:23","date_gmt":"2014-11-12T08:57:23","guid":{"rendered":"https:\/\/2.budowaniestron.pl\/artykul-dr-katarzyny-walkowiak-podstawy-teoretyczne-samorzadu-zawodowego-geodetow-i-kartografow\/"},"modified":"2014-11-12T09:57:23","modified_gmt":"2014-11-12T08:57:23","slug":"artykul-dr-katarzyny-walkowiak-podstawy-teoretyczne-samorzadu-zawodowego-geodetow-i-kartografow","status":"publish","type":"post","link":"https:\/\/sgp.geodezja.org.pl\/en\/artykul-dr-katarzyny-walkowiak-podstawy-teoretyczne-samorzadu-zawodowego-geodetow-i-kartografow\/","title":{"rendered":"Artyku\u0142 dr Katarzyny Walkowiak, &#8222;Podstawy teoretyczne samorz\u0105du zawodowego geodet\u00f3w i kartograf\u00f3w\u201d"},"content":{"rendered":"<p style=\"text-align: justify;\">W ostatnim czasie, w cz\u0119\u015bci \u015brodowiska geodezyjnego, powr\u00f3ci\u0142a dyskusja nad potrzeb\u0105 utworzenia samorz\u0105du zawodowego geodet\u00f3w i kartograf\u00f3w. Dla jednych samorz\u0105d zawodowy jawi si\u0119 jako\u00a0szansa na kompleksowe uporz\u0105dkowanie spraw zwi\u0105zanych z wykonywaniem zawodu\u00a0oraz na zwi\u0119kszenie wp\u0142ywu geodet\u00f3w na\u00a0stanowienie prawa, u innych wywo\u0142uje poczucie zagro\u017cenia i niepewno\u015bci. Wydaje si\u0119 jednak, \u017ce najwi\u0119cej jest tych, kt\u00f3rym brakuje pog\u0142\u0119bionej dyskusji oraz rzetelnej wiedzy na ten temat.<\/p>\n<p>  <!--more-->  <\/p>\n<p style=\"text-align: justify;\">W ostatnim czasie, w cz\u0119\u015bci \u015brodowiska geodezyjnego, powr\u00f3ci\u0142a dyskusja nad potrzeb\u0105 utworzenia samorz\u0105du zawodowego geodet\u00f3w i kartograf\u00f3w. Dla jednych samorz\u0105d zawodowy jawi si\u0119 jako\u00a0szansa na kompleksowe uporz\u0105dkowanie spraw zwi\u0105zanych z wykonywaniem zawodu\u00a0oraz na zwi\u0119kszenie wp\u0142ywu geodet\u00f3w na\u00a0stanowienie prawa, u innych wywo\u0142uje poczucie zagro\u017cenia i niepewno\u015bci. Wydaje si\u0119 jednak, \u017ce najwi\u0119cej jest tych, kt\u00f3rym brakuje pog\u0142\u0119bionej dyskusji oraz rzetelnej wiedzy na ten temat.<\/p>\n<p style=\"text-align: justify;\">Realizuj\u0105c uchwa\u0142\u0119 XXXVIII Zjazdu Delegat\u00f3w SGP, kt\u00f3ra zobowi\u0105zuje Zarz\u0105d G\u0142\u00f3wny do aktywnego w\u0142\u0105czenia si\u0119 w dyskusj\u0119 na temat potrzeby utworzenia samorz\u0105du zawodowego geodet\u00f3w, jego roli, zada\u0144 i\u00a0zasad funkcjonowania oraz praw i obowi\u0105zk\u00f3w jego cz\u0142onk\u00f3w\u201d, Zarz\u0105d G\u0142\u00f3wny delegowa\u0142 swoich przedstawicieli do uczestniczenia w pracach Zespo\u0142u roboczego ds. opracowania koncepcji samorz\u0105du zawodowego geodet\u00f3w i kartograf\u00f3w.<\/p>\n<p style=\"text-align: justify;\">Z inicjatywy organizacji geodezyjnych uczestnicz\u0105cych w pracach tego Zespo\u0142u, w tym Stowarzyszenia Geodet\u00f3w Polskich, Pani dr Katarzyna Walkowiak z\u00a0Wy\u017cszej Szko\u0142y Bankowej w Poznaniu\u00a0w artykule &#8222;Podstawy teoretyczne samorz\u0105du zawodowego geodet\u00f3w i kartograf\u00f3w&#8221; przedstawia zalety i wady samorz\u0105du. Mamy nadziej\u0119, \u017ce tym samym zostanie zapocz\u0105tkowana merytoryczna dyskusja na temat potrzeby utworzenia samorz\u0105du zawodowego geodet\u00f3w i kartograf\u00f3w, kt\u00f3ra b\u0119dzie podstaw\u0105 do wypracowania wsp\u00f3lnego pogl\u0105du Stowarzyszenia Geodet\u00f3w Polskich na przysz\u0142y spos\u00f3b organizacji zawodu.<\/p>\n<p style=\"text-align: justify;\">Ewentualne uwagi lub opinie cz\u0142onkowie SGP proszeni s\u0105 o przesy\u0142anie na adres e-mail swojego Oddzia\u0142u i na adres e-mail Zarz\u0105du G\u0142\u00f3wnego SGP <a href=\"mailto:biuro@sgp.geodezja.org.pl\">biuro@sgp.geodezja.org.pl<\/a>.<\/p>\n<p>\u00a0<\/p>\n<p>Artyku\u0142:<\/p>\n<p><span style=\"color: #008000;\"><a href=\"https:\/\/sgp.geodezja.org.pl\/wp-content\/uploads\/2014\/11\/Podstawy_teoretyczne_samorzadu_Walkowiak.pdf\">dr Katarzyna Walkowiak, &#8222;Podstawy teoretyczne samorz\u0105du zawodowego geodet\u00f3w i kartograf\u00f3w\u201d &gt;&gt;&gt;<\/a><\/span><\/p>\n<p style=\"text-align: right;\">VK<\/p>","protected":false},"excerpt":{"rendered":"<p>W ostatnim czasie, w cz\u0119\u015bci \u015brodowiska geodezyjnego, powr\u00f3ci\u0142a dyskusja nad potrzeb\u0105 utworzenia samorz\u0105du zawodowego geodet\u00f3w i kartograf\u00f3w. Dla jednych samorz\u0105d zawodowy jawi si\u0119 jako\u00a0szansa na kompleksowe uporz\u0105dkowanie spraw zwi\u0105zanych z wykonywaniem zawodu\u00a0oraz na zwi\u0119kszenie wp\u0142ywu geodet\u00f3w na\u00a0stanowienie prawa, u innych wywo\u0142uje poczucie zagro\u017cenia i niepewno\u015bci. Wydaje si\u0119 jednak, \u017ce najwi\u0119cej jest tych, kt\u00f3rym brakuje pog\u0142\u0119bionej [&hellip;]<\/p>\n","protected":false},"author":2,"featured_media":0,"comment_status":"open","ping_status":"open","sticky":false,"template":"","format":"standard","meta":{"two_page_speed":[],"footnotes":""},"categories":[10],"tags":[],"class_list":["post-546","post","type-post","status-publish","format-standard","hentry","category-informacje"],"_links":{"self":[{"href":"https:\/\/sgp.geodezja.org.pl\/en\/wp-json\/wp\/v2\/posts\/546","targetHints":{"allow":["GET"]}}],"collection":[{"href":"https:\/\/sgp.geodezja.org.pl\/en\/wp-json\/wp\/v2\/posts"}],"about":[{"href":"https:\/\/sgp.geodezja.org.pl\/en\/wp-json\/wp\/v2\/types\/post"}],"author":[{"embeddable":true,"href":"https:\/\/sgp.geodezja.org.pl\/en\/wp-json\/wp\/v2\/users\/2"}],"replies":[{"embeddable":true,"href":"https:\/\/sgp.geodezja.org.pl\/en\/wp-json\/wp\/v2\/comments?post=546"}],"version-history":[{"count":0,"href":"https:\/\/sgp.geodezja.org.pl\/en\/wp-json\/wp\/v2\/posts\/546\/revisions"}],"wp:attachment":[{"href":"https:\/\/sgp.geodezja.org.pl\/en\/wp-json\/wp\/v2\/media?parent=546"}],"wp:term":[{"taxonomy":"category","embeddable":true,"href":"https:\/\/sgp.geodezja.org.pl\/en\/wp-json\/wp\/v2\/categories?post=546"},{"taxonomy":"post_tag","embeddable":true,"href":"https:\/\/sgp.geodezja.org.pl\/en\/wp-json\/wp\/v2\/tags?post=546"}],"curies":[{"name":"wp","href":"https:\/\/api.w.org\/{rel}","templated":true}]}}