{"id":553,"date":"2014-11-23T16:28:35","date_gmt":"2014-11-23T15:28:35","guid":{"rendered":"https:\/\/2.budowaniestron.pl\/posiedzenie-panstwowej-rady-geodezyjnej-i-kartograficznej-21-listopada-2014-r\/"},"modified":"2014-11-23T16:28:35","modified_gmt":"2014-11-23T15:28:35","slug":"posiedzenie-panstwowej-rady-geodezyjnej-i-kartograficznej-21-listopada-2014-r","status":"publish","type":"post","link":"https:\/\/sgp.geodezja.org.pl\/en\/posiedzenie-panstwowej-rady-geodezyjnej-i-kartograficznej-21-listopada-2014-r\/","title":{"rendered":"Posiedzenie Pa\u0144stwowej Rady Geodezyjnej i Kartograficznej 21 listopada 2014 r."},"content":{"rendered":"<p style=\"text-align: justify;\">W dniu 21 listopada br. cz\u0142onkowie Pa\u0144stwowej Rady Geodezyjnej i Kartograficznej zostali zapoznani przez Pana Kazimierza Bujakowskiego G\u0142\u00f3wnego Geodet\u0119 Kraju z przyczynami zmian Prawa geodezyjnego i kartograficznego, przebiegiem procesu legislacyjnego, wnioskami zebranymi podczas narad i spotka\u0144. Pan Witold Radzio przedstawi\u0142 g\u0142\u00f3wne zmiany wprowadzone w ramach nowelizacji do Prawa geodezyjnego i kartograficznego. Pan Kazimierz Bujakowski GGK podda\u0142 pod dyskusje nast\u0119puj\u0105ce problemy:<\/p>\n<p>  <!--more-->  <\/p>\n<p style=\"text-align: justify;\">W dniu 21 listopada br. cz\u0142onkowie Pa\u0144stwowej Rady Geodezyjnej i Kartograficznej zostali zapoznani przez Pana Kazimierza Bujakowskiego G\u0142\u00f3wnego Geodet\u0119 Kraju z przyczynami zmian Prawa geodezyjnego i kartograficznego, przebiegiem procesu legislacyjnego, wnioskami zebranymi podczas narad i spotka\u0144. Pan Witold Radzio przedstawi\u0142 g\u0142\u00f3wne zmiany wprowadzone w ramach nowelizacji do Prawa geodezyjnego i kartograficznego. Pan Kazimierz Bujakowski GGK podda\u0142 pod dyskusje nast\u0119puj\u0105ce problemy:<\/p>\n<ul>\n<li>Czy wprowadzi\u0107 op\u0142at\u0119 rycza\u0142tow\u0105 za materia\u0142y udost\u0119pniane do wykonywania ma\u0142ych prac geodezyjnych?<\/li>\n<li>Czy rozwa\u017cane zmiany zmierzaj\u0105 w dobrym kierunku?<\/li>\n<li>Jakie inne dzia\u0142ania nale\u017cy podj\u0105\u0107, aby usprawni\u0107 obs\u0142ug\u0119 wykonawc\u00f3w prac geodezyjnych i kartograficznych w o\u015brodkach dokumentacji geodezyjnej i kartograficznej?<\/li>\n<\/ul>\n<p>Po prezentacjach odby\u0142a si\u0119 dyskusja, w kt\u00f3rej g\u0142os zabra\u0142o wielu cz\u0142onk\u00f3w PRGiK.<\/p>\n<p style=\"text-align: justify;\"><span style=\"text-decoration: underline;\">Stanis\u0142aw Cegielski<\/span> Prezes SGP powiedzia\u0142, \u017ce obrany przez GUGiK kierunek jest w\u0142a\u015bciwy, ale doda\u0142, \u017ce nie zamyka on wszystkich kwestii, kt\u00f3re powinny by\u0107 obj\u0119te zmianami i \u017ce zmiany te powinny by\u0107 szybko dokonane. Powinno si\u0119 ju\u017c przyst\u0105pi\u0107 do opracowania nowego Pgik, kt\u00f3re dopracowa\u0142oby wyst\u0119puj\u0105ce mankamenty i uwzgl\u0119dni\u0142o postulaty SGP i innych organizacji wprowadzenia do ustawy Pgik spraw realizowanych przez geodet\u00f3w a znajduj\u0105cych si\u0119 w innych ustawach. Powiedzia\u0142 o potrzebie likwidacji licencji dla wykonawc\u00f3w prac geodezyjnych i kartograficznych, likwidacji \u201eZg\u0142oszenia pracy geodezyjnej\/kartograficznej\u201d okre\u015blanego, jako \u201ezg\u0142oszenie uzupe\u0142niaj\u0105ce\u201d, a powinna istnie\u0107 mo\u017cliwo\u015b\u0107 uzupe\u0142nienia takiego zapotrzebowania na pierwotnym zg\u0142oszeniu pracy geodezyjnej\/kartograficznej. Potrzeba jest dokonania wielu zmian i to szybko wprowadzonych, bo one zabieraj\u0105 cenny czas geodetom i administracji. Wymienione dzia\u0142ania s\u0105 cz\u0119sto przyczyn\u0105 konflikt\u00f3w pomi\u0119dzy geodetami i o\u015brodkami.<\/p>\n<p style=\"text-align: justify;\"><span style=\"text-decoration: underline;\">Pan Krzysztof Cisek<\/span> SGP przypomnia\u0142, \u017ce jeden z postulat\u00f3w przedstawionych w czasie protestu geodet\u00f3w pod pomnikiem obok Sejmu m\u00f3wi\u0142 o rozwi\u0105zaniu PRGiK, bo nic nie robi. Sam uwa\u017ca, \u017ce PRGiK jest potrzebna i nie powinna by\u0107 rozwi\u0105zana. M\u00f3wi\u0142 o cenach niekt\u00f3rych prac, kt\u00f3rych cen\u0119 trudno ustali\u0107 w monecie rozm\u00f3w ze zleceniodawc\u0105, bo nie wiadomo ile o\u015brodek naliczy za wykorzystanie danych z o\u015brodka. Obecnie dla wielu prac op\u0142ata dla Powiatowego O\u015brodka wzros\u0142a 2-3 krotnie. Zdaniem Pana Ciska konieczna jest zmiana w op\u0142atach na rzecz o\u015brodka zw\u0142aszcza dla ma\u0142ych prac geodezyjnych. Zaproponowa\u0142 powo\u0142anie Zespo\u0142u, kt\u00f3ry przygotuje za\u0142o\u017cenia do dyskusji na kolejne posiedzenie Rady 15 grudnia 2014 r.<\/p>\n<p style=\"text-align: justify;\"><span style=\"text-decoration: underline;\">Dr hab. in\u017c. Baranowski<\/span> z IGiK powiedzia\u0142, \u017ce \u015brodowisko naukowe jest zadowolone z zapis\u00f3w, bo mog\u0105 bezp\u0142atnie korzysta\u0107 ze zbior\u00f3w danych pzgik w celach edukacyjnych, badawczych i rozwojowych. Stwierdzi\u0142, \u017ce przy informatyzacji zasobu powinno bra\u0107 udzia\u0142 \u015brodowisko geodezyjne i \u017ce geodeci nie powinni by\u0107 marginalizowani przez informatyk\u00f3w. Jest za powo\u0142aniem Zespo\u0142u i w sk\u0142ad tego Zespo\u0142u powinni wej\u015b\u0107 r\u00f3wnie\u017c naukowcy.<\/p>\n<p style=\"text-align: justify;\"><span style=\"text-decoration: underline;\">Pan Waldemar Klocek<\/span> z PGK zada\u0142 pytanie jak powinna by\u0107 wykonana praca, aby jej nie by\u0142o trzeba powtarza\u0107 w przysz\u0142o\u015bci. Zgadza si\u0119 z GGK, \u017ce proponowane zmiany s\u0105 potrzebne. Powiedzia\u0142, \u017ce terminy przygotowania materia\u0142\u00f3w przez o\u015brodki nadal s\u0105 d\u0142ugie, bo ok. 50% o\u015brodk\u00f3w nie jest zinformatyzowanych i stwierdzi\u0142, \u017ce mo\u017ce nale\u017ca\u0142oby zlikwidowa\u0107 o\u015brodki. Niekt\u00f3re o\u015brodki w dalszym ci\u0105gu \u017c\u0105daj\u0105, aby wykonawca kartowa\u0142 na pierworysach. S\u0105 te\u017c problemy z form\u0105 przekazania materia\u0142\u00f3w do o\u015brodk\u00f3w.<\/p>\n<p style=\"text-align: justify;\"><span style=\"text-decoration: underline;\">Pani Ewa \u015awinarska<\/span> z PLK powiedzia\u0142a, \u017ce przyjmuje informacje o nieprawid\u0142owo\u015bciach w dzia\u0142aniu kolejowych o\u015brodk\u00f3w dokumentacji geodezyjnej i prosi o zg\u0142aszanie nieprawid\u0142owo\u015bci. Uwa\u017ca, \u017ce powiatowe o\u015brodki dokumentacji nie dzia\u0142aj\u0105 dobrze, bo nie wydaj\u0105 wszystkich potrzebnych materia\u0142\u00f3w do wykonania prac, a geodeci kt\u00f3rzy pracuj\u0105 na rzecz kolei nie wiedz\u0105 jakie materia\u0142y w o\u015brodku si\u0119 znajduj\u0105. Powoduje to konieczno\u015b\u0107 ponownego pobierania brakuj\u0105cych materia\u0142\u00f3w i wnoszenia op\u0142ata raz jeszcze.<\/p>\n<p style=\"text-align: justify;\"><span style=\"text-decoration: underline;\">Pan Bogdan Grzechnik<\/span> z GIG powiedzia\u0142, \u017ce najwa\u017cniejsze dzia\u0142anie to sprawna obs\u0142uga wykonawc\u00f3w. GUGiK powinien sprawdzi\u0107, o ile wyd\u0142u\u017cy\u0142y si\u0119 okresy udost\u0119pniania materia\u0142\u00f3w, bo teraz jest gorzej. Zapyta\u0142, czy by\u0142a zrobiona ocena zmiany op\u0142at, przed i po wprowadzeniu tych zmian. Wypis z egib kiedy\u015b kosztowa\u0142 12 z\u0142, a teraz 50 z\u0142. Postulowa\u0142, aby ujednolici\u0107 programy informatyczne i doda\u0142, \u017ce geodeta licencjonowany nigdzie w Europie nie jest kontrolowany przez organ. Uwa\u017ca, \u017ce powierzchnia dzia\u0142ki nie powinna by\u0107 zmieniana 10 razy.<\/p>\n<p style=\"text-align: justify;\">G\u0142\u00f3wny Geodeta Kraju podsumowuj\u0105c posiedzenie stwierdzi\u0142, \u017ce w dyskusji poruszono szeroko problematyk\u0119. W kraju jest ponad 370 o\u015brodk\u00f3w i sytuacja jest r\u00f3\u017cna, bo jedne o\u015brodki dostosowa\u0142y si\u0119 do nowej sytuacji, a inne niestety nie i stanowi to problem. Powiedzia\u0142, \u017ce wypis opatrzony klauzul\u0105 uwierzytelnienia potrzebny jest tylko do pewnych dzia\u0142a\u0144 np. do wpis\u00f3w w ksi\u0119dze wieczystej i dlatego konieczne jest tutaj dzia\u0142anie. Przekazywane materia\u0142y do o\u015brodka sprawdzane s\u0105 pod k\u0105tem zgodno\u015bci z zasobem. Nale\u017cy dyskutowa\u0107 o wysoko\u015bci op\u0142at i o potwierdzaniu zgodno\u015bci wykonanych materia\u0142\u00f3w z zasobem, ale nie o ich likwidacji.<\/p>\n<p>Powiedzia\u0142 te\u017c o niekt\u00f3rych rozwa\u017canych zmianach\u00a0 np. \u017ce nale\u017cy:<\/p>\n<ul>\n<li>wyeliminowa\u0107 ujawnione niesp\u00f3jno\u015bci poj\u0119ciowei redakcyjne w ustawie oraz w za\u0142\u0105czniku,<\/li>\n<li>doprecyzowa\u0107 niekt\u00f3re przepisy, w szczeg\u00f3lno\u015bci dotycz\u0105ce op\u0142at, uwierzytelniania dokument\u00f3w opracowanych przez wykonawc\u00f3w prac geodezyjnych i kartograficznych oraz narad koordynacyjnych,<\/li>\n<li>upro\u015bci\u0107 zasady udost\u0119pniania materia\u0142\u00f3w pa\u0144stwowego zasobu geodezyjnego i kartograficznego wykonawcom prac geodezyjnych obejmuj\u0105cych niewielkie obszary lub niewielkie obiekty liniowe, poprzez wprowadzenia dla tego typu prac op\u0142at o charakterze rycza\u0142towym.<\/li>\n<\/ul>\n<p>Proponuje si\u0119, aby nowe regulacje prawne:<\/p>\n<ol>\n<li>wprowadza\u0142y op\u0142at\u0119 o charakterze rycza\u0142towym za udost\u0119pnianie materia\u0142\u00f3w zasobu, w przypadku zg\u0142oszenia ma\u0142ych prac geodezyjnych;<\/li>\n<li>zapewnia\u0142y wykonawcy zg\u0142oszonych ma\u0142ych prac geodezyjnych po uiszczeniu op\u0142aty rycza\u0142towej dost\u0119p do wszystkich materia\u0142\u00f3w zasobu, kt\u00f3re s\u0105 niezb\u0119dne lub przydatne do wykonania tych prac.<\/li>\n<\/ol>\n<p>Ustalono, \u017ce 15 grudnia odb\u0119dzie si\u0119 druga cz\u0119\u015b\u0107 posiedzenia PRGiK.<\/p>\n<p>Poni\u017cej publikujemy prezentacje przedstawione podczas posiedzenia PRGiK.<\/p>\n<p>\u00a0<\/p>\n<p><span style=\"color: #008000;\"><a href=\"https:\/\/sgp.geodezja.org.pl\/wp-content\/uploads\/2014\/11\/PRGiK_20141121_KB.pdf\">Prezentacja G\u0142\u00f3wnego Geodety Kraju Pana Kazimierza Bujakowskiego &gt;&gt;&gt;<\/a><\/span><\/p>\n<p><span style=\"color: #008000;\"><a href=\"https:\/\/sgp.geodezja.org.pl\/wp-content\/uploads\/2014\/11\/PRGiK_20141121_WR.pdf\">Prezentacja Pana Witolda Radzio &gt;&gt;&gt;<\/a><\/span><\/p>\n<p>\u00a0<\/p>\n<p style=\"text-align: right;\">VK<\/p>","protected":false},"excerpt":{"rendered":"<p>W dniu 21 listopada br. cz\u0142onkowie Pa\u0144stwowej Rady Geodezyjnej i Kartograficznej zostali zapoznani przez Pana Kazimierza Bujakowskiego G\u0142\u00f3wnego Geodet\u0119 Kraju z przyczynami zmian Prawa geodezyjnego i kartograficznego, przebiegiem procesu legislacyjnego, wnioskami zebranymi podczas narad i spotka\u0144. Pan Witold Radzio przedstawi\u0142 g\u0142\u00f3wne zmiany wprowadzone w ramach nowelizacji do Prawa geodezyjnego i kartograficznego. Pan Kazimierz Bujakowski GGK [&hellip;]<\/p>\n","protected":false},"author":2,"featured_media":0,"comment_status":"open","ping_status":"open","sticky":false,"template":"","format":"standard","meta":{"two_page_speed":[],"footnotes":""},"categories":[10],"tags":[],"class_list":["post-553","post","type-post","status-publish","format-standard","hentry","category-informacje"],"_links":{"self":[{"href":"https:\/\/sgp.geodezja.org.pl\/en\/wp-json\/wp\/v2\/posts\/553","targetHints":{"allow":["GET"]}}],"collection":[{"href":"https:\/\/sgp.geodezja.org.pl\/en\/wp-json\/wp\/v2\/posts"}],"about":[{"href":"https:\/\/sgp.geodezja.org.pl\/en\/wp-json\/wp\/v2\/types\/post"}],"author":[{"embeddable":true,"href":"https:\/\/sgp.geodezja.org.pl\/en\/wp-json\/wp\/v2\/users\/2"}],"replies":[{"embeddable":true,"href":"https:\/\/sgp.geodezja.org.pl\/en\/wp-json\/wp\/v2\/comments?post=553"}],"version-history":[{"count":0,"href":"https:\/\/sgp.geodezja.org.pl\/en\/wp-json\/wp\/v2\/posts\/553\/revisions"}],"wp:attachment":[{"href":"https:\/\/sgp.geodezja.org.pl\/en\/wp-json\/wp\/v2\/media?parent=553"}],"wp:term":[{"taxonomy":"category","embeddable":true,"href":"https:\/\/sgp.geodezja.org.pl\/en\/wp-json\/wp\/v2\/categories?post=553"},{"taxonomy":"post_tag","embeddable":true,"href":"https:\/\/sgp.geodezja.org.pl\/en\/wp-json\/wp\/v2\/tags?post=553"}],"curies":[{"name":"wp","href":"https:\/\/api.w.org\/{rel}","templated":true}]}}