{"id":570,"date":"2014-11-28T18:30:46","date_gmt":"2014-11-28T17:30:46","guid":{"rendered":"https:\/\/2.budowaniestron.pl\/ix-seminarium-z-cyklu-rozwoj-obszarow-wiejskich-szreniawa-2014-r\/"},"modified":"2014-11-28T18:30:46","modified_gmt":"2014-11-28T17:30:46","slug":"ix-seminarium-z-cyklu-rozwoj-obszarow-wiejskich-szreniawa-2014-r","status":"publish","type":"post","link":"https:\/\/sgp.geodezja.org.pl\/en\/ix-seminarium-z-cyklu-rozwoj-obszarow-wiejskich-szreniawa-2014-r\/","title":{"rendered":"IX seminarium z cyklu &#8222;Rozw\u00f3j obszar\u00f3w wiejskich&#8221; \u2013 Szreniawa 2014 r."},"content":{"rendered":"<p>Dnia 5 listopada 2014 r. w Szreniawie odby\u0142o si\u0119 IX seminarium z cyklu &#8222;Rozw\u00f3j obszar\u00f3w wiejskich&#8221;.<\/p>\n<p>  <!--more-->  <\/p>\n<p style=\"text-align: justify;\">Dnia 5 listopada 2014 r. w Szreniawie odby\u0142o si\u0119 IX seminarium z cyklu &#8222;Rozw\u00f3j obszar\u00f3w wiejskich&#8221;. Miejscem seminarium by\u0142 Pa\u0142ac Szreniawski, w kt\u00f3rym znajduje si\u0119 Muzeum Narodowe Rolnictwa i\u00a0Przemys\u0142u Rolno-Spo\u017cywczego.<\/p>\n<p style=\"text-align: justify;\"><img loading=\"lazy\" decoding=\"async\" class=\"size-full wp-image-565\" style=\"margin-right: auto; margin-left: auto; display: block;\" src=\"https:\/\/sgp.geodezja.org.pl\/wp-content\/uploads\/2014\/11\/WSztukiewicz-scaled.jpg\" alt=\"\" width=\"163\" height=\"200\" srcset=\"https:\/\/sgp.geodezja.org.pl\/wp-content\/uploads\/2014\/11\/WSztukiewicz-scaled.jpg 2091w, https:\/\/sgp.geodezja.org.pl\/wp-content\/uploads\/2014\/11\/WSztukiewicz-scaled-800x979.jpg 800w, https:\/\/sgp.geodezja.org.pl\/wp-content\/uploads\/2014\/11\/WSztukiewicz-245x300.jpg 245w, https:\/\/sgp.geodezja.org.pl\/wp-content\/uploads\/2014\/11\/WSztukiewicz-836x1024.jpg 836w, https:\/\/sgp.geodezja.org.pl\/wp-content\/uploads\/2014\/11\/WSztukiewicz-768x940.jpg 768w, https:\/\/sgp.geodezja.org.pl\/wp-content\/uploads\/2014\/11\/WSztukiewicz-1254x1536.jpg 1254w, https:\/\/sgp.geodezja.org.pl\/wp-content\/uploads\/2014\/11\/WSztukiewicz-1673x2048.jpg 1673w, https:\/\/sgp.geodezja.org.pl\/wp-content\/uploads\/2014\/11\/WSztukiewicz-1920x2351.jpg 1920w, https:\/\/sgp.geodezja.org.pl\/wp-content\/uploads\/2014\/11\/WSztukiewicz-49x60.jpg 49w\" sizes=\"auto, (max-width: 163px) 100vw, 163px\" \/><\/p>\n<p style=\"text-align: justify;\">Go\u015bci powita\u0142 Prezes Oddzia\u0142u\u00a0Stowarzyszenia Geodet\u00f3w Polskich w\u00a0Poznaniu Waldemar Sztukiewicz, o\u00a0otwarcie seminarium poprosi\u0142 Zast\u0119pc\u0119 Dyrektora Muzeum Wojciecha Szczepkowskiego. Go\u015b\u0107mi i\u00a0prelegentami byli: Jerzy Koz\u0142owski &#8211; Zast\u0119pca Dyrektora Departamentu Gospodarki Ziemi\u0105 Ministerstwa Rolnictwa i Rozwoju Wsi; Zbigniew Augustyniak &#8211; Prezes Centrum Us\u0142ug Organizacyjno-Technicznych Budownictwa PZITB w Poznaniu; Micha\u0142 Fiedler &#8211; Prodziekan Wydzia\u0142u Melioracji i\u00a0Ochrony \u015arodowiska, Kierownik Zak\u0142adu Geodezji i Kszta\u0142towania \u015arodowiska Uniwersytetu Przypomniano w Poznaniu; Tadeusz Ko\u015bka &#8211; Geodezji, Kartografii i\u00a0Geometrii Wykre\u015blnej Politechniki \u0141\u00f3dzkiej; Ewa Krzy\u017canowska-Walaszczyk Stowarzyszenie Architekt\u00f3w RP w Poznaniu; Andrzej Krygier &#8211; Dyrektor Zarz\u0105du Geodezji i\u00a0Katastru Miejskiego GEOPOZ w Poznaniu, Przewodnicz\u0105cy Zarz\u0105du Wielkopolskiego Zrzeszenia Geodet\u00f3w Powiatowych; Tomasz Plewa &#8211; Dyrektor Wielkopolskiego Zarz\u0105du Geodezji, Katastru i Administrowania Mieniem; Krzysztof Pyszny &#8211; Wydzia\u0142 Melioracji i\u00a0In\u017cynierii \u015arodowiska UP w Poznaniu; Jerzy Piotrowski cz\u0142onek honorowy SGP; Stanis\u0142aw Marcin Wili\u0144ski redaktor \u201ePrzegl\u0105du Geodezyjnego\u201d, cz\u0142onek Zarz\u0105du G\u0142\u00f3wnego Stowarzyszenia Geodet\u00f3w Polskich; Andrzej Aumiller &#8211; Prezes Oddzia\u0142u Stowarzyszenia In\u017cynier\u00f3w i Technik\u00f3w Ogrodnictwa w\u00a0Poznaniu. IX seminarium zbieg\u0142o si\u0119 z obchodami pi\u0119\u0107dziesi\u0119ciolecia dzia\u0142alno\u015bci Muzeum. Wyg\u0142oszono bardzo ciekawe referaty. Jerzy Koz\u0142owskiego omawia\u0142 \u201eFunkcjonowanie instytucji scale\u0144 w\u00a0\u015bwietle znowelizowanych przepis\u00f3w o scalaniu\u201d, przybli\u017cy\u0142 tera\u017aniejszo\u015b\u0107 polskich scale\u0144, autor zako\u0144czy\u0142 referat sentencj\u0105 \u201ekto si\u0119 nie komasuje, ten bankrutuje\u201d.\u00a0<\/p>\n<p>\u00a0<img loading=\"lazy\" decoding=\"async\" class=\"size-full wp-image-566\" style=\"margin-right: auto; margin-left: auto; display: block;\" src=\"https:\/\/sgp.geodezja.org.pl\/wp-content\/uploads\/2014\/11\/KozlowskiJankowskaSztukiewicz-scaled.jpg\" alt=\"\" width=\"200\" height=\"130\" srcset=\"https:\/\/sgp.geodezja.org.pl\/wp-content\/uploads\/2014\/11\/KozlowskiJankowskaSztukiewicz-scaled.jpg 2560w, https:\/\/sgp.geodezja.org.pl\/wp-content\/uploads\/2014\/11\/KozlowskiJankowskaSztukiewicz-scaled-800x519.jpg 800w, https:\/\/sgp.geodezja.org.pl\/wp-content\/uploads\/2014\/11\/KozlowskiJankowskaSztukiewicz-300x195.jpg 300w, https:\/\/sgp.geodezja.org.pl\/wp-content\/uploads\/2014\/11\/KozlowskiJankowskaSztukiewicz-1024x665.jpg 1024w, https:\/\/sgp.geodezja.org.pl\/wp-content\/uploads\/2014\/11\/KozlowskiJankowskaSztukiewicz-768x498.jpg 768w, https:\/\/sgp.geodezja.org.pl\/wp-content\/uploads\/2014\/11\/KozlowskiJankowskaSztukiewicz-1536x997.jpg 1536w, https:\/\/sgp.geodezja.org.pl\/wp-content\/uploads\/2014\/11\/KozlowskiJankowskaSztukiewicz-2048x1329.jpg 2048w, https:\/\/sgp.geodezja.org.pl\/wp-content\/uploads\/2014\/11\/KozlowskiJankowskaSztukiewicz-1920x1246.jpg 1920w\" sizes=\"auto, (max-width: 200px) 100vw, 200px\" \/><\/p>\n<p><img loading=\"lazy\" decoding=\"async\" class=\"size-full wp-image-567\" style=\"margin-right: auto; margin-left: auto; display: block;\" src=\"https:\/\/sgp.geodezja.org.pl\/wp-content\/uploads\/2014\/11\/zbiorowe-scaled.jpg\" alt=\"\" width=\"200\" height=\"119\" srcset=\"https:\/\/sgp.geodezja.org.pl\/wp-content\/uploads\/2014\/11\/zbiorowe-scaled.jpg 2560w, https:\/\/sgp.geodezja.org.pl\/wp-content\/uploads\/2014\/11\/zbiorowe-scaled-800x475.jpg 800w, https:\/\/sgp.geodezja.org.pl\/wp-content\/uploads\/2014\/11\/zbiorowe-300x178.jpg 300w, https:\/\/sgp.geodezja.org.pl\/wp-content\/uploads\/2014\/11\/zbiorowe-1024x608.jpg 1024w, https:\/\/sgp.geodezja.org.pl\/wp-content\/uploads\/2014\/11\/zbiorowe-768x456.jpg 768w, https:\/\/sgp.geodezja.org.pl\/wp-content\/uploads\/2014\/11\/zbiorowe-1536x913.jpg 1536w, https:\/\/sgp.geodezja.org.pl\/wp-content\/uploads\/2014\/11\/zbiorowe-2048x1217.jpg 2048w, https:\/\/sgp.geodezja.org.pl\/wp-content\/uploads\/2014\/11\/zbiorowe-1920x1141.jpg 1920w\" sizes=\"auto, (max-width: 200px) 100vw, 200px\" \/><\/p>\n<p>\u00a0<\/p>\n<p>\u00a0\u00a0<\/p>\n<p><span style=\"color: #008000;\"><a href=\"https:\/\/sgp.geodezja.org.pl\/wp-content\/uploads\/2014\/11\/Seminarium_Szreniawa_2014_cz1.pdf\">Czytaj Seminarium cz 1 &gt;&gt;&gt;<\/a><\/span><\/p>\n<p><span style=\"color: #008000;\"><a href=\"https:\/\/sgp.geodezja.org.pl\/wp-content\/uploads\/2014\/11\/Seminarium_Szreniawa_2014_cz2.pdf\">Czytaj Seminarium cz 2 &gt;&gt;&gt;<\/a><\/span><\/p>\n<p>Opracowanie:<\/p>\n<p>Informacje i zdj\u0119cia Stanis\u0142aw Marcin Wili\u0144ski.\u00a0<\/p>\n<p style=\"text-align: right;\">VK<\/p>\n<p>\u00a0<\/p>","protected":false},"excerpt":{"rendered":"<p>Dnia 5 listopada 2014 r. w Szreniawie odby\u0142o si\u0119 IX seminarium z cyklu &#8222;Rozw\u00f3j obszar\u00f3w wiejskich&#8221;.<\/p>","protected":false},"author":2,"featured_media":565,"comment_status":"open","ping_status":"open","sticky":false,"template":"","format":"standard","meta":{"two_page_speed":[],"footnotes":""},"categories":[10],"tags":[],"class_list":["post-570","post","type-post","status-publish","format-standard","has-post-thumbnail","hentry","category-informacje"],"_links":{"self":[{"href":"https:\/\/sgp.geodezja.org.pl\/en\/wp-json\/wp\/v2\/posts\/570","targetHints":{"allow":["GET"]}}],"collection":[{"href":"https:\/\/sgp.geodezja.org.pl\/en\/wp-json\/wp\/v2\/posts"}],"about":[{"href":"https:\/\/sgp.geodezja.org.pl\/en\/wp-json\/wp\/v2\/types\/post"}],"author":[{"embeddable":true,"href":"https:\/\/sgp.geodezja.org.pl\/en\/wp-json\/wp\/v2\/users\/2"}],"replies":[{"embeddable":true,"href":"https:\/\/sgp.geodezja.org.pl\/en\/wp-json\/wp\/v2\/comments?post=570"}],"version-history":[{"count":0,"href":"https:\/\/sgp.geodezja.org.pl\/en\/wp-json\/wp\/v2\/posts\/570\/revisions"}],"wp:featuredmedia":[{"embeddable":true,"href":"https:\/\/sgp.geodezja.org.pl\/en\/wp-json\/wp\/v2\/media\/565"}],"wp:attachment":[{"href":"https:\/\/sgp.geodezja.org.pl\/en\/wp-json\/wp\/v2\/media?parent=570"}],"wp:term":[{"taxonomy":"category","embeddable":true,"href":"https:\/\/sgp.geodezja.org.pl\/en\/wp-json\/wp\/v2\/categories?post=570"},{"taxonomy":"post_tag","embeddable":true,"href":"https:\/\/sgp.geodezja.org.pl\/en\/wp-json\/wp\/v2\/tags?post=570"}],"curies":[{"name":"wp","href":"https:\/\/api.w.org\/{rel}","templated":true}]}}