{"id":580,"date":"2014-12-12T22:15:11","date_gmt":"2014-12-12T21:15:11","guid":{"rendered":"https:\/\/2.budowaniestron.pl\/80-urodziny-pana-stanislawa-marcina-wilinskiego-czlonka-honorowego-sgp-2014\/"},"modified":"2014-12-12T22:15:11","modified_gmt":"2014-12-12T21:15:11","slug":"80-urodziny-pana-stanislawa-marcina-wilinskiego-czlonka-honorowego-sgp-2014","status":"publish","type":"post","link":"https:\/\/sgp.geodezja.org.pl\/en\/80-urodziny-pana-stanislawa-marcina-wilinskiego-czlonka-honorowego-sgp-2014\/","title":{"rendered":"80 Urodziny Pana Stanis\u0142awa Marcina Wili\u0144skiego Cz\u0142onka Honorowego Stowarzyszenia Geodet\u00f3w Polskich"},"content":{"rendered":"<p style=\"text-align: justify;\">17 listopada 2014\u00a0r. 80 lat sko\u0144czy\u0142 nasz Kolega Pan Stanis\u0142aw Marcin Wili\u0144ski, Cz\u0142onek Honorowy Stowarzyszenia Geodet\u00f3w Polskich.<\/p>\n<p>  <!--more-->  <\/p>\n<p style=\"text-align: justify;\">17 listopada 2014\u00a0r. 80 lat sko\u0144czy\u0142 nasz Kolega Pan Stanis\u0142aw Marcin Wili\u0144ski, Cz\u0142onek Honorowy Stowarzyszenia Geodet\u00f3w Polskich. Uroczyste spotkanie geodet\u00f3w odby\u0142o si\u0119 w dniu urodzin Jubilata w Bydgoszczy, kt\u00f3rego uczestnikami byli: Boles\u0142aw Krystowczyk \u2011 Prezes Stowarzyszenia Geodet\u00f3w Polskich w Bydgoszczy, Stanis\u0142aw Cegielski \u2011 Prezes Stowarzyszenia Geodet\u00f3w Polskich, Ludmi\u0142a Pietrzak \u2011 Wiceprezes Zarz\u0105du G\u0142\u00f3wnego SGP, Robert Cieszy\u0144ski \u2011 Wojew\u00f3dzki Inspektor Nadzoru Geodezyjnego i\u00a0Kartograficznego; Henryk Siuda, Krzysztof Narewski, S\u0142awomir Wnuk \u2011 Wiceprezesi SGP w Bydgoszczy; Jaros\u0142aw Kaszewski, Zenon Mi\u0119tkiewicz, Krzysztof Rogi\u0144ski, Ryszard Krzy\u017canowski \u2011 dzia\u0142acze Stowarzyszenia Geodet\u00f3w Polskich i przedstawiciele firm geodezyjnych.<\/p>\n<p>\u00a0<img loading=\"lazy\" decoding=\"async\" class=\"size-full wp-image-576\" style=\"margin-right: auto; margin-left: auto; display: block;\" src=\"https:\/\/sgp.geodezja.org.pl\/wp-content\/uploads\/2014\/12\/SMW_w_Bygoszczy_1.JPG\" alt=\"\" width=\"200\" height=\"158\" srcset=\"https:\/\/sgp.geodezja.org.pl\/wp-content\/uploads\/2014\/12\/SMW_w_Bygoszczy_1.JPG 702w, https:\/\/sgp.geodezja.org.pl\/wp-content\/uploads\/2014\/12\/SMW_w_Bygoszczy_1-300x237.jpg 300w, https:\/\/sgp.geodezja.org.pl\/wp-content\/uploads\/2014\/12\/SMW_w_Bygoszczy_1-76x60.jpg 76w\" sizes=\"auto, (max-width: 200px) 100vw, 200px\" \/><\/p>\n<p><img loading=\"lazy\" decoding=\"async\" class=\"size-full wp-image-577\" style=\"margin-right: auto; margin-left: auto; display: block;\" src=\"https:\/\/sgp.geodezja.org.pl\/wp-content\/uploads\/2014\/12\/SMW_w_Bygoszczy_2.JPG\" alt=\"\" width=\"200\" height=\"126\" srcset=\"https:\/\/sgp.geodezja.org.pl\/wp-content\/uploads\/2014\/12\/SMW_w_Bygoszczy_2.JPG 1024w, https:\/\/sgp.geodezja.org.pl\/wp-content\/uploads\/2014\/12\/SMW_w_Bygoszczy_2-800x505.jpg 800w, https:\/\/sgp.geodezja.org.pl\/wp-content\/uploads\/2014\/12\/SMW_w_Bygoszczy_2-300x189.jpg 300w, https:\/\/sgp.geodezja.org.pl\/wp-content\/uploads\/2014\/12\/SMW_w_Bygoszczy_2-768x485.jpg 768w\" sizes=\"auto, (max-width: 200px) 100vw, 200px\" \/><\/p>\n<p style=\"text-align: justify;\">Dnia\u00a011\u00a0grudnia\u00a02014\u00a0r. w Warszawie odby\u0142o si\u0119 zebranie Zarz\u0105du G\u0142\u00f3wnego Stowarzyszenia Geodet\u00f3w Polskich, podczas kt\u00f3rego Pan Stanis\u0142aw Marcin przyj\u0105\u0142 \u017cyczenia od Kole\u017canek i Koleg\u00f3w.<\/p>\n<p>\u00a0<img loading=\"lazy\" decoding=\"async\" class=\"size-full wp-image-578\" style=\"margin-right: auto; margin-left: auto; display: block;\" src=\"https:\/\/sgp.geodezja.org.pl\/wp-content\/uploads\/2014\/12\/ZGSGP_12122014_1-scaled.jpg\" alt=\"\" width=\"200\" height=\"94\" srcset=\"https:\/\/sgp.geodezja.org.pl\/wp-content\/uploads\/2014\/12\/ZGSGP_12122014_1-scaled.jpg 2560w, https:\/\/sgp.geodezja.org.pl\/wp-content\/uploads\/2014\/12\/ZGSGP_12122014_1-scaled-800x378.jpg 800w, https:\/\/sgp.geodezja.org.pl\/wp-content\/uploads\/2014\/12\/ZGSGP_12122014_1-300x142.jpg 300w, https:\/\/sgp.geodezja.org.pl\/wp-content\/uploads\/2014\/12\/ZGSGP_12122014_1-1024x484.jpg 1024w, https:\/\/sgp.geodezja.org.pl\/wp-content\/uploads\/2014\/12\/ZGSGP_12122014_1-768x363.jpg 768w, https:\/\/sgp.geodezja.org.pl\/wp-content\/uploads\/2014\/12\/ZGSGP_12122014_1-1536x726.jpg 1536w, https:\/\/sgp.geodezja.org.pl\/wp-content\/uploads\/2014\/12\/ZGSGP_12122014_1-2048x968.jpg 2048w, https:\/\/sgp.geodezja.org.pl\/wp-content\/uploads\/2014\/12\/ZGSGP_12122014_1-1920x907.jpg 1920w\" sizes=\"auto, (max-width: 200px) 100vw, 200px\" \/><\/p>\n<p style=\"text-align: justify;\">Jubilat wst\u0105pi\u0142 do Stowarzyszenia 1\u00a0pa\u017adziernika 1959 r. Aktywn\u0105 dzia\u0142alno\u015b\u0107 rozpocz\u0105\u0142 w\u00a01979 r. pe\u0142ni\u0105c szereg funkcji w\u00a0bydgoskim zarz\u0105dzie oddzia\u0142u i w Zarz\u0105dzie G\u0142\u00f3wnym Stowarzyszenia, nieprzerwanie do chwili obecnej, jednocze\u015bnie prowadz\u0105c dzia\u0142alno\u015b\u0107 redakcyjn\u0105 dokumentuj\u0105c\u0105 wydarzenia w Stowarzyszeniu Geodet\u00f3w Polskich. Kolega Wili\u0144ski zosta\u0142 uhonorowany wieloma Odznaczeniami.<\/p>\n<p><span style=\"color: #008000;\"><a href=\"https:\/\/sgp.geodezja.org.pl\/wp-content\/uploads\/2014\/12\/Wilinski_Stanislaw_80_lecie_20141211.pdf\">Kr\u00f3tka biografia i osi\u0105gni\u0119cia Jubilata &gt;&gt;&gt;<\/a><\/span><\/p>\n<p>\u00a0Prezentacj\u0119: osi\u0105gni\u0119cia i kr\u00f3tka biografia Jubilata przygotowa\u0142a Kol. Ludmi\u0142a Pietrzak<\/p>\n<p>\u00a0<\/p>\n<p>\u00a0<\/p>\n<p style=\"text-align: right;\">VK<\/p>\n<p>\u00a0<\/p>","protected":false},"excerpt":{"rendered":"<p>17 listopada 2014\u00a0r. 80 lat sko\u0144czy\u0142 nasz Kolega Pan Stanis\u0142aw Marcin Wili\u0144ski, Cz\u0142onek Honorowy Stowarzyszenia Geodet\u00f3w Polskich.<\/p>","protected":false},"author":2,"featured_media":576,"comment_status":"open","ping_status":"open","sticky":false,"template":"","format":"standard","meta":{"two_page_speed":[],"footnotes":""},"categories":[10],"tags":[],"class_list":["post-580","post","type-post","status-publish","format-standard","has-post-thumbnail","hentry","category-informacje"],"_links":{"self":[{"href":"https:\/\/sgp.geodezja.org.pl\/en\/wp-json\/wp\/v2\/posts\/580","targetHints":{"allow":["GET"]}}],"collection":[{"href":"https:\/\/sgp.geodezja.org.pl\/en\/wp-json\/wp\/v2\/posts"}],"about":[{"href":"https:\/\/sgp.geodezja.org.pl\/en\/wp-json\/wp\/v2\/types\/post"}],"author":[{"embeddable":true,"href":"https:\/\/sgp.geodezja.org.pl\/en\/wp-json\/wp\/v2\/users\/2"}],"replies":[{"embeddable":true,"href":"https:\/\/sgp.geodezja.org.pl\/en\/wp-json\/wp\/v2\/comments?post=580"}],"version-history":[{"count":0,"href":"https:\/\/sgp.geodezja.org.pl\/en\/wp-json\/wp\/v2\/posts\/580\/revisions"}],"wp:featuredmedia":[{"embeddable":true,"href":"https:\/\/sgp.geodezja.org.pl\/en\/wp-json\/wp\/v2\/media\/576"}],"wp:attachment":[{"href":"https:\/\/sgp.geodezja.org.pl\/en\/wp-json\/wp\/v2\/media?parent=580"}],"wp:term":[{"taxonomy":"category","embeddable":true,"href":"https:\/\/sgp.geodezja.org.pl\/en\/wp-json\/wp\/v2\/categories?post=580"},{"taxonomy":"post_tag","embeddable":true,"href":"https:\/\/sgp.geodezja.org.pl\/en\/wp-json\/wp\/v2\/tags?post=580"}],"curies":[{"name":"wp","href":"https:\/\/api.w.org\/{rel}","templated":true}]}}