{"id":592,"date":"2014-12-29T16:02:14","date_gmt":"2014-12-29T15:02:14","guid":{"rendered":"https:\/\/2.budowaniestron.pl\/podsumowanie-dnia-teledetekcji-pt-podniebni-szpiedzy\/"},"modified":"2014-12-29T16:02:14","modified_gmt":"2014-12-29T15:02:14","slug":"podsumowanie-dnia-teledetekcji-pt-podniebni-szpiedzy","status":"publish","type":"post","link":"https:\/\/sgp.geodezja.org.pl\/en\/podsumowanie-dnia-teledetekcji-pt-podniebni-szpiedzy\/","title":{"rendered":"Podsumowanie Dnia Teledetekcji pt. &#8222;Podniebni szpiedzy&#8221;"},"content":{"rendered":"<p style=\"text-align: justify;\">17 grudnia 2014 roku w rocznic\u0119 pierwszego lotu Braci Wright na Wydziale Geodezji i Kartografii Politechniki Warszawskiej odby\u0142a si\u0119 kolejna edycja Dnia Teledetekcji. Wydarzenie to ma na celu popularyzacj\u0119 technik zdalnego pozyskiwania danych i jego wykorzystywania w r\u00f3\u017cnych dziedzinach.<\/p>\n<p>  <!--more-->  <\/p>\n<p style=\"text-align: justify;\">\u00a0<\/p>\n<p>17 grudnia 2014 roku w rocznic\u0119 pierwszego lotu Braci Wright na Wydziale Geodezji i Kartografii Politechniki Warszawskiej odby\u0142a si\u0119 kolejna edycja Dnia Teledetekcji. Wydarzenie to ma na celu popularyzacj\u0119 technik zdalnego pozyskiwania danych i jego wykorzystywania w r\u00f3\u017cnych dziedzinach.<\/p>\n<p style=\"text-align: justify;\">Tegoroczna konferencja pt. &#8222;Podniebni Szpiedzy&#8221; porusza\u0142a tematyk\u0119 militarn\u0105, a dok\u0142adnie stosowania technik teledetekcyjnych w rozpoznaniu i wywiadzie wojskowym. Konferencj\u0119 Patronatem Honorowym obj\u0105\u0142 Prorektor Politechniki Warszawskiej ds. Nauki prof. dr hab. Rajmund Bacewicz oraz Dziekan Wydzia\u0142u Geodezji i Kartografii Politechniki Warszawskiej prof. dr hab. Alina Maciejewska.<\/p>\n<p style=\"text-align: justify;\"><img loading=\"lazy\" decoding=\"async\" class=\"size-full wp-image-588\" src=\"https:\/\/sgp.geodezja.org.pl\/wp-content\/uploads\/2014\/12\/403-1.JPG\" alt=\"\" width=\"889\" height=\"430\" srcset=\"https:\/\/sgp.geodezja.org.pl\/wp-content\/uploads\/2014\/12\/403-1.JPG 889w, https:\/\/sgp.geodezja.org.pl\/wp-content\/uploads\/2014\/12\/403-1-800x387.jpg 800w, https:\/\/sgp.geodezja.org.pl\/wp-content\/uploads\/2014\/12\/403-1-300x145.jpg 300w, https:\/\/sgp.geodezja.org.pl\/wp-content\/uploads\/2014\/12\/403-1-768x371.jpg 768w, https:\/\/sgp.geodezja.org.pl\/wp-content\/uploads\/2014\/12\/403-1-124x60.jpg 124w\" sizes=\"auto, (max-width: 889px) 100vw, 889px\" \/><\/p>\n<p>Fot. 1. Rozpocz\u0119cie wydarzenia przez Katarzyn\u0119 Osi\u0144sk\u0105-Skotak, \u017ar\u00f3d\u0142o: K.Kami\u0144ska<\/p>\n<p style=\"text-align: justify;\">Dzie\u0144 Teledetekcji rozpocz\u0119\u0142a dr hab. in\u017c. Katarzyna Osi\u0144ska- Skotak, organizatorka wydarzenia, kt\u00f3ra przypomnia\u0142a wszystkim genez\u0119 obchod\u00f3w Dnia Teledetekcji. Nast\u0119pnie Dziekan Wydzia\u0142u Geodezji i Kartografii Politechniki Warszawskiej prof. dr hab. Alina Maciejewska, powita\u0142a przyby\u0142ych go\u015bci, w\u015br\u00f3d kt\u00f3rych znale\u017ali si\u0119 m.in. prof. Piotr Wola\u0144ski &#8211; przewodnicz\u0105cy Komitetu Bada\u0144 Kosmicznych i Satelitarnych przy Prezydium PAN, dr in\u017c. Miros\u0142aw Rataj i dr in\u017c. Piotr Orlea\u0144ski z Centrum Bada\u0144 Kosmicznych, przedstawiciele Instytutu Geodezji i Kartografii oraz pracownicy Wydzia\u0142u Geodezji i Kartografii PW. Swoj\u0105 obecno\u015bci\u0105 zaszczyci\u0142 wszystkich Prorektor ds. Nauki prof. dr hab. Rajmund Bacewicz, kt\u00f3ry z dum\u0105 wypowiedzia\u0142 si\u0119 na temat organizacji podobnych przedsi\u0119wzi\u0119\u0107 na Politechnice Warszawskiej oraz powo\u0142ania Platformy Technik Kosmicznych, kt\u00f3ra by\u0142a wsp\u00f3\u0142organizatorem wydarzenia.<\/p>\n<p style=\"text-align: justify;\">Prelegentem, kt\u00f3ry wyst\u0105pi\u0142 jako pierwszy by\u0142 prof. dr hab. in\u017c. Romuald Kaczy\u0144ski z Wojskowej Akademii Technicznej, kt\u00f3ry opowiedzia\u0142 o szpiegowskich systemach satelitarnych w czasach &#8222;zimnej wojny&#8221;. Pierwsze zdj\u0119cia szpiegowskie Stan\u00f3w Zjednoczonych nad terenami ZSRR zosta\u0142y wykonane z balon\u00f3w i misji lotniczych, dopiero wprowadzenie programu Corona, wykorzystuj\u0105cego satelity zrewolucjonizowa\u0142o wojskowy wywiad CIA. \u0141\u0105cznie wykonano 362 misje kamerami o terenowym rozmiarze piksela pocz\u0105tkowo na poziomie 10-13m., p\u00f3\u017aniej 2m, kt\u00f3re zosta\u0142y odtajnione dopiero w 1995r. Odpowiedzi\u0105 ZSRR na polityk\u0119 Stan\u00f3w Zjednoczonych by\u0142o stworzenie programu ZENIT. A\u017c 1\/3 radzieckich misji KOSMOS by\u0142a u\u017cyta do szpiegowania!<\/p>\n<p style=\"text-align: justify;\">Na temat obecnego stanu wojskowego rozpoznania i jego perspektyw m\u00f3wi\u0142 mjr Rafa\u0142 D\u0105browski. Prelegent z Wojskowej Akademii Technicznej wyt\u0142umaczy\u0142, w jaki spos\u00f3b nast\u0119puje detekcja obiekt\u00f3w zainteresowania wojska oraz okre\u015blanie zdolno\u015bci bojowej z r\u00f3\u017cnych poziom\u00f3w. Uczestnicy dowiedzieli si\u0119, \u017ce rozpoznanie bojowe nast\u0119puje zar\u00f3wno z ziemi jak i powietrza, z wykorzystaniem bardzo modnych ostatnio dron\u00f3w. Jak wiadomo zdolno\u015b\u0107 rozdzielcza wojskowych system\u00f3w satelitarnych jest spraw\u0105 niejawn\u0105, dlatego major pos\u0142u\u017cy\u0142 si\u0119 danymi znalezionymi w Internecie, by zobrazowa\u0107 wszystkim, jakie pa\u0144stwa mo\u017cemy uzna\u0107 za najwi\u0119kszych &#8222;szpieg\u00f3w&#8221;.<\/p>\n<p style=\"text-align: justify;\"><img loading=\"lazy\" decoding=\"async\" class=\"size-full wp-image-589\" src=\"https:\/\/sgp.geodezja.org.pl\/wp-content\/uploads\/2014\/12\/403-2.JPG\" alt=\"\" width=\"786\" height=\"477\" srcset=\"https:\/\/sgp.geodezja.org.pl\/wp-content\/uploads\/2014\/12\/403-2.JPG 786w, https:\/\/sgp.geodezja.org.pl\/wp-content\/uploads\/2014\/12\/403-2-300x182.jpg 300w, https:\/\/sgp.geodezja.org.pl\/wp-content\/uploads\/2014\/12\/403-2-768x466.jpg 768w\" sizes=\"auto, (max-width: 786px) 100vw, 786px\" \/><\/p>\n<p>Fot.2. Fragment sali obrad, z Dziekan Wydzia\u0142u GiK w pierwszym rz\u0119dzie, \u017ar\u00f3d\u0142o: K.Kami\u0144ska<\/p>\n<p style=\"text-align: justify;\">Drug\u0105 cz\u0119\u015b\u0107 konferencji rozpocz\u0119\u0142a prezentacja na temat system\u00f3w satelitarnych podw\u00f3jnego zastosowania (&#8222;dual-use&#8221;) jako \u017ar\u00f3d\u0142o danych dla rozpoznania obrazowego. Referat mgr in\u017c. Piotra Kozy z Astri Polska dotyczy\u0142 po\u0142\u0105czenia technologii tzw. podw\u00f3jnego przeznaczenia dla cel\u00f3w cywilnych i wojskowych. Uczestnicy mogli zobaczy\u0107 ile trwa dostarczanie danych satelitarnych w dzisiejszych czasach i na czym polega rozpoznanie obiekt\u00f3w na zdj\u0119ciach.<\/p>\n<p style=\"text-align: justify;\">Kolejnym i ostatnim prezentuj\u0105cym by\u0142 reprezentant Sztabu Generalnego Wojska Polskiego pp\u0142k S\u0142awomir Jakubiuk. Jego wyst\u0105pienie dotyczy\u0142o za\u0142o\u017ce\u0144 programu budowy satelitarnego systemu optoelektronicznej obserwacji Ziemi w Polsce. G\u0142\u00f3wne cele realizowane przez program obejmuj\u0105 opracowanie technologii i urz\u0105dze\u0144 oraz budow\u0119 satelitarnego systemu optoelektronicznej obserwacji Ziemi. Dodatkowo przewiduje si\u0119 rozw\u00f3j technologii zwi\u0105zanymi z platformami i sensorami satelitarnymi oraz rozw\u00f3j polskiego potencja\u0142u naukowego.<\/p>\n<p style=\"text-align: justify;\">Przez ca\u0142y Dzie\u0144 uczestnicy konferencji mieli okazj\u0119 podziwia\u0107 wystaw\u0119 po\u015bwi\u0119con\u0105 zdj\u0119ciom satelitarnym i lotniczym, kt\u00f3re mia\u0142y istotny wp\u0142yw z punktu widzenia militarnego. Obok wystawy prezentowa\u0142o si\u0119 r\u00f3wnie\u017c Studenckie Ko\u0142o Astronautyczne, firmy Astri Polska, Esri Polska oraz Intergraph Polska.<\/p>\n<p style=\"text-align: justify;\"><img loading=\"lazy\" decoding=\"async\" class=\"size-full wp-image-590\" src=\"https:\/\/sgp.geodezja.org.pl\/wp-content\/uploads\/2014\/12\/403-3.JPG\" alt=\"\" width=\"768\" height=\"371\" srcset=\"https:\/\/sgp.geodezja.org.pl\/wp-content\/uploads\/2014\/12\/403-3.JPG 768w, https:\/\/sgp.geodezja.org.pl\/wp-content\/uploads\/2014\/12\/403-3-300x145.jpg 300w\" sizes=\"auto, (max-width: 768px) 100vw, 768px\" \/><\/p>\n<p>Fot.3. Wystawa po\u015bwi\u0119cona zdj\u0119ciom satelitarnym i lotniczym, \u017ar\u00f3d\u0142o: K.Kami\u0144ska<\/p>\n<p style=\"text-align: justify;\">Uwie\u0144czeniem Dnia Teledetekcji by\u0142 panel dyskusyjny, w kt\u00f3rym udzia\u0142 wzi\u0119li wszyscy prelegenci. Pytania kierowane do go\u015bci dotyczy\u0142y m.in. nak\u0142ad\u00f3w finansowych na technologie kosmiczne, wsp\u00f3\u0142prac\u0119 pomi\u0119dzy sojusznikami, jak i monitoringu bezza\u0142ogowych statk\u00f3w kosmicznych. Podczas panelu g\u0142os zabra\u0142 r\u00f3wnie\u017c prof. dr hab. in\u017c. Stanis\u0142aw Bia\u0142ousz, kt\u00f3ry zauwa\u017cy\u0142, \u017ce gdyby nie program Corona, dzi\u0119ki kt\u00f3remu USA w pa\u017adzierniku 1962 roku odkry\u0142o w tajemnicy rozmieszczone przez ZSRR rakiety balistyczne z g\u0142owicami j\u0105drowymi na Kubie mogliby\u015bmy \u017cy\u0107 dzisiaj w innym \u015bwiecie.<\/p>\n<p style=\"text-align: justify;\">Na zako\u0144czenie konferencji odby\u0142o si\u0119 wr\u0119czenie nagr\u00f3d za organizowane przez Stowarzyszenie Student\u00f3w Wydzia\u0142u Geodezji i Kartografii Politechniki Warszawskiej &#8222;Geoida&#8221; konkursy podczas Dnia Teledetekcji tj.: TeleZagadka, teledetekcyjny Quiz oraz Krzy\u017c\u00f3wka, jak i konkurs na najlepsze zdj\u0119cie satelitarne.<\/p>\n<p style=\"text-align: justify;\">Serdecznie dzi\u0119kujemy naszym partnerom: Eco-driving, Polska Zbrojna, Esri, Intergraph, MGGP Aero oraz redakcji portalu Geoforum oraz miesi\u0119cznika Geodeta za ufundowanie nagr\u00f3d dla zwyci\u0119zc\u00f3w. Podzi\u0119kowania sk\u0142adamy r\u00f3wnie\u017c naszym Patronom medialnym; portalowi Gisplay.pl, Geoforum, Polibuda.info, Kosmonauta.net, miesi\u0119cznikom Wiedza i \u017bycie, Przegl\u0105d Geodezyjny, Astronomia Amatorska i Polska Zbrojna oraz Fundacji Losy Ziemi bez kt\u00f3rych konferencja nie zako\u0144czy\u0142aby si\u0119 takim sukcesem.<\/p>\n<p style=\"text-align: justify;\">Ju\u017c dzi\u015b organizatorzy zapraszaj\u0105 na przysz\u0142oroczn\u0105 edycj\u0119 Dnia Teledetekcji!<\/p>\n<p style=\"text-align: justify;\"><img loading=\"lazy\" decoding=\"async\" class=\"size-full wp-image-591\" src=\"https:\/\/sgp.geodezja.org.pl\/wp-content\/uploads\/2014\/12\/403-4.JPG\" alt=\"\" width=\"978\" height=\"478\" srcset=\"https:\/\/sgp.geodezja.org.pl\/wp-content\/uploads\/2014\/12\/403-4.JPG 978w, https:\/\/sgp.geodezja.org.pl\/wp-content\/uploads\/2014\/12\/403-4-800x391.jpg 800w, https:\/\/sgp.geodezja.org.pl\/wp-content\/uploads\/2014\/12\/403-4-300x147.jpg 300w, https:\/\/sgp.geodezja.org.pl\/wp-content\/uploads\/2014\/12\/403-4-768x375.jpg 768w\" sizes=\"auto, (max-width: 978px) 100vw, 978px\" \/><\/p>\n<p>Fot. 4. Organizatorzy zapraszaj\u0105 na przysz\u0142oroczn\u0105 edycj\u0119 wydarzenia, \u017ar\u00f3d\u0142o: K.Kami\u0144ska<\/p>\n<p style=\"text-align: justify;\">Opracowa\u0142a: Karolina Kami\u0144ska,<br \/>Stowarzyszenie Student\u00f3w Wydzia\u0142u Geodezji i Kartografii Politechniki Warszawskiej &#8222;Geoida&#8221;<\/p>\n<p style=\"text-align: justify;\">R\u0141<\/p>","protected":false},"excerpt":{"rendered":"<p>17 grudnia 2014 roku w rocznic\u0119 pierwszego lotu Braci Wright na Wydziale Geodezji i Kartografii Politechniki Warszawskiej odby\u0142a si\u0119 kolejna edycja Dnia Teledetekcji. Wydarzenie to ma na celu popularyzacj\u0119 technik zdalnego pozyskiwania danych i jego wykorzystywania w r\u00f3\u017cnych dziedzinach.<\/p>","protected":false},"author":2,"featured_media":588,"comment_status":"open","ping_status":"open","sticky":false,"template":"","format":"standard","meta":{"two_page_speed":[],"footnotes":""},"categories":[10],"tags":[],"class_list":["post-592","post","type-post","status-publish","format-standard","has-post-thumbnail","hentry","category-informacje"],"_links":{"self":[{"href":"https:\/\/sgp.geodezja.org.pl\/en\/wp-json\/wp\/v2\/posts\/592","targetHints":{"allow":["GET"]}}],"collection":[{"href":"https:\/\/sgp.geodezja.org.pl\/en\/wp-json\/wp\/v2\/posts"}],"about":[{"href":"https:\/\/sgp.geodezja.org.pl\/en\/wp-json\/wp\/v2\/types\/post"}],"author":[{"embeddable":true,"href":"https:\/\/sgp.geodezja.org.pl\/en\/wp-json\/wp\/v2\/users\/2"}],"replies":[{"embeddable":true,"href":"https:\/\/sgp.geodezja.org.pl\/en\/wp-json\/wp\/v2\/comments?post=592"}],"version-history":[{"count":0,"href":"https:\/\/sgp.geodezja.org.pl\/en\/wp-json\/wp\/v2\/posts\/592\/revisions"}],"wp:featuredmedia":[{"embeddable":true,"href":"https:\/\/sgp.geodezja.org.pl\/en\/wp-json\/wp\/v2\/media\/588"}],"wp:attachment":[{"href":"https:\/\/sgp.geodezja.org.pl\/en\/wp-json\/wp\/v2\/media?parent=592"}],"wp:term":[{"taxonomy":"category","embeddable":true,"href":"https:\/\/sgp.geodezja.org.pl\/en\/wp-json\/wp\/v2\/categories?post=592"},{"taxonomy":"post_tag","embeddable":true,"href":"https:\/\/sgp.geodezja.org.pl\/en\/wp-json\/wp\/v2\/tags?post=592"}],"curies":[{"name":"wp","href":"https:\/\/api.w.org\/{rel}","templated":true}]}}