{"id":627,"date":"2015-02-10T19:36:52","date_gmt":"2015-02-10T18:36:52","guid":{"rendered":"https:\/\/2.budowaniestron.pl\/ii-kongres-nauk-sadowych-warszawa-czerwiec-2015-r\/"},"modified":"2015-02-10T19:36:52","modified_gmt":"2015-02-10T18:36:52","slug":"ii-kongres-nauk-sadowych-warszawa-czerwiec-2015-r","status":"publish","type":"post","link":"https:\/\/sgp.geodezja.org.pl\/en\/ii-kongres-nauk-sadowych-warszawa-czerwiec-2015-r\/","title":{"rendered":"II Kongres Nauk S\u0105dowych \u2013 Warszawa, 20 czerwiec 2015 r."},"content":{"rendered":"<p>II Kongres Nauk S\u0105dowych odb\u0119dzie si\u0119 dnia 20 czerwca 2015\u00a0r. w Auditorium Maximum Uniwersytetu Warszawskiego, ul. Krakowskie Przedmie\u015bcie 26\/28.<\/p>\n<p>  <!--more-->  <\/p>\n<p>II Kongres Nauk S\u0105dowych odb\u0119dzie si\u0119 dnia 20 czerwca 2015\u00a0r. w Auditorium Maximum Uniwersytetu Warszawskiego, ul. Krakowskie Przedmie\u015bcie 26\/28. Stowarzyszenie Geodet\u00f3w Polskich Stowarzyszenie Geodet\u00f3w Polskich podj\u0119\u0142o wsp\u00f3\u0142prac\u0119 przy organizacji II Kongresu Nauk S\u0105dowych.<\/p>\n<p>Do wzi\u0119cia udzia\u0142u w Kongresie zapraszani s\u0105 biegli s\u0105dowi wpisani na listy bieg\u0142ych w s\u0105dach okr\u0119gowych, jak r\u00f3wnie\u017c osoby, kt\u00f3re wyst\u0119puj\u0105 w sprawach karnych i cywilnych, jako biegli ad hoc oraz wszystkie osoby zainteresowane funkcjonowaniem bieg\u0142ych w wymiarze sprawiedliwo\u015bci.<\/p>\n<p>Wi\u0119cej informacji dotycz\u0105cych II\u00a0Kongres Nauk S\u0105dowych na stronie <a href=\"http:\/\/1kns.pl\/2kns\/\">http:\/\/1kns.pl\/2kns\/<\/a>.<\/p>\n<p>Stowarzyszenie Geodet\u00f3w Polskich uczestniczy\u0142o w organizacji I\u00a0Kongresu Nauk S\u0105dowych, kt\u00f3ry odby\u0142 si\u0119 27 listopada 2010\u00a0r. w tym samym miejscu. W-ce\u00a0Przewodnicz\u0105cym Komitetu Organizacyjnego I\u00a0KNS by\u0142 mgr Leszek Cieciura.<\/p>\n<p>\u00a0<\/p>\n<p>Do pobrania:<\/p>\n<p><span style=\"color: #339966;\"><a href=\"https:\/\/sgp.geodezja.org.pl\/wp-content\/uploads\/2015\/02\/Komunikat_II_KNS_2.pdf\">Komunikat II KNS &gt;&gt;&gt;<\/a><\/span><\/p>\n<p><span style=\"color: #339966;\"><a href=\"https:\/\/sgp.geodezja.org.pl\/wp-content\/uploads\/2015\/02\/Karta_uczestnictwa_II_KNS.doc\">Karta uczestnictwa Microsoft Office Word (.doc) &gt;&gt;&gt;<\/a><\/span><\/p>\n<p><span style=\"color: #339966;\"><a href=\"https:\/\/sgp.geodezja.org.pl\/wp-content\/uploads\/2015\/02\/Karta_uczestnictwa_II_KNS.pdf\">Karta uczestnictwa Adobe Reader (.pdf) &gt;&gt;&gt;<\/a><\/span><\/p>\n<p style=\"text-align: right;\">VK<\/p>","protected":false},"excerpt":{"rendered":"<p>II Kongres Nauk S\u0105dowych odb\u0119dzie si\u0119 dnia 20 czerwca 2015\u00a0r. w Auditorium Maximum Uniwersytetu Warszawskiego, ul. Krakowskie Przedmie\u015bcie 26\/28.<\/p>","protected":false},"author":2,"featured_media":0,"comment_status":"open","ping_status":"open","sticky":false,"template":"","format":"standard","meta":{"two_page_speed":[],"footnotes":""},"categories":[10],"tags":[],"class_list":["post-627","post","type-post","status-publish","format-standard","hentry","category-informacje"],"_links":{"self":[{"href":"https:\/\/sgp.geodezja.org.pl\/en\/wp-json\/wp\/v2\/posts\/627","targetHints":{"allow":["GET"]}}],"collection":[{"href":"https:\/\/sgp.geodezja.org.pl\/en\/wp-json\/wp\/v2\/posts"}],"about":[{"href":"https:\/\/sgp.geodezja.org.pl\/en\/wp-json\/wp\/v2\/types\/post"}],"author":[{"embeddable":true,"href":"https:\/\/sgp.geodezja.org.pl\/en\/wp-json\/wp\/v2\/users\/2"}],"replies":[{"embeddable":true,"href":"https:\/\/sgp.geodezja.org.pl\/en\/wp-json\/wp\/v2\/comments?post=627"}],"version-history":[{"count":0,"href":"https:\/\/sgp.geodezja.org.pl\/en\/wp-json\/wp\/v2\/posts\/627\/revisions"}],"wp:attachment":[{"href":"https:\/\/sgp.geodezja.org.pl\/en\/wp-json\/wp\/v2\/media?parent=627"}],"wp:term":[{"taxonomy":"category","embeddable":true,"href":"https:\/\/sgp.geodezja.org.pl\/en\/wp-json\/wp\/v2\/categories?post=627"},{"taxonomy":"post_tag","embeddable":true,"href":"https:\/\/sgp.geodezja.org.pl\/en\/wp-json\/wp\/v2\/tags?post=627"}],"curies":[{"name":"wp","href":"https:\/\/api.w.org\/{rel}","templated":true}]}}