{"id":656,"date":"2015-02-28T16:01:25","date_gmt":"2015-02-28T15:01:25","guid":{"rendered":"https:\/\/2.budowaniestron.pl\/zapowiedz-konferencji-n-t-gospodarka-przestrzenna-w-naukach-technicznych\/"},"modified":"2015-02-28T16:01:25","modified_gmt":"2015-02-28T15:01:25","slug":"zapowiedz-konferencji-n-t-gospodarka-przestrzenna-w-naukach-technicznych","status":"publish","type":"post","link":"https:\/\/sgp.geodezja.org.pl\/en\/zapowiedz-konferencji-n-t-gospodarka-przestrzenna-w-naukach-technicznych\/","title":{"rendered":"Zapowied\u017a konferencji n. t.: \u201eGospodarka Przestrzenna w Naukach Technicznych\u201d"},"content":{"rendered":"<p>Katedra Gospodarki Przestrzennej i Nauk o \u015arodowisku Przyrodniczym ma zaszczyt poinformowa\u0107 i zaprosi\u0107 do uczestnictwa w Konferencji Naukowej pt. \u201eGospodarka Przestrzenna w Naukach Technicznych\u201d organizowanej w Ma\u0142ej Auli Gmachu G\u0142\u00f3wnego Politechniki Warszawskiej w dniach 8 \u2013 9 pa\u017adziernika 2015 roku.<\/p>\n<p>  <!--more-->  <\/p>\n<p><img loading=\"lazy\" decoding=\"async\" class=\"size-full wp-image-654\" src=\"https:\/\/sgp.geodezja.org.pl\/wp-content\/uploads\/2015\/02\/415.JPG\" alt=\"\" width=\"986\" height=\"380\" srcset=\"https:\/\/sgp.geodezja.org.pl\/wp-content\/uploads\/2015\/02\/415.JPG 986w, https:\/\/sgp.geodezja.org.pl\/wp-content\/uploads\/2015\/02\/415-800x308.jpg 800w, https:\/\/sgp.geodezja.org.pl\/wp-content\/uploads\/2015\/02\/415-300x116.jpg 300w, https:\/\/sgp.geodezja.org.pl\/wp-content\/uploads\/2015\/02\/415-768x296.jpg 768w, https:\/\/sgp.geodezja.org.pl\/wp-content\/uploads\/2015\/02\/415-156x60.jpg 156w\" sizes=\"auto, (max-width: 986px) 100vw, 986px\" \/><\/p>\n<p>Katedra Gospodarki Przestrzennej i Nauk o \u015arodowisku Przyrodniczym ma zaszczyt poinformowa\u0107 i zaprosi\u0107 do uczestnictwa w Konferencji Naukowej pt. \u201eGospodarka Przestrzenna w Naukach Technicznych\u201d organizowanej w Ma\u0142ej Auli Gmachu G\u0142\u00f3wnego Politechniki Warszawskiej w dniach 8 \u2013 9 pa\u017adziernika 2015 roku.<\/p>\n<p><a href=\"https:\/\/sgp.geodezja.org.pl\/wp-content\/uploads\/2015\/02\/415.pdf\">Og\u0142oszenie &gt;&gt;&gt;<\/a><\/p>\n<p><a href=\"http:\/\/www.kgpinsp.gik.pw.edu.pl\">Strona internetowa konferencji &gt;&gt;&gt;<\/a><\/p>\n<p>R\u0141<\/p>","protected":false},"excerpt":{"rendered":"<p>Katedra Gospodarki Przestrzennej i Nauk o \u015arodowisku Przyrodniczym ma zaszczyt poinformowa\u0107 i zaprosi\u0107 do uczestnictwa w Konferencji Naukowej pt. \u201eGospodarka Przestrzenna w Naukach Technicznych\u201d organizowanej w Ma\u0142ej Auli Gmachu G\u0142\u00f3wnego Politechniki Warszawskiej w dniach 8 \u2013 9 pa\u017adziernika 2015 roku.<\/p>","protected":false},"author":2,"featured_media":654,"comment_status":"open","ping_status":"open","sticky":false,"template":"","format":"standard","meta":{"two_page_speed":[],"footnotes":""},"categories":[10],"tags":[],"class_list":["post-656","post","type-post","status-publish","format-standard","has-post-thumbnail","hentry","category-informacje"],"_links":{"self":[{"href":"https:\/\/sgp.geodezja.org.pl\/en\/wp-json\/wp\/v2\/posts\/656","targetHints":{"allow":["GET"]}}],"collection":[{"href":"https:\/\/sgp.geodezja.org.pl\/en\/wp-json\/wp\/v2\/posts"}],"about":[{"href":"https:\/\/sgp.geodezja.org.pl\/en\/wp-json\/wp\/v2\/types\/post"}],"author":[{"embeddable":true,"href":"https:\/\/sgp.geodezja.org.pl\/en\/wp-json\/wp\/v2\/users\/2"}],"replies":[{"embeddable":true,"href":"https:\/\/sgp.geodezja.org.pl\/en\/wp-json\/wp\/v2\/comments?post=656"}],"version-history":[{"count":0,"href":"https:\/\/sgp.geodezja.org.pl\/en\/wp-json\/wp\/v2\/posts\/656\/revisions"}],"wp:featuredmedia":[{"embeddable":true,"href":"https:\/\/sgp.geodezja.org.pl\/en\/wp-json\/wp\/v2\/media\/654"}],"wp:attachment":[{"href":"https:\/\/sgp.geodezja.org.pl\/en\/wp-json\/wp\/v2\/media?parent=656"}],"wp:term":[{"taxonomy":"category","embeddable":true,"href":"https:\/\/sgp.geodezja.org.pl\/en\/wp-json\/wp\/v2\/categories?post=656"},{"taxonomy":"post_tag","embeddable":true,"href":"https:\/\/sgp.geodezja.org.pl\/en\/wp-json\/wp\/v2\/tags?post=656"}],"curies":[{"name":"wp","href":"https:\/\/api.w.org\/{rel}","templated":true}]}}