{"id":661,"date":"2015-03-10T12:59:29","date_gmt":"2015-03-10T11:59:29","guid":{"rendered":"https:\/\/2.budowaniestron.pl\/ii-kongres-nauk-sadowych-warszawa-20-czerwca-2015-r\/"},"modified":"2015-03-10T12:59:29","modified_gmt":"2015-03-10T11:59:29","slug":"ii-kongres-nauk-sadowych-warszawa-20-czerwca-2015-r","status":"publish","type":"post","link":"https:\/\/sgp.geodezja.org.pl\/en\/ii-kongres-nauk-sadowych-warszawa-20-czerwca-2015-r\/","title":{"rendered":"II Kongres Nauk S\u0105dowych \u2013 Warszawa 20 czerwca 2015 r."},"content":{"rendered":"<p style=\"text-align: justify;\">Stowarzyszenie Geodet\u00f3w Polskich, jako cz\u0142onek Komitetu Organizacyjnego II KNS serdecznie zaprasza Pa\u0144stwa do wzi\u0119cia udzia\u0142u w\u00a0<strong>II\u00a0Kongresie Nauk S\u0105dowych<\/strong>, kt\u00f3ry odb\u0119dzie si\u0119 <strong>20 czerwca 2015<\/strong> roku w Auditorium Maximum Uniwersytetu Warszawskiego, ul.\u00a0Krakowskie Przedmie\u015bcie 26\/28 w\u00a0Warszawie.<\/p>\n<p>  <!--more-->  <\/p>\n<p style=\"text-align: justify;\">Stowarzyszenie Geodet\u00f3w Polskich, jako cz\u0142onek Komitetu Organizacyjnego II KNS serdecznie zaprasza Pa\u0144stwa do wzi\u0119cia udzia\u0142u w\u00a0<strong>II\u00a0Kongresie Nauk S\u0105dowych<\/strong>, kt\u00f3ry odb\u0119dzie si\u0119 <strong>20 czerwca 2015<\/strong> roku w Auditorium Maximum Uniwersytetu Warszawskiego, ul.\u00a0Krakowskie Przedmie\u015bcie 26\/28 w\u00a0Warszawie.<\/p>\n<p style=\"text-align: justify;\">Tematyka kongresu:<\/p>\n<p style=\"text-align: justify;\"><strong>1.\u00a0\u00a0\u00a0\u00a0\u00a0\u00a0 Zmiany w polskim post\u0119powaniu karnym. Nowe podej\u015bcie do zasady kontradyktoryjno\u015bci.<\/strong><\/p>\n<p style=\"text-align: justify;\"><strong>2.\u00a0\u00a0\u00a0\u00a0\u00a0\u00a0 Ustawa o bieg\u0142ych s\u0105dowych. Status bieg\u0142ego w Polsce.<\/strong><\/p>\n<p style=\"text-align: justify;\">Do wzi\u0119cia udzia\u0142u w Kongresie zapraszamy wszystkich bieg\u0142ych wpisanych na listy bieg\u0142ych w s\u0105dach okr\u0119gowych, jak r\u00f3wnie\u017c osoby, kt\u00f3re wyst\u0119puj\u0105 w sprawach karnych i cywilnych, jako biegli ad hoc oraz wszystkie osoby zainteresowane funkcjonowaniem bieg\u0142ych w\u00a0wymiarze sprawiedliwo\u015bci.<\/p>\n<p style=\"text-align: justify;\">Zmiany kodeksu post\u0119powania karnego, jakie maj\u0105 wej\u015b\u0107 w \u017cycie 1 lipca 2015 mog\u0105 w spos\u00f3b istotny zmieni\u0107 spos\u00f3b korzystania z\u00a0dowodu z opinii bieg\u0142ych, np. poprzez dopuszczenie mo\u017cliwo\u015bci wydawania opinii prywatnych.<\/p>\n<p style=\"text-align: justify;\">Drugim kluczowym problemem zwi\u0105zanym z funkcjonowaniem bieg\u0142ych w Polsce jest przygotowywany projekt ustawy o bieg\u0142ych s\u0105dowych. W zwi\u0105zku z tym wa\u017cne jest, aby \u015brodowisko bieg\u0142ych mog\u0142o przedyskutowa\u0107 te kwestie i przedstawi\u0107 na ich temat w\u0142asne stanowisko.<\/p>\n<p>\u00a0<\/p>\n<p>Szczeg\u00f3\u0142owe informacje dotycz\u0105ce kongresu, op\u0142aty oraz kart\u0119 zg\u0142oszenia znajd\u0105 Pa\u0144stwo na stronie <strong><a href=\"http:\/\/www.2kns.pl\/\">www.2kns.pl<\/a><\/strong>.<\/p>\n<p>\u00a0\u00a0<\/p>\n<p>Przewodnicz\u0105cy Komitetu Organizacyjnego II KNS<\/p>\n<p>Dr med. Jerzy Pobocha<\/p>\n<p>\u00a0<\/p>\n<p>Przewodnicz\u0105cy Rady Naukowej II KNS<\/p>\n<p>Prof. Tadeusz Tomaszewski<\/p>\n<p>\u00a0\u00a0<\/p>\n<p>Do pobrania:<\/p>\n<p><span style=\"color: #339966;\"><a href=\"https:\/\/sgp.geodezja.org.pl\/wp-content\/uploads\/2015\/03\/komunikat-nr-2.pdf\">Komunikat nr 2 &#8211; Adobe Reader (.pdf) &gt;&gt;&gt;<\/a><\/span><\/p>\n<p><a href=\"https:\/\/sgp.geodezja.org.pl\/wp-content\/uploads\/2015\/03\/Karta-uczestnictwa-II-KNS.doc\"><span style=\"color: #339966;\">Karta uczestnictwa II KNS &#8211; Microsoft Office Word (.doc) &gt;&gt;&gt;<\/span><\/a><\/p>\n<p><a href=\"https:\/\/sgp.geodezja.org.pl\/wp-content\/uploads\/2015\/03\/Karta-uczestnictwa-II-KNS.pdf\"><span style=\"color: #339966;\">Karta uczestnictwa II KNS &#8211; Adobe Reader (.pdf) &gt;&gt;&gt;<\/span><\/a><\/p>\n<p>\u00a0<\/p>\n<p>Informacj\u0119 przekaza\u0142a: Adela Sobina \u2011 II Kongres Nauk S\u0105dowych\u00a0<\/p>\n<p style=\"text-align: right;\">VK<\/p>","protected":false},"excerpt":{"rendered":"<p>Stowarzyszenie Geodet\u00f3w Polskich, jako cz\u0142onek Komitetu Organizacyjnego II KNS serdecznie zaprasza Pa\u0144stwa do wzi\u0119cia udzia\u0142u w\u00a0II\u00a0Kongresie Nauk S\u0105dowych, kt\u00f3ry odb\u0119dzie si\u0119 20 czerwca 2015 roku w Auditorium Maximum Uniwersytetu Warszawskiego, ul.\u00a0Krakowskie Przedmie\u015bcie 26\/28 w\u00a0Warszawie.<\/p>","protected":false},"author":2,"featured_media":0,"comment_status":"open","ping_status":"open","sticky":false,"template":"","format":"standard","meta":{"two_page_speed":[],"footnotes":""},"categories":[10],"tags":[],"class_list":["post-661","post","type-post","status-publish","format-standard","hentry","category-informacje"],"_links":{"self":[{"href":"https:\/\/sgp.geodezja.org.pl\/en\/wp-json\/wp\/v2\/posts\/661","targetHints":{"allow":["GET"]}}],"collection":[{"href":"https:\/\/sgp.geodezja.org.pl\/en\/wp-json\/wp\/v2\/posts"}],"about":[{"href":"https:\/\/sgp.geodezja.org.pl\/en\/wp-json\/wp\/v2\/types\/post"}],"author":[{"embeddable":true,"href":"https:\/\/sgp.geodezja.org.pl\/en\/wp-json\/wp\/v2\/users\/2"}],"replies":[{"embeddable":true,"href":"https:\/\/sgp.geodezja.org.pl\/en\/wp-json\/wp\/v2\/comments?post=661"}],"version-history":[{"count":0,"href":"https:\/\/sgp.geodezja.org.pl\/en\/wp-json\/wp\/v2\/posts\/661\/revisions"}],"wp:attachment":[{"href":"https:\/\/sgp.geodezja.org.pl\/en\/wp-json\/wp\/v2\/media?parent=661"}],"wp:term":[{"taxonomy":"category","embeddable":true,"href":"https:\/\/sgp.geodezja.org.pl\/en\/wp-json\/wp\/v2\/categories?post=661"},{"taxonomy":"post_tag","embeddable":true,"href":"https:\/\/sgp.geodezja.org.pl\/en\/wp-json\/wp\/v2\/tags?post=661"}],"curies":[{"name":"wp","href":"https:\/\/api.w.org\/{rel}","templated":true}]}}