{"id":687,"date":"2015-03-25T15:36:25","date_gmt":"2015-03-25T14:36:25","guid":{"rendered":"https:\/\/2.budowaniestron.pl\/viii-ogolnopolskie-sympozjum-geoinformacyjne-komunikat-nr-2\/"},"modified":"2015-03-25T15:36:25","modified_gmt":"2015-03-25T14:36:25","slug":"viii-ogolnopolskie-sympozjum-geoinformacyjne-komunikat-nr-2","status":"publish","type":"post","link":"https:\/\/sgp.geodezja.org.pl\/en\/viii-ogolnopolskie-sympozjum-geoinformacyjne-komunikat-nr-2\/","title":{"rendered":"VIII Og\u00f3lnopolskie Sympozjum Geoinformacyjne &#8211; komunikat nr 2"},"content":{"rendered":"<p><span style=\"color: #3f3f3f; font-size: 13px; font-family: OpenSansRegular, 'Trebuchet MS', Arial, Helvetica, sans-serif;\">VIII Og\u00f3lnopolskie Sympozjum Geoinformacyjne n. t.: \u201eWsp\u00f3\u0142czesne technologie geoinformacyjne w modelowaniu przestrzeni\u201d odb\u0119dzie si\u0119 w dniach 17 &#8211; 18 wrze\u015bnia 2015 r. w Warszawie i w Serocku.<\/span><\/p>\n<p>\u00a0<\/p>\n<p>  <!--more-->  <\/p>\n<p><span style=\"color: #3f3f3f; font-size: 13px; font-family: OpenSansRegular, 'Trebuchet MS', Arial, Helvetica, sans-serif;\"><img loading=\"lazy\" decoding=\"async\" class=\"size-full wp-image-685\" src=\"https:\/\/sgp.geodezja.org.pl\/wp-content\/uploads\/2015\/03\/150917a.JPG\" alt=\"\" width=\"679\" height=\"603\" srcset=\"https:\/\/sgp.geodezja.org.pl\/wp-content\/uploads\/2015\/03\/150917a.JPG 679w, https:\/\/sgp.geodezja.org.pl\/wp-content\/uploads\/2015\/03\/150917a-300x266.jpg 300w, https:\/\/sgp.geodezja.org.pl\/wp-content\/uploads\/2015\/03\/150917a-68x60.jpg 68w\" sizes=\"auto, (max-width: 679px) 100vw, 679px\" \/><\/span><\/p>\n<p><span style=\"color: #3f3f3f; font-size: 13px; font-family: OpenSansRegular, 'Trebuchet MS', Arial, Helvetica, sans-serif;\">VIII Og\u00f3lnopolskie Sympozjum Geoinformacyjne n. t.: \u201eWsp\u00f3\u0142czesne technologie geoinformacyjne w modelowaniu przestrzeni\u201d odb\u0119dzie si\u0119 w dniach 17 &#8211; 18 wrze\u015bnia 2015 r. w Warszawie i w Serocku.<\/span><\/p>\n<p><a href=\"https:\/\/sgp.geodezja.org.pl\/wp-content\/uploads\/2015\/03\/150917a.pdf\">Komunikat nr 2 &gt;&gt;&gt;<\/a><\/p>\n<p><span style=\"color: #3f3f3f; font-size: 13px; font-family: OpenSansRegular, 'Trebuchet MS', Arial, Helvetica, sans-serif;\">R\u0141<\/span><\/p>","protected":false},"excerpt":{"rendered":"<p>VIII Og\u00f3lnopolskie Sympozjum Geoinformacyjne n. t.: \u201eWsp\u00f3\u0142czesne technologie geoinformacyjne w modelowaniu przestrzeni\u201d odb\u0119dzie si\u0119 w dniach 17 &#8211; 18 wrze\u015bnia 2015 r. w Warszawie i w Serocku. \u00a0<\/p>","protected":false},"author":2,"featured_media":685,"comment_status":"open","ping_status":"open","sticky":false,"template":"","format":"standard","meta":{"two_page_speed":[],"footnotes":""},"categories":[10],"tags":[],"class_list":["post-687","post","type-post","status-publish","format-standard","has-post-thumbnail","hentry","category-informacje"],"_links":{"self":[{"href":"https:\/\/sgp.geodezja.org.pl\/en\/wp-json\/wp\/v2\/posts\/687","targetHints":{"allow":["GET"]}}],"collection":[{"href":"https:\/\/sgp.geodezja.org.pl\/en\/wp-json\/wp\/v2\/posts"}],"about":[{"href":"https:\/\/sgp.geodezja.org.pl\/en\/wp-json\/wp\/v2\/types\/post"}],"author":[{"embeddable":true,"href":"https:\/\/sgp.geodezja.org.pl\/en\/wp-json\/wp\/v2\/users\/2"}],"replies":[{"embeddable":true,"href":"https:\/\/sgp.geodezja.org.pl\/en\/wp-json\/wp\/v2\/comments?post=687"}],"version-history":[{"count":0,"href":"https:\/\/sgp.geodezja.org.pl\/en\/wp-json\/wp\/v2\/posts\/687\/revisions"}],"wp:featuredmedia":[{"embeddable":true,"href":"https:\/\/sgp.geodezja.org.pl\/en\/wp-json\/wp\/v2\/media\/685"}],"wp:attachment":[{"href":"https:\/\/sgp.geodezja.org.pl\/en\/wp-json\/wp\/v2\/media?parent=687"}],"wp:term":[{"taxonomy":"category","embeddable":true,"href":"https:\/\/sgp.geodezja.org.pl\/en\/wp-json\/wp\/v2\/categories?post=687"},{"taxonomy":"post_tag","embeddable":true,"href":"https:\/\/sgp.geodezja.org.pl\/en\/wp-json\/wp\/v2\/tags?post=687"}],"curies":[{"name":"wp","href":"https:\/\/api.w.org\/{rel}","templated":true}]}}