{"id":718,"date":"2015-04-13T15:03:07","date_gmt":"2015-04-13T13:03:07","guid":{"rendered":"https:\/\/2.budowaniestron.pl\/xxxvii-olimpiada-wiedzy-geodezyjnej-i-kartograficznej-seminarium-dla-nauczycieli\/"},"modified":"2015-04-13T15:03:07","modified_gmt":"2015-04-13T13:03:07","slug":"xxxvii-olimpiada-wiedzy-geodezyjnej-i-kartograficznej-seminarium-dla-nauczycieli","status":"publish","type":"post","link":"https:\/\/sgp.geodezja.org.pl\/en\/xxxvii-olimpiada-wiedzy-geodezyjnej-i-kartograficznej-seminarium-dla-nauczycieli\/","title":{"rendered":"XXXVII Olimpiada Wiedzy Geodezyjnej i Kartograficznej \u2013 Seminarium dla nauczycieli"},"content":{"rendered":"<p style=\"text-align: justify;\"><strong>W <\/strong>pi\u0105tek 10 kwietnia 2015 roku, w godzinach przedpo\u0142udniowych nauczyciele zawodu spotkali si\u0119, aby omawia\u0107 aktualny stan nauczania geodezji i kartografii na poziomie szko\u0142y \u015bredniej. Seminarium odby\u0142o si\u0119 z inicjatywy Stowarzyszenia Geodet\u00f3w Polskich i za aprobat\u0105 G\u0142\u00f3wnego Geodety Kraju. Obrady poprowadzi\u0142 <em>Stanis\u0142aw Grodzicki, <\/em>przy merytorycznym wsparciu <em>Ewy Wysockiej <\/em>reprezentuj\u0105cej G\u0142\u00f3wnego Geodet\u0119 Kraju oraz <em>Stanis\u0142awa Cegielskiego <\/em>Prezesa Stowarzyszenia Geodet\u00f3w Polskich.<\/p>\n<p>  <!--more-->  <\/p>\n<p style=\"text-align: justify;\">\u00a0<\/p>\n<p style=\"text-align: justify;\"><strong>W <\/strong>pi\u0105tek 10 kwietnia 2015 roku, w godzinach przedpo\u0142udniowych nauczyciele zawodu spotkali si\u0119, aby omawia\u0107 aktualny stan nauczania geodezji i kartografii na poziomie szko\u0142y \u015bredniej. Seminarium odby\u0142o si\u0119 z inicjatywy Stowarzyszenia Geodet\u00f3w Polskich i za aprobat\u0105 G\u0142\u00f3wnego Geodety Kraju. Obrady poprowadzi\u0142 <em>Stanis\u0142aw Grodzicki, <\/em>przy merytorycznym wsparciu <em>Ewy Wysockiej <\/em>reprezentuj\u0105cej G\u0142\u00f3wnego Geodet\u0119 Kraju oraz <em>Stanis\u0142awa Cegielskiego <\/em>Prezesa Stowarzyszenia Geodet\u00f3w Polskich.<\/p>\n<p><strong>W<\/strong> dyskusji, obok spraw bie\u017c\u0105cych, wyra\u017cono trosk\u0119 o uzyskiwanie po\u017c\u0105danego poziomu nauczania w technikach geodezyjnych. Niepok\u00f3j budzi nadmierna ilo\u015b\u0107 szk\u00f3\u0142 podejmuj\u0105cych si\u0119 \u2013 bez zapewnienia fachowej kadry nauczycielskiej oraz niezb\u0119dnego sprz\u0119tu i instrument\u00f3w do prowadzenia \u0107wicze\u0144 i praktyk zawodowych \u2013 nauczania geodezji.<\/p>\n<p style=\"text-align: center;\"><img loading=\"lazy\" decoding=\"async\" class=\"size-full wp-image-716\" src=\"https:\/\/sgp.geodezja.org.pl\/wp-content\/uploads\/2015\/04\/XXXVII_Olimpiada_35-scaled.jpg\" alt=\"\" width=\"200\" height=\"150\" srcset=\"https:\/\/sgp.geodezja.org.pl\/wp-content\/uploads\/2015\/04\/XXXVII_Olimpiada_35-scaled.jpg 2560w, https:\/\/sgp.geodezja.org.pl\/wp-content\/uploads\/2015\/04\/XXXVII_Olimpiada_35-scaled-800x600.jpg 800w, https:\/\/sgp.geodezja.org.pl\/wp-content\/uploads\/2015\/04\/XXXVII_Olimpiada_35-300x225.jpg 300w, https:\/\/sgp.geodezja.org.pl\/wp-content\/uploads\/2015\/04\/XXXVII_Olimpiada_35-1024x768.jpg 1024w, https:\/\/sgp.geodezja.org.pl\/wp-content\/uploads\/2015\/04\/XXXVII_Olimpiada_35-150x113.jpg 150w, https:\/\/sgp.geodezja.org.pl\/wp-content\/uploads\/2015\/04\/XXXVII_Olimpiada_35-768x576.jpg 768w, https:\/\/sgp.geodezja.org.pl\/wp-content\/uploads\/2015\/04\/XXXVII_Olimpiada_35-1536x1152.jpg 1536w, https:\/\/sgp.geodezja.org.pl\/wp-content\/uploads\/2015\/04\/XXXVII_Olimpiada_35-2048x1536.jpg 2048w, https:\/\/sgp.geodezja.org.pl\/wp-content\/uploads\/2015\/04\/XXXVII_Olimpiada_35-1920x1440.jpg 1920w, https:\/\/sgp.geodezja.org.pl\/wp-content\/uploads\/2015\/04\/XXXVII_Olimpiada_35-80x60.jpg 80w\" sizes=\"auto, (max-width: 200px) 100vw, 200px\" \/><\/p>\n<p style=\"text-align: center;\"><strong>Andrzej Szymczak, Ewa Wysocka<\/strong><\/p>\n<p style=\"text-align: center;\"><strong><img loading=\"lazy\" decoding=\"async\" class=\"size-full wp-image-717\" src=\"https:\/\/sgp.geodezja.org.pl\/wp-content\/uploads\/2015\/04\/XXXVII_Olimpiada_36-scaled.jpg\" alt=\"\" width=\"2560\" height=\"2146\" srcset=\"https:\/\/sgp.geodezja.org.pl\/wp-content\/uploads\/2015\/04\/XXXVII_Olimpiada_36-scaled.jpg 2560w, https:\/\/sgp.geodezja.org.pl\/wp-content\/uploads\/2015\/04\/XXXVII_Olimpiada_36-scaled-800x671.jpg 800w, https:\/\/sgp.geodezja.org.pl\/wp-content\/uploads\/2015\/04\/XXXVII_Olimpiada_36-300x252.jpg 300w, https:\/\/sgp.geodezja.org.pl\/wp-content\/uploads\/2015\/04\/XXXVII_Olimpiada_36-1024x859.jpg 1024w, https:\/\/sgp.geodezja.org.pl\/wp-content\/uploads\/2015\/04\/XXXVII_Olimpiada_36-768x644.jpg 768w, https:\/\/sgp.geodezja.org.pl\/wp-content\/uploads\/2015\/04\/XXXVII_Olimpiada_36-1536x1288.jpg 1536w, https:\/\/sgp.geodezja.org.pl\/wp-content\/uploads\/2015\/04\/XXXVII_Olimpiada_36-2048x1717.jpg 2048w, https:\/\/sgp.geodezja.org.pl\/wp-content\/uploads\/2015\/04\/XXXVII_Olimpiada_36-1920x1610.jpg 1920w\" sizes=\"auto, (max-width: 2560px) 100vw, 2560px\" \/><\/strong><\/p>\n<p style=\"text-align: center;\">\u00a0<strong>Prezes Stanis\u0142aw Cegielski, po lewej dru\u017cyna warszawskiej szko\u0142y geodezyjnej<\/strong><\/p>\n<p style=\"text-align: justify;\"><strong>S<\/strong>zczeg\u00f3lne zaniepokojenie wywo\u0142uje wielka liczba geodezyjnych szk\u00f3\u0142 \u201epowiatowych\u201d, nad kt\u00f3rych dzia\u0142alno\u015bci\u0105 nie sprawuje nikt kontroli merytorycznej. Nie mo\u017cna przymyka\u0107 oczu na realno\u015b\u0107 <em>\u201ewchodzenia\u201d <\/em>w zaw\u00f3d tak przygotowanych<em>\u201dfachowc\u00f3w\u201d <\/em>naszego zawodu. Ci ludzie b\u0119d\u0105 wywiera\u0107 presj\u0119 na znalezienie si\u0119 w zawodzie i pozostanie w nim, co b\u0119dzie skutkowa\u0107 deprecjacj\u0105 poziomu wykonywanych prac i \u015bwiadczonych us\u0142ug geodezyjnych. Kto mo\u017ce t\u0119 sytuacj\u0119 dramatycznie trudn\u0105, r\u00f3wnie\u017c dla absolwent\u00f3w takich szk\u00f3\u0142, rozwi\u0105za\u0107, wskaza\u0107 z niej wyj\u015bcie?<\/p>\n<p style=\"text-align: left;\">Tekst i zdj\u0119cia Stanis\u0142aw Marcin Wili\u0144ski<\/p>\n<p style=\"text-align: right;\">VK<\/p>","protected":false},"excerpt":{"rendered":"<p>W pi\u0105tek 10 kwietnia 2015 roku, w godzinach przedpo\u0142udniowych nauczyciele zawodu spotkali si\u0119, aby omawia\u0107 aktualny stan nauczania geodezji i kartografii na poziomie szko\u0142y \u015bredniej. Seminarium odby\u0142o si\u0119 z inicjatywy Stowarzyszenia Geodet\u00f3w Polskich i za aprobat\u0105 G\u0142\u00f3wnego Geodety Kraju. Obrady poprowadzi\u0142 Stanis\u0142aw Grodzicki, przy merytorycznym wsparciu Ewy Wysockiej reprezentuj\u0105cej G\u0142\u00f3wnego Geodet\u0119 Kraju oraz Stanis\u0142awa Cegielskiego [&hellip;]<\/p>\n","protected":false},"author":2,"featured_media":716,"comment_status":"open","ping_status":"open","sticky":false,"template":"","format":"standard","meta":{"two_page_speed":[],"footnotes":""},"categories":[10],"tags":[],"class_list":["post-718","post","type-post","status-publish","format-standard","has-post-thumbnail","hentry","category-informacje"],"_links":{"self":[{"href":"https:\/\/sgp.geodezja.org.pl\/en\/wp-json\/wp\/v2\/posts\/718","targetHints":{"allow":["GET"]}}],"collection":[{"href":"https:\/\/sgp.geodezja.org.pl\/en\/wp-json\/wp\/v2\/posts"}],"about":[{"href":"https:\/\/sgp.geodezja.org.pl\/en\/wp-json\/wp\/v2\/types\/post"}],"author":[{"embeddable":true,"href":"https:\/\/sgp.geodezja.org.pl\/en\/wp-json\/wp\/v2\/users\/2"}],"replies":[{"embeddable":true,"href":"https:\/\/sgp.geodezja.org.pl\/en\/wp-json\/wp\/v2\/comments?post=718"}],"version-history":[{"count":0,"href":"https:\/\/sgp.geodezja.org.pl\/en\/wp-json\/wp\/v2\/posts\/718\/revisions"}],"wp:featuredmedia":[{"embeddable":true,"href":"https:\/\/sgp.geodezja.org.pl\/en\/wp-json\/wp\/v2\/media\/716"}],"wp:attachment":[{"href":"https:\/\/sgp.geodezja.org.pl\/en\/wp-json\/wp\/v2\/media?parent=718"}],"wp:term":[{"taxonomy":"category","embeddable":true,"href":"https:\/\/sgp.geodezja.org.pl\/en\/wp-json\/wp\/v2\/categories?post=718"},{"taxonomy":"post_tag","embeddable":true,"href":"https:\/\/sgp.geodezja.org.pl\/en\/wp-json\/wp\/v2\/tags?post=718"}],"curies":[{"name":"wp","href":"https:\/\/api.w.org\/{rel}","templated":true}]}}