{"id":753,"date":"2015-04-18T22:32:05","date_gmt":"2015-04-18T20:32:05","guid":{"rendered":"https:\/\/2.budowaniestron.pl\/xxxvii-olimpiada-wiedzy-geodezyjnej-i-kartograficznej-final\/"},"modified":"2015-04-18T22:32:05","modified_gmt":"2015-04-18T20:32:05","slug":"xxxvii-olimpiada-wiedzy-geodezyjnej-i-kartograficznej-final","status":"publish","type":"post","link":"https:\/\/sgp.geodezja.org.pl\/en\/xxxvii-olimpiada-wiedzy-geodezyjnej-i-kartograficznej-final\/","title":{"rendered":"XXXVII Olimpiada Wiedzy Geodezyjnej i Kartograficznej \u2013 Fina\u0142"},"content":{"rendered":"<p style=\"text-align: justify;\" align=\"justify\"><span style=\"font-family: tahoma, arial, helvetica, sans-serif; font-size: 10pt;\"><b>C<\/b>entralny etap XXXVII Olimpiady Wiedzy Geodezyjnej i Kartograficznej zosta\u0142 przeprowadzony w go\u015bcinnych murach Zespo\u0142u Szk\u00f3\u0142 Budowlanych w Bydgoszczy. Cz\u0119\u015b\u0107 testowa konkursu pozwoli\u0142a na wy\u0142onienie najlepszej dziesi\u0105tki spo\u015br\u00f3d dwudziestu uczni\u00f3w. W finale uczniowie z Katowic, Lublina, Opola, Poznania, Rzeszowa, Warszawy i \u017belechowa odpowiadali na wylosowane zestawy pyta\u0144 przed komisj\u0105 w sk\u0142adzie: <i>prof. Janusz Walo, Jakub Szczepa\u0144ski, prof. Andrzej Pachuta, Adam Boro\u0144, prof. Maria Mr\u00f3wczy\u0144ska. <\/i>Do egzaminu ustnego, z\u0142o\u017conego z czterech pyta\u0144, uczniowie przyst\u0119powali wed\u0142ug wylosowanej kolejno\u015bci.<\/span><\/p>\n<p>  <!--more-->  <\/p>\n<p align=\"justify\"><span style=\"font-size: 10pt;\"><b>C<\/b>entralny etap XXXVII Olimpiady Wiedzy Geodezyjnej i Kartograficznej zosta\u0142 przeprowadzony w go\u015bcinnych murach Zespo\u0142u Szk\u00f3\u0142 Budowlanych w Bydgoszczy. Cz\u0119\u015b\u0107 testowa konkursu pozwoli\u0142a na wy\u0142onienie najlepszej dziesi\u0105tki spo\u015br\u00f3d dwudziestu uczni\u00f3w. W finale uczniowie z Katowic, Lublina, Opola, Poznania, Rzeszowa, Warszawy i \u017belechowa odpowiadali na wylosowane zestawy pyta\u0144 przed komisj\u0105 w sk\u0142adzie: <i>prof. Janusz Walo, Jakub Szczepa\u0144ski, prof. Andrzej Pachuta, Adam Boro\u0144, prof. Maria Mr\u00f3wczy\u0144ska. <\/i>Do egzaminu ustnego, z\u0142o\u017conego z czterech pyta\u0144, uczniowie przyst\u0119powali wed\u0142ug wylosowanej kolejno\u015bci.<\/span><\/p>\n<p style=\"text-align: center;\" align=\"justify\"><span style=\"font-family: tahoma, arial, helvetica, sans-serif; font-size: 10pt;\"><img loading=\"lazy\" decoding=\"async\" class=\"size-full wp-image-731\" style=\"display: block; margin-left: auto; margin-right: auto;\" src=\"https:\/\/sgp.geodezja.org.pl\/wp-content\/uploads\/2015\/04\/XXXVII_Olimpiada_13.jpg\" alt=\"\" width=\"200\" height=\"101\" srcset=\"https:\/\/sgp.geodezja.org.pl\/wp-content\/uploads\/2015\/04\/XXXVII_Olimpiada_13.jpg 1500w, https:\/\/sgp.geodezja.org.pl\/wp-content\/uploads\/2015\/04\/XXXVII_Olimpiada_13-800x406.jpg 800w, https:\/\/sgp.geodezja.org.pl\/wp-content\/uploads\/2015\/04\/XXXVII_Olimpiada_13-300x152.jpg 300w, https:\/\/sgp.geodezja.org.pl\/wp-content\/uploads\/2015\/04\/XXXVII_Olimpiada_13-1024x520.jpg 1024w, https:\/\/sgp.geodezja.org.pl\/wp-content\/uploads\/2015\/04\/XXXVII_Olimpiada_13-768x390.jpg 768w, https:\/\/sgp.geodezja.org.pl\/wp-content\/uploads\/2015\/04\/XXXVII_Olimpiada_13-118x60.jpg 118w\" sizes=\"auto, (max-width: 200px) 100vw, 200px\" \/><\/span><\/p>\n<p style=\"text-align: center;\" align=\"justify\"><span style=\"font-family: tahoma, arial, helvetica, sans-serif; font-size: 8pt;\"><b>Komisja rozpoczyna prac\u0119:prof. Zofia Wi\u0119ckowicz, prof. Janusz Walo, Jakub Szczepa\u0144ski, prof. Andrzej Pachuta, Adam Boro\u0144, prof. Maria Mr\u00f3wczy\u0144ska<\/b><\/span><\/p>\n<p style=\"text-align: center;\" align=\"justify\"><span style=\"font-family: tahoma, arial, helvetica, sans-serif;\"><span style=\"font-size: 7pt;\"><b><img loading=\"lazy\" decoding=\"async\" class=\"size-full wp-image-732\" src=\"https:\/\/sgp.geodezja.org.pl\/wp-content\/uploads\/2015\/04\/XXXVII_Olimpiada_14.jpg\" alt=\"\" width=\"200\" height=\"48\" srcset=\"https:\/\/sgp.geodezja.org.pl\/wp-content\/uploads\/2015\/04\/XXXVII_Olimpiada_14.jpg 1500w, https:\/\/sgp.geodezja.org.pl\/wp-content\/uploads\/2015\/04\/XXXVII_Olimpiada_14-800x192.jpg 800w, https:\/\/sgp.geodezja.org.pl\/wp-content\/uploads\/2015\/04\/XXXVII_Olimpiada_14-300x72.jpg 300w, https:\/\/sgp.geodezja.org.pl\/wp-content\/uploads\/2015\/04\/XXXVII_Olimpiada_14-1024x246.jpg 1024w, https:\/\/sgp.geodezja.org.pl\/wp-content\/uploads\/2015\/04\/XXXVII_Olimpiada_14-768x184.jpg 768w\" sizes=\"auto, (max-width: 200px) 100vw, 200px\" \/><\/b><\/span><\/span><\/p>\n<p style=\"text-align: center;\" align=\"justify\"><span style=\"font-family: tahoma, arial, helvetica, sans-serif; font-size: 8pt;\"><b>Uczestnicy cz\u0119\u015bci centralnej fina\u0142u XXXVII Olimpiady Wiedzy Geodezyjnej i Kartograficznej 2015 w Bydgoszczy<\/b><\/span><\/p>\n<p style=\"text-align: center;\" align=\"justify\"><span style=\"font-family: tahoma, arial, helvetica, sans-serif;\"><span style=\"font-size: 7pt;\">\u00a0<b><img loading=\"lazy\" decoding=\"async\" class=\"size-full wp-image-733\" src=\"https:\/\/sgp.geodezja.org.pl\/wp-content\/uploads\/2015\/04\/XXXVII_Olimpiada_15.jpg\" alt=\"\" width=\"200\" height=\"137\" srcset=\"https:\/\/sgp.geodezja.org.pl\/wp-content\/uploads\/2015\/04\/XXXVII_Olimpiada_15.jpg 1500w, https:\/\/sgp.geodezja.org.pl\/wp-content\/uploads\/2015\/04\/XXXVII_Olimpiada_15-800x550.jpg 800w, https:\/\/sgp.geodezja.org.pl\/wp-content\/uploads\/2015\/04\/XXXVII_Olimpiada_15-300x206.jpg 300w, https:\/\/sgp.geodezja.org.pl\/wp-content\/uploads\/2015\/04\/XXXVII_Olimpiada_15-1024x704.jpg 1024w, https:\/\/sgp.geodezja.org.pl\/wp-content\/uploads\/2015\/04\/XXXVII_Olimpiada_15-768x528.jpg 768w\" sizes=\"auto, (max-width: 200px) 100vw, 200px\" \/><\/b><\/span><\/span><\/p>\n<p style=\"text-align: center;\" align=\"justify\"><span style=\"font-family: tahoma, arial, helvetica, sans-serif; font-size: 8pt;\"><b>Protok\u00f3\u0142 prowadzili Maria Gadomska i Barton Mitka, w g\u0142\u0119bi prof. Zofia Wi\u0119ckowicz<\/b><\/span><\/p>\n<p style=\"text-align: center;\" align=\"justify\"><img loading=\"lazy\" decoding=\"async\" class=\"size-full wp-image-734\" src=\"https:\/\/sgp.geodezja.org.pl\/wp-content\/uploads\/2015\/04\/XXXVII_Olimpiada_16.jpg\" alt=\"\" width=\"200\" height=\"189\" srcset=\"https:\/\/sgp.geodezja.org.pl\/wp-content\/uploads\/2015\/04\/XXXVII_Olimpiada_16.jpg 1500w, https:\/\/sgp.geodezja.org.pl\/wp-content\/uploads\/2015\/04\/XXXVII_Olimpiada_16-800x755.jpg 800w, https:\/\/sgp.geodezja.org.pl\/wp-content\/uploads\/2015\/04\/XXXVII_Olimpiada_16-300x283.jpg 300w, https:\/\/sgp.geodezja.org.pl\/wp-content\/uploads\/2015\/04\/XXXVII_Olimpiada_16-1024x966.jpg 1024w, https:\/\/sgp.geodezja.org.pl\/wp-content\/uploads\/2015\/04\/XXXVII_Olimpiada_16-768x724.jpg 768w\" sizes=\"auto, (max-width: 200px) 100vw, 200px\" \/><\/p>\n<p style=\"text-align: center;\" align=\"justify\"><span style=\"font-family: tahoma, arial, helvetica, sans-serif; font-size: 8pt;\"><b>Jako pierwszy w konkursie odpowiada\u0142 Maciej We\u0142nic <\/b>(Rzesz\u00f3w)<\/span><\/p>\n<p style=\"text-align: center;\" align=\"justify\"><span style=\"font-family: tahoma, arial, helvetica, sans-serif;\"><span style=\"font-size: 7pt;\"><img loading=\"lazy\" decoding=\"async\" class=\"size-full wp-image-735\" src=\"https:\/\/sgp.geodezja.org.pl\/wp-content\/uploads\/2015\/04\/XXXVII_Olimpiada_17.jpg\" alt=\"\" width=\"200\" height=\"72\" srcset=\"https:\/\/sgp.geodezja.org.pl\/wp-content\/uploads\/2015\/04\/XXXVII_Olimpiada_17.jpg 1500w, https:\/\/sgp.geodezja.org.pl\/wp-content\/uploads\/2015\/04\/XXXVII_Olimpiada_17-800x286.jpg 800w, https:\/\/sgp.geodezja.org.pl\/wp-content\/uploads\/2015\/04\/XXXVII_Olimpiada_17-300x107.jpg 300w, https:\/\/sgp.geodezja.org.pl\/wp-content\/uploads\/2015\/04\/XXXVII_Olimpiada_17-1024x367.jpg 1024w, https:\/\/sgp.geodezja.org.pl\/wp-content\/uploads\/2015\/04\/XXXVII_Olimpiada_17-768x275.jpg 768w\" sizes=\"auto, (max-width: 200px) 100vw, 200px\" \/>\u00a0<\/span><\/span><\/p>\n<p style=\"text-align: center;\" align=\"justify\"><span style=\"font-family: tahoma, arial, helvetica, sans-serif; font-size: 8pt;\"><b>Tak zesp\u00f3\u0142 egzaminacyjny oceni\u0142 odpowied\u017a na pierwsze pytanie w konkursie XXXVII Olimpiady &#8230;<\/b><\/span><\/p>\n<p style=\"text-align: justify;\" align=\"justify\"><span style=\"font-family: tahoma, arial, helvetica, sans-serif; font-size: 10pt;\"><b>P<\/b>odsumowania wynik\u00f3w komisja egzaminacyjna, pod przewodnictwem <i>prof. Zofii Wi\u0119ckowicz, <\/i>dokona\u0142a podczas przerwy poprzedzaj\u0105cej uroczysto\u015b\u0107 zamkni\u0119cia Olimpiady. W tym czasie by\u0142a okazja do wys\u0142uchania koncertu orkiestry d\u0119tej, z\u0142o\u017conej z uczni\u00f3w Szko\u0142y.<\/span><\/p>\n<p align=\"justify\"><img loading=\"lazy\" decoding=\"async\" class=\"size-full wp-image-736\" style=\"display: block; margin-left: auto; margin-right: auto;\" src=\"https:\/\/sgp.geodezja.org.pl\/wp-content\/uploads\/2015\/04\/XXXVII_Olimpiada_18.jpg\" alt=\"\" width=\"200\" height=\"124\" srcset=\"https:\/\/sgp.geodezja.org.pl\/wp-content\/uploads\/2015\/04\/XXXVII_Olimpiada_18.jpg 1500w, https:\/\/sgp.geodezja.org.pl\/wp-content\/uploads\/2015\/04\/XXXVII_Olimpiada_18-800x495.jpg 800w, https:\/\/sgp.geodezja.org.pl\/wp-content\/uploads\/2015\/04\/XXXVII_Olimpiada_18-300x186.jpg 300w, https:\/\/sgp.geodezja.org.pl\/wp-content\/uploads\/2015\/04\/XXXVII_Olimpiada_18-1024x634.jpg 1024w, https:\/\/sgp.geodezja.org.pl\/wp-content\/uploads\/2015\/04\/XXXVII_Olimpiada_18-768x475.jpg 768w\" sizes=\"auto, (max-width: 200px) 100vw, 200px\" \/><\/p>\n<p style=\"text-align: center;\" align=\"justify\"><span style=\"font-family: tahoma, arial, helvetica, sans-serif; font-size: 8pt;\"><b>Nauczyciele zawodu, w \u015brodku <\/b><b>Ma\u0142gorzata Wilczewska <\/b>(Bia\u0142ystok)<\/span><\/p>\n<p align=\"justify\"><img loading=\"lazy\" decoding=\"async\" class=\"size-full wp-image-737\" style=\"display: block; margin-left: auto; margin-right: auto;\" src=\"https:\/\/sgp.geodezja.org.pl\/wp-content\/uploads\/2015\/04\/XXXVII_Olimpiada_19.jpg\" alt=\"\" width=\"167\" height=\"200\" srcset=\"https:\/\/sgp.geodezja.org.pl\/wp-content\/uploads\/2015\/04\/XXXVII_Olimpiada_19.jpg 1500w, https:\/\/sgp.geodezja.org.pl\/wp-content\/uploads\/2015\/04\/XXXVII_Olimpiada_19-800x959.jpg 800w, https:\/\/sgp.geodezja.org.pl\/wp-content\/uploads\/2015\/04\/XXXVII_Olimpiada_19-250x300.jpg 250w, https:\/\/sgp.geodezja.org.pl\/wp-content\/uploads\/2015\/04\/XXXVII_Olimpiada_19-854x1024.jpg 854w, https:\/\/sgp.geodezja.org.pl\/wp-content\/uploads\/2015\/04\/XXXVII_Olimpiada_19-768x921.jpg 768w, https:\/\/sgp.geodezja.org.pl\/wp-content\/uploads\/2015\/04\/XXXVII_Olimpiada_19-1281x1536.jpg 1281w\" sizes=\"auto, (max-width: 167px) 100vw, 167px\" \/><\/p>\n<p style=\"text-align: center;\" align=\"justify\"><span style=\"font-family: tahoma, arial, helvetica, sans-serif; font-size: 8pt;\"><b>Odpowiada jedyna finalistka <\/b><b>Weronika Kacprzak<\/b><\/span><\/p>\n<p style=\"text-align: center;\" align=\"justify\"><span style=\"font-family: tahoma, arial, helvetica, sans-serif;\"><span style=\"font-size: 7pt;\">\u00a0<b><img loading=\"lazy\" decoding=\"async\" class=\"size-full wp-image-738\" src=\"https:\/\/sgp.geodezja.org.pl\/wp-content\/uploads\/2015\/04\/XXXVII_Olimpiada_20.jpg\" alt=\"\" width=\"200\" height=\"105\" srcset=\"https:\/\/sgp.geodezja.org.pl\/wp-content\/uploads\/2015\/04\/XXXVII_Olimpiada_20.jpg 1500w, https:\/\/sgp.geodezja.org.pl\/wp-content\/uploads\/2015\/04\/XXXVII_Olimpiada_20-800x420.jpg 800w, https:\/\/sgp.geodezja.org.pl\/wp-content\/uploads\/2015\/04\/XXXVII_Olimpiada_20-300x158.jpg 300w, https:\/\/sgp.geodezja.org.pl\/wp-content\/uploads\/2015\/04\/XXXVII_Olimpiada_20-1024x538.jpg 1024w, https:\/\/sgp.geodezja.org.pl\/wp-content\/uploads\/2015\/04\/XXXVII_Olimpiada_20-768x403.jpg 768w\" sizes=\"auto, (max-width: 200px) 100vw, 200px\" \/><\/b><\/span><\/span><\/p>\n<p style=\"text-align: center;\" align=\"justify\"><span style=\"font-family: tahoma, arial, helvetica, sans-serif; font-size: 8pt;\"><b>Miros\u0142aw Marciniak, Jakub Szczepa\u0144ski, prof. Zofia Wi\u0119ckowicz, Stanis\u0142aw Cegielski, Adam Boro\u0144, Miros\u0142aw Kaczo\u0142ek<\/b><\/span><\/p>\n<p style=\"text-align: justify;\" align=\"justify\"><span style=\"font-family: tahoma, arial, helvetica, sans-serif; font-size: 10pt;\"><b>U<\/b>roczysto\u015b\u0107 og\u0142oszenia wynik\u00f3w XXXVII Olimpiady Wiedzy Geodezyjnej i Kartograficznej u\u015bwietni\u0142a obecno\u015b\u0107 przedstawicieli w\u0142adz geodezyjnych, w\u0142adz wojew\u00f3dztwa kujawsko-pomorskiego oraz miasta Bydgoszczy, powitanych przez <i>Mag<\/i><i>dalen\u0119<\/i><i> Popielewsk\u0105 <\/i>Dyrektora Zespo\u0142u Szk\u00f3\u0142 Budowlanych, organizatora wydarzenia, w osobach: <i>Ewy Wysockiej <\/i>reprezentuj\u0105cej G\u0142\u00f3wnego Geodet\u0119 Kraju; <i>Roberta Cieszy\u0144skiego <\/i>Wojew\u00f3dzkiego Inspektora Nadzoru Geodezyjnego i Kartograficznego reprezentuj\u0105cego Wojewod\u0119 Kujawsko-Pomorskiego; <i>Stanis\u0142awa \u015aliwk\u0119 <\/i>Geodet\u0119 Wojew\u00f3dztwa; <i>Jadwig\u0119 Zagert <\/i>dyrektora wydzia\u0142u edukacji i sportu Urz\u0119du Miasta Bydgoszczy. Z wielk\u0105 serdeczno\u015bci byli powitani <i>Stanis\u0142aw Cegielski <\/i>Prezes Stowarzyszenia Geodet\u00f3w Polskich oraz <i>Boles\u0142aw Krystowczyk <\/i>Prezes SGP w Bydgoszczy, a tak\u017ce <i>Zenon Mi\u0119tkiewicz <\/i>Prezes firmy <i>\u201eGemat\u201d<\/i> generalny sponsor Olimpiady.<\/span><\/p>\n<p align=\"justify\"><span style=\"font-family: tahoma, arial, helvetica, sans-serif; font-size: 10pt;\"><img loading=\"lazy\" decoding=\"async\" class=\"size-full wp-image-739\" style=\"display: block; margin-left: auto; margin-right: auto;\" src=\"https:\/\/sgp.geodezja.org.pl\/wp-content\/uploads\/2015\/04\/XXXVII_Olimpiada_21.jpg\" alt=\"\" width=\"200\" height=\"165\" srcset=\"https:\/\/sgp.geodezja.org.pl\/wp-content\/uploads\/2015\/04\/XXXVII_Olimpiada_21.jpg 1500w, https:\/\/sgp.geodezja.org.pl\/wp-content\/uploads\/2015\/04\/XXXVII_Olimpiada_21-800x661.jpg 800w, https:\/\/sgp.geodezja.org.pl\/wp-content\/uploads\/2015\/04\/XXXVII_Olimpiada_21-300x248.jpg 300w, https:\/\/sgp.geodezja.org.pl\/wp-content\/uploads\/2015\/04\/XXXVII_Olimpiada_21-1024x847.jpg 1024w, https:\/\/sgp.geodezja.org.pl\/wp-content\/uploads\/2015\/04\/XXXVII_Olimpiada_21-768x635.jpg 768w\" sizes=\"auto, (max-width: 200px) 100vw, 200px\" \/><\/span><\/p>\n<p style=\"text-align: center;\" align=\"justify\"><span style=\"font-family: tahoma, arial, helvetica, sans-serif; font-size: 8pt;\"><b>Ostatnie spojrzenie Dyrektor Magdaleny Popielewskiej na laury i nagrody dla najlepszych uczestnik\u00f3w Olimpiady<\/b><\/span><\/p>\n<p style=\"text-align: center;\" align=\"justify\"><span style=\"font-family: tahoma, arial, helvetica, sans-serif;\"><span style=\"font-size: 7pt;\"><b><img loading=\"lazy\" decoding=\"async\" class=\"size-full wp-image-740\" src=\"https:\/\/sgp.geodezja.org.pl\/wp-content\/uploads\/2015\/04\/XXXVII_Olimpiada_22.jpg\" alt=\"\" width=\"200\" height=\"155\" srcset=\"https:\/\/sgp.geodezja.org.pl\/wp-content\/uploads\/2015\/04\/XXXVII_Olimpiada_22.jpg 1500w, https:\/\/sgp.geodezja.org.pl\/wp-content\/uploads\/2015\/04\/XXXVII_Olimpiada_22-800x618.jpg 800w, https:\/\/sgp.geodezja.org.pl\/wp-content\/uploads\/2015\/04\/XXXVII_Olimpiada_22-300x232.jpg 300w, https:\/\/sgp.geodezja.org.pl\/wp-content\/uploads\/2015\/04\/XXXVII_Olimpiada_22-1024x791.jpg 1024w, https:\/\/sgp.geodezja.org.pl\/wp-content\/uploads\/2015\/04\/XXXVII_Olimpiada_22-768x593.jpg 768w\" sizes=\"auto, (max-width: 200px) 100vw, 200px\" \/><\/b><\/span><\/span><\/p>\n<p style=\"text-align: center;\" align=\"justify\"><span style=\"font-family: tahoma, arial, helvetica, sans-serif; font-size: 8pt;\"><b>Medal wr\u0119czany laureatom &#8230;<\/b><\/span><\/p>\n<p style=\"text-align: justify;\" align=\"justify\"><span style=\"font-family: tahoma, arial, helvetica, sans-serif; font-size: 10pt;\"><b>S<\/b>zczeg\u00f3lnie ciep\u0142o by\u0142 witany absolwent Szko\u0142y i laureat ubieg\u0142orocznej Olimpiady <i>Mariusz Urba\u0144ski, <\/i>jak te\u017c finali\u015bci XXXVII Olimpiady Wiedzy Geodezyjnej i Kartograficznej oraz ich opiekunowie.<\/span><\/p>\n<p align=\"justify\"><span style=\"font-family: tahoma, arial, helvetica, sans-serif; font-size: 10pt;\"><img loading=\"lazy\" decoding=\"async\" class=\"size-full wp-image-741\" style=\"display: block; margin-left: auto; margin-right: auto;\" src=\"https:\/\/sgp.geodezja.org.pl\/wp-content\/uploads\/2015\/04\/XXXVII_Olimpiada_23.jpg\" alt=\"\" width=\"200\" height=\"166\" srcset=\"https:\/\/sgp.geodezja.org.pl\/wp-content\/uploads\/2015\/04\/XXXVII_Olimpiada_23.jpg 1500w, https:\/\/sgp.geodezja.org.pl\/wp-content\/uploads\/2015\/04\/XXXVII_Olimpiada_23-800x665.jpg 800w, https:\/\/sgp.geodezja.org.pl\/wp-content\/uploads\/2015\/04\/XXXVII_Olimpiada_23-300x249.jpg 300w, https:\/\/sgp.geodezja.org.pl\/wp-content\/uploads\/2015\/04\/XXXVII_Olimpiada_23-1024x851.jpg 1024w, https:\/\/sgp.geodezja.org.pl\/wp-content\/uploads\/2015\/04\/XXXVII_Olimpiada_23-768x638.jpg 768w\" sizes=\"auto, (max-width: 200px) 100vw, 200px\" \/><\/span><\/p>\n<p style=\"text-align: center;\" align=\"justify\"><span style=\"font-family: tahoma, arial, helvetica, sans-serif; font-size: 8pt;\"><b>Magdalena Popielewska wita go\u015bci i uczestnik\u00f3w fina\u0142u XXXVII Olimpiady \u2026<\/b><\/span><\/p>\n<p align=\"justify\"><span style=\"font-family: tahoma, arial, helvetica, sans-serif; font-size: 10pt;\"><img loading=\"lazy\" decoding=\"async\" class=\"size-full wp-image-742\" style=\"display: block; margin-left: auto; margin-right: auto;\" src=\"https:\/\/sgp.geodezja.org.pl\/wp-content\/uploads\/2015\/04\/XXXVII_Olimpiada_24.jpg\" alt=\"\" width=\"200\" height=\"194\" srcset=\"https:\/\/sgp.geodezja.org.pl\/wp-content\/uploads\/2015\/04\/XXXVII_Olimpiada_24.jpg 1500w, https:\/\/sgp.geodezja.org.pl\/wp-content\/uploads\/2015\/04\/XXXVII_Olimpiada_24-800x778.jpg 800w, https:\/\/sgp.geodezja.org.pl\/wp-content\/uploads\/2015\/04\/XXXVII_Olimpiada_24-300x292.jpg 300w, https:\/\/sgp.geodezja.org.pl\/wp-content\/uploads\/2015\/04\/XXXVII_Olimpiada_24-1024x995.jpg 1024w, https:\/\/sgp.geodezja.org.pl\/wp-content\/uploads\/2015\/04\/XXXVII_Olimpiada_24-768x746.jpg 768w\" sizes=\"auto, (max-width: 200px) 100vw, 200px\" \/><\/span><\/p>\n<p style=\"text-align: center;\" align=\"justify\"><span style=\"font-size: 8pt;\"><span style=\"font-family: tahoma, arial, helvetica, sans-serif;\"><b>Prof. Zofia Wi\u0119ckowicz og\u0142asza wyniki <b>XXXVII\u00a0<\/b>Olimpiady<\/b><\/span>\u00a0<\/span><\/p>\n<p style=\"text-align: justify;\" align=\"justify\"><span style=\"font-family: tahoma, arial, helvetica, sans-serif; font-size: 10pt;\"><b>W<\/b>yniki fina\u0142owych zmaga\u0144 og\u0142osi\u0142a <i>prof. Zofia Wi\u0119ckowicz <\/i>przewodnicz\u0105ca <i>jury <\/i>Olimpiady. Najlepszym uczestnikiem trzydziestej si\u00f3dmej Olimpiady okaza\u0142 si\u0119 <i>Krzysztof Stasch <\/i>z Zespo\u0142u Szk\u00f3\u0142 Technicznych i Og\u00f3lnokszta\u0142c\u0105cych im. K. Gzowskiego w Opolu. Po nim byli: <i>Maciej We\u0142nic <\/i>z Zespo\u0142u Szk\u00f3\u0142 Kszta\u0142cenia Ustawicznego w Rzeszowie; <i>Micha\u0142 W\u00f3jcik <\/i>z Pa\u0144stwowych Szk\u00f3\u0142 Budowlanych i Geodezyjnych w Lublinie i <i>Weronika Kacprzak <\/i>z Technikum Geologiczno-Geodezyjno-Drogowego w Warszawie (oboje na trzecim miejscu); <i>Mateusz Golec <\/i>ze szko\u0142y w Rzeszowie i <i>Konrad Wojtysiak <\/i>ze szko\u0142y w Lublinie (obaj na pi\u0105tym miejscu); <i>Rados\u0142aw Palak <\/i>ze szko\u0142y w Lublinie; <i>Bart\u0142omiej Chojan <\/i>z Zespo\u0142u Szk\u00f3\u0142 Geodezyjno-Drogowych w Poznaniu; <i>Kamil Szostek <\/i>z Technikum Geodezyjnego w \u017belechowie; <i>Micha\u0142 Syrek <\/i>z Zespo\u0142u Szk\u00f3\u0142 Budowlanych w Katowicach.<\/span><\/p>\n<p align=\"justify\"><span style=\"font-family: tahoma, arial, helvetica, sans-serif; font-size: 10pt;\"><img loading=\"lazy\" decoding=\"async\" class=\"size-full wp-image-743\" style=\"display: block; margin-left: auto; margin-right: auto;\" src=\"https:\/\/sgp.geodezja.org.pl\/wp-content\/uploads\/2015\/04\/XXXVII_Olimpiada_25.jpg\" alt=\"\" width=\"200\" height=\"195\" srcset=\"https:\/\/sgp.geodezja.org.pl\/wp-content\/uploads\/2015\/04\/XXXVII_Olimpiada_25.jpg 1500w, https:\/\/sgp.geodezja.org.pl\/wp-content\/uploads\/2015\/04\/XXXVII_Olimpiada_25-800x781.jpg 800w, https:\/\/sgp.geodezja.org.pl\/wp-content\/uploads\/2015\/04\/XXXVII_Olimpiada_25-300x293.jpg 300w, https:\/\/sgp.geodezja.org.pl\/wp-content\/uploads\/2015\/04\/XXXVII_Olimpiada_25-1024x1000.jpg 1024w, https:\/\/sgp.geodezja.org.pl\/wp-content\/uploads\/2015\/04\/XXXVII_Olimpiada_25-768x750.jpg 768w\" sizes=\"auto, (max-width: 200px) 100vw, 200px\" \/><\/span><\/p>\n<p style=\"text-align: center;\" align=\"justify\"><span style=\"font-family: tahoma, arial, helvetica, sans-serif; font-size: 8pt;\"><b>Najlepsza dru\u017cyna Olimpiady z Opola i jej opiekun \u2026<\/b><\/span><\/p>\n<p align=\"justify\"><span style=\"font-family: tahoma, arial, helvetica, sans-serif; font-size: 10pt;\"><img loading=\"lazy\" decoding=\"async\" class=\"size-full wp-image-744\" style=\"display: block; margin-left: auto; margin-right: auto;\" src=\"https:\/\/sgp.geodezja.org.pl\/wp-content\/uploads\/2015\/04\/XXXVII_Olimpiada_26.jpg\" alt=\"\" width=\"200\" height=\"116\" srcset=\"https:\/\/sgp.geodezja.org.pl\/wp-content\/uploads\/2015\/04\/XXXVII_Olimpiada_26.jpg 1500w, https:\/\/sgp.geodezja.org.pl\/wp-content\/uploads\/2015\/04\/XXXVII_Olimpiada_26-800x466.jpg 800w, https:\/\/sgp.geodezja.org.pl\/wp-content\/uploads\/2015\/04\/XXXVII_Olimpiada_26-300x175.jpg 300w, https:\/\/sgp.geodezja.org.pl\/wp-content\/uploads\/2015\/04\/XXXVII_Olimpiada_26-1024x596.jpg 1024w, https:\/\/sgp.geodezja.org.pl\/wp-content\/uploads\/2015\/04\/XXXVII_Olimpiada_26-768x447.jpg 768w\" sizes=\"auto, (max-width: 200px) 100vw, 200px\" \/><\/span><\/p>\n<p style=\"text-align: center;\" align=\"justify\"><span style=\"font-family: tahoma, arial, helvetica, sans-serif; font-size: 8pt;\"><b>Drugie miejsce zaj\u0119\u0142a dru\u017cyna z Lublina, obok jej opiekun<\/b><\/span><\/p>\n<p align=\"justify\"><span style=\"font-family: tahoma, arial, helvetica, sans-serif; font-size: 10pt;\"><img loading=\"lazy\" decoding=\"async\" class=\"size-full wp-image-745\" style=\"display: block; margin-left: auto; margin-right: auto;\" src=\"https:\/\/sgp.geodezja.org.pl\/wp-content\/uploads\/2015\/04\/XXXVII_Olimpiada_27.jpg\" alt=\"\" width=\"200\" height=\"174\" srcset=\"https:\/\/sgp.geodezja.org.pl\/wp-content\/uploads\/2015\/04\/XXXVII_Olimpiada_27.jpg 1500w, https:\/\/sgp.geodezja.org.pl\/wp-content\/uploads\/2015\/04\/XXXVII_Olimpiada_27-800x697.jpg 800w, https:\/\/sgp.geodezja.org.pl\/wp-content\/uploads\/2015\/04\/XXXVII_Olimpiada_27-300x261.jpg 300w, https:\/\/sgp.geodezja.org.pl\/wp-content\/uploads\/2015\/04\/XXXVII_Olimpiada_27-1024x892.jpg 1024w, https:\/\/sgp.geodezja.org.pl\/wp-content\/uploads\/2015\/04\/XXXVII_Olimpiada_27-768x669.jpg 768w\" sizes=\"auto, (max-width: 200px) 100vw, 200px\" \/><\/span><\/p>\n<p style=\"text-align: center;\" align=\"justify\"><span style=\"font-family: tahoma, arial, helvetica, sans-serif; font-size: 8pt;\"><b>Trzecia dru\u017cyna Olimpiady <\/b><b>(Rzesz\u00f3w) i jej opiekun<\/b><\/span><\/p>\n<p align=\"justify\"><span style=\"font-family: tahoma, arial, helvetica, sans-serif; font-size: 10pt;\"><img loading=\"lazy\" decoding=\"async\" class=\"size-full wp-image-746\" style=\"display: block; margin-left: auto; margin-right: auto;\" src=\"https:\/\/sgp.geodezja.org.pl\/wp-content\/uploads\/2015\/04\/XXXVII_Olimpiada_28.jpg\" alt=\"\" width=\"200\" height=\"167\" srcset=\"https:\/\/sgp.geodezja.org.pl\/wp-content\/uploads\/2015\/04\/XXXVII_Olimpiada_28.jpg 1500w, https:\/\/sgp.geodezja.org.pl\/wp-content\/uploads\/2015\/04\/XXXVII_Olimpiada_28-800x669.jpg 800w, https:\/\/sgp.geodezja.org.pl\/wp-content\/uploads\/2015\/04\/XXXVII_Olimpiada_28-300x251.jpg 300w, https:\/\/sgp.geodezja.org.pl\/wp-content\/uploads\/2015\/04\/XXXVII_Olimpiada_28-1024x856.jpg 1024w, https:\/\/sgp.geodezja.org.pl\/wp-content\/uploads\/2015\/04\/XXXVII_Olimpiada_28-768x642.jpg 768w\" sizes=\"auto, (max-width: 200px) 100vw, 200px\" \/><\/span><\/p>\n<p style=\"text-align: center;\" align=\"justify\"><span style=\"font-family: tahoma, arial, helvetica, sans-serif; font-size: 8pt;\"><b>Magdalena Popielewska Dyrektor ZSB w Bydgoszczy i jej \u201edru\u017cyna\u201d:\u00a0 Beata Startek, Emilia Ciechowicz-Przygoda, Anna \u015awiercz-Prusiecka, Maciej A\u0142tyn<\/b><\/span><\/p>\n<p style=\"text-align: justify;\" align=\"justify\"><span style=\"font-family: tahoma, arial, helvetica, sans-serif; font-size: 10pt;\"><b>W <\/b>zmaganiach zespo\u0142owych najskuteczniejsza by\u0142a dru\u017cyna, w sk\u0142adzie: <i>Jakub G\u00f3rny, Krzysztof Stasch, Marcin Strzelczyk <\/i>ze szko\u0142y w Opolu. Po niej kolejno dru\u017cyna w sk\u0142adzie:<i> Rados\u0142aw Palak, Konrad Wojtysiak, Micha\u0142 W\u00f3jcik <\/i>ze szko\u0142y w Lublinie; <i>Mateusz Golec, Krystian Ryczko, Maciej We\u0142nic <\/i>ze szko\u0142y w Rzeszowie; <i>Tomasz Mu\u0107ka, Kamil Szostek, Wiktoria Sztyka <\/i>ze szko\u0142y w \u017belechowie; <i>Karolina Dzi\u0119cio\u0142, Pawe\u0142 Jankowski, Weronika Kacprzak <\/i>ze szko\u0142y w Warszawie; <i>Karolina Demkowicz, Maciej Przemy\u015bla\u0144ski, Agata \u017berebecka <\/i>ze szko\u0142y w Zielonej G\u00f3rze; <i>Karolina Magry\u015b, Marcin Niemiec, Szymon Rachwa\u0142 <\/i>ze szko\u0142y w Jaros\u0142awiu; <i>Adrianna Budzy\u0144ska, Piotr Marczak-Maciak, Kamil Nowak <\/i>ze szko\u0142y w \u0141odzi; <i>Artur Januszewski, Izabela Szerwi\u0144ska, Kornel Urban <\/i>ze szko\u0142y w Bydgoszczy; <i>Dawid Prud\u0142o, Micha\u0142 Syrek, Adam Wala<\/i> ze szko\u0142y w Katowicach.<\/span><\/p>\n<p align=\"justify\"><span style=\"font-family: tahoma, arial, helvetica, sans-serif; font-size: 10pt;\"><img loading=\"lazy\" decoding=\"async\" class=\"size-full wp-image-747\" style=\"display: block; margin-left: auto; margin-right: auto;\" src=\"https:\/\/sgp.geodezja.org.pl\/wp-content\/uploads\/2015\/04\/XXXVII_Olimpiada_29.jpg\" alt=\"\" width=\"200\" height=\"193\" srcset=\"https:\/\/sgp.geodezja.org.pl\/wp-content\/uploads\/2015\/04\/XXXVII_Olimpiada_29.jpg 1500w, https:\/\/sgp.geodezja.org.pl\/wp-content\/uploads\/2015\/04\/XXXVII_Olimpiada_29-800x770.jpg 800w, https:\/\/sgp.geodezja.org.pl\/wp-content\/uploads\/2015\/04\/XXXVII_Olimpiada_29-300x289.jpg 300w, https:\/\/sgp.geodezja.org.pl\/wp-content\/uploads\/2015\/04\/XXXVII_Olimpiada_29-1024x986.jpg 1024w, https:\/\/sgp.geodezja.org.pl\/wp-content\/uploads\/2015\/04\/XXXVII_Olimpiada_29-768x739.jpg 768w\" sizes=\"auto, (max-width: 200px) 100vw, 200px\" \/><\/span><\/p>\n<p style=\"text-align: center;\" align=\"justify\"><span style=\"font-family: tahoma, arial, helvetica, sans-serif; font-size: 8pt;\"><b>Krzysztof Stasch <\/b>(Opole)<\/span><\/p>\n<p align=\"justify\"><span style=\"font-family: tahoma, arial, helvetica, sans-serif; font-size: 10pt;\"><img loading=\"lazy\" decoding=\"async\" class=\"size-full wp-image-748\" style=\"display: block; margin-left: auto; margin-right: auto;\" src=\"https:\/\/sgp.geodezja.org.pl\/wp-content\/uploads\/2015\/04\/XXXVII_Olimpiada_30.jpg\" alt=\"\" width=\"200\" height=\"200\" srcset=\"https:\/\/sgp.geodezja.org.pl\/wp-content\/uploads\/2015\/04\/XXXVII_Olimpiada_30.jpg 1500w, https:\/\/sgp.geodezja.org.pl\/wp-content\/uploads\/2015\/04\/XXXVII_Olimpiada_30-325x325.jpg 325w, https:\/\/sgp.geodezja.org.pl\/wp-content\/uploads\/2015\/04\/XXXVII_Olimpiada_30-100x100.jpg 100w, https:\/\/sgp.geodezja.org.pl\/wp-content\/uploads\/2015\/04\/XXXVII_Olimpiada_30-800x801.jpg 800w, https:\/\/sgp.geodezja.org.pl\/wp-content\/uploads\/2015\/04\/XXXVII_Olimpiada_30-300x300.jpg 300w, https:\/\/sgp.geodezja.org.pl\/wp-content\/uploads\/2015\/04\/XXXVII_Olimpiada_30-1024x1024.jpg 1024w, https:\/\/sgp.geodezja.org.pl\/wp-content\/uploads\/2015\/04\/XXXVII_Olimpiada_30-150x150.jpg 150w, https:\/\/sgp.geodezja.org.pl\/wp-content\/uploads\/2015\/04\/XXXVII_Olimpiada_30-768x769.jpg 768w\" sizes=\"auto, (max-width: 200px) 100vw, 200px\" \/><\/span><\/p>\n<p style=\"text-align: center;\" align=\"justify\"><span style=\"font-family: tahoma, arial, helvetica, sans-serif; font-size: 8pt;\"><b>Maciej We\u0142nic <\/b>(Rzesz\u00f3w)<\/span><\/p>\n<p align=\"justify\"><span style=\"font-family: tahoma, arial, helvetica, sans-serif; font-size: 10pt;\"><img loading=\"lazy\" decoding=\"async\" class=\"size-full wp-image-711\" style=\"display: block; margin-left: auto; margin-right: auto;\" src=\"https:\/\/sgp.geodezja.org.pl\/wp-content\/uploads\/2015\/04\/XXXVII_Olimpiada_31-scaled.jpg\" alt=\"\" width=\"200\" height=\"107\" \/><\/span><\/p>\n<p style=\"text-align: center;\" align=\"justify\"><span style=\"font-family: tahoma, arial, helvetica, sans-serif; font-size: 8pt;\"><b>Weronika Kacprzak<\/b> (Warszawa), <b>Micha\u0142 W\u00f3jcik <\/b>(Lublin), <i>po lewej <\/i><b>Andrzej Szymczak, Anna Jarmu\u0142owicz<\/b><\/span><\/p>\n<p style=\"text-align: justify;\" align=\"justify\"><span style=\"font-family: tahoma, arial, helvetica, sans-serif; font-size: 10pt;\"><b>Z<\/b>amykaj\u0105c XXXVII Olimpiad\u0119 Wiedzy Geodezyjnej i Kartograficznej <i>Andrzej Szymczak <\/i>dzi\u0119kowa\u0142 wszystkim osobom, organizacjom i instytucjom, kt\u00f3re przyczyni\u0142y si\u0119 do zorganizowania ko\u0144cz\u0105cego si\u0119, doskonale przebiegaj\u0105cego wydarzenia: Dyrekcji i nauczycielom Zespo\u0142u Szk\u00f3\u0142 Budowlanych z <i>Ma<\/i><i>gdalen\u0105<\/i><i> Popielewsk\u0105, <\/i>uczestnikom i opiekunom, Stowarzyszeniu Geodet\u00f3w Polskich w Bydgoszczy za zorganizowanie spotkania nauczycieli zawodu i wiecz\u00f3r, kt\u00f3ry pozwoli\u0142 na kontynuowanie pewnych w\u0105tk\u00f3w dyskutowanych podczas seminarium. Dzi\u0119kowa\u0142 sponsorowi generalnemu za wielostronne wsparcie Olimpiady, darczy\u0144com za liczne upominki i prezenty. M\u00f3wca skierowa\u0142 podzi\u0119kowania pod adresem G\u0142\u00f3wnego Geodety Kraju <i>Kazimierza Bujakowskiego <\/i>za obj\u0119cie wydarzenia patronatem oraz ufundowan\u0105 nagrod\u0119 i odczyta\u0142 nades\u0142any przez Niego okoliczno\u015bciowy adres.<\/span><\/p>\n<p align=\"justify\"><span style=\"font-family: tahoma, arial, helvetica, sans-serif; font-size: 10pt;\"><img loading=\"lazy\" decoding=\"async\" class=\"size-full wp-image-712\" style=\"display: block; margin-left: auto; margin-right: auto;\" src=\"https:\/\/sgp.geodezja.org.pl\/wp-content\/uploads\/2015\/04\/XXXVII_Olimpiada_32-scaled.jpg\" alt=\"\" width=\"200\" height=\"142\" \/><\/span><\/p>\n<p style=\"text-align: center;\" align=\"justify\"><span style=\"font-family: tahoma, arial, helvetica, sans-serif; font-size: 8pt;\"><b>Mateusz Golec <\/b>(Rzesz\u00f3w)<\/span><\/p>\n<p align=\"justify\"><span style=\"font-family: tahoma, arial, helvetica, sans-serif; font-size: 10pt;\"><img loading=\"lazy\" decoding=\"async\" class=\"size-full wp-image-713\" style=\"display: block; margin-left: auto; margin-right: auto;\" src=\"https:\/\/sgp.geodezja.org.pl\/wp-content\/uploads\/2015\/04\/XXXVII_Olimpiada_33-scaled.jpg\" alt=\"\" width=\"200\" height=\"156\" \/><\/span><\/p>\n<p style=\"text-align: center;\" align=\"justify\"><span style=\"font-family: tahoma, arial, helvetica, sans-serif; font-size: 8pt;\"><b>Konrad Wojtysiak <\/b>(Lublin) <b>z r\u0105k Andrzeja Szymczaka odbiera medal<\/b><\/span><\/p>\n<p align=\"justify\"><span style=\"font-family: tahoma, arial, helvetica, sans-serif; font-size: 10pt;\"><img loading=\"lazy\" decoding=\"async\" class=\"size-full wp-image-714\" style=\"display: block; margin-left: auto; margin-right: auto;\" src=\"https:\/\/sgp.geodezja.org.pl\/wp-content\/uploads\/2015\/04\/XXXVII_Olimpiada_34-scaled.jpg\" alt=\"\" width=\"168\" height=\"200\" \/><\/span><\/p>\n<p style=\"text-align: center;\" align=\"justify\"><span style=\"font-family: tahoma, arial, helvetica, sans-serif; font-size: 8pt;\"><b>Rados\u0142aw Palak <\/b>(Lublin)<\/span><\/p>\n<p align=\"justify\"><span style=\"font-family: tahoma, arial, helvetica, sans-serif; font-size: 10pt;\"><img loading=\"lazy\" decoding=\"async\" class=\"size-full wp-image-716\" style=\"display: block; margin-left: auto; margin-right: auto;\" src=\"https:\/\/sgp.geodezja.org.pl\/wp-content\/uploads\/2015\/04\/XXXVII_Olimpiada_35-scaled.jpg\" alt=\"\" width=\"200\" height=\"167\" \/><\/span><\/p>\n<p style=\"text-align: center;\" align=\"justify\"><span style=\"font-family: tahoma, arial, helvetica, sans-serif; font-size: 8pt;\"><b>Bart\u0142omiej Chojan <\/b>(Pozna\u0144) <b><i>odbiera medal z r\u0105k <\/i>Andrzeja Szymczaka<\/b><\/span><\/p>\n<p align=\"justify\"><span style=\"font-family: tahoma, arial, helvetica, sans-serif; font-size: 10pt;\"><b><i>M<\/i><\/b><i>a<\/i><i>gdalena<\/i><i> Popielewska<\/i> dzi\u0119kowa\u0142a za wielki wk\u0142ad w organizacj\u0119 Olimpiady <i>Marii Gadomskiej <\/i>oraz <i>Annie Jarmu\u0142owicz, <\/i>bo <i>\u201ebez ich pracy i do\u015bwiadczenia nie by\u0142oby tak dobrego przebiegu wydarzenia\u201d. <\/i>Wielki udzia\u0142 w przygotowaniu wydarzenia i jego przebiegu maj\u0105 nauczyciele <i>Beata Startek, Emilia Ciechowicz-Przygoda, El\u017cbieta Szewczy\u0144ska, Maciej A\u0142tyn, Anna \u015awiercz-Prusiecka.<\/i> Wiele podzi\u0119kowa\u0144 by\u0142o kierowanych do generalnego sponsora <i>Zenona Mi\u0119tkiewicza, <\/i>kt\u00f3ry \u015bwiadczy\u0142 wielostronn\u0105 pomoc na rzecz dobrego przygotowania Olimpiady. <\/span><\/p>\n<p align=\"justify\"><span style=\"font-family: tahoma, arial, helvetica, sans-serif; font-size: 10pt;\"><b>P<\/b>odzi\u0119kowanie za wszechstronn\u0105 pomoc organizatorom Olimpiady by\u0142y tak\u017ce kierowane do <i>Stanis\u0142awa Cegielski<\/i> i <i>Boles\u0142awa Krystowczyka. <\/i>Nagrody dla najlepszych uczestnik\u00f3w zmaga\u0144 olimpijskich ufundowali: Kazimierz Bujakowski Prezes G\u0142\u00f3wnego Urz\u0119du Geodezji i Kartografii; Ewa Mes Wojewoda Kujawsko-Pomorski; Piotr Ca\u0142becki Marsza\u0142ek Wojew\u00f3dztwa Kujawsko-Pomorskiego; Rafa\u0142 Bruski Prezydent Bydgoszczy; Lucjan Pietluch Prezes sp\u00f3\u0142ki <i>Geokart International<\/i> w Rzeszowie; Florian Romanowski Prezes <i>OPeGieKa<\/i> w Elbl\u0105gu; W\u0142odzimierz Balcerek Prezes<i> GeoserV <\/i>\u00a0Warszawa; Robert Rachwa\u0142 Prezes <i>OPGK<\/i> w Krakowie; Ryszard Brzozowski Prezes <i>WPG<\/i> w Warszawie; Waldemar Klocek Prezes <i>OPGK<\/i> w Olsztynie; Andrzej Jaroszewicz Dyrektor <i>TPI Topcon<\/i> w Warszawie. Za ca\u0142e dobro doznane przez organizator\u00f3w ze strony wymienionych os\u00f3b, <i>Mag<\/i><i>dalena<\/i><i> Popielewska,<\/i> z wielk\u0105 wdzi\u0119czno\u015bci\u0105 i serdeczno\u015bci\u0105 im<i>.<\/i><\/span><\/p>\n<p align=\"justify\"><img loading=\"lazy\" decoding=\"async\" class=\"size-full wp-image-717\" style=\"display: block; margin-left: auto; margin-right: auto;\" src=\"https:\/\/sgp.geodezja.org.pl\/wp-content\/uploads\/2015\/04\/XXXVII_Olimpiada_36-scaled.jpg\" alt=\"\" width=\"115\" height=\"200\" \/><\/p>\n<p style=\"text-align: center;\" align=\"justify\"><span style=\"font-family: tahoma, arial, helvetica, sans-serif; font-size: 8pt;\"><b>Kamil Szostek <\/b>(\u017belech\u00f3w)<\/span><\/p>\n<p align=\"justify\"><img loading=\"lazy\" decoding=\"async\" class=\"size-full wp-image-749\" style=\"display: block; margin-left: auto; margin-right: auto;\" src=\"https:\/\/sgp.geodezja.org.pl\/wp-content\/uploads\/2015\/04\/XXXVII_Olimpiada_37.jpg\" alt=\"\" width=\"200\" height=\"166\" srcset=\"https:\/\/sgp.geodezja.org.pl\/wp-content\/uploads\/2015\/04\/XXXVII_Olimpiada_37.jpg 1500w, https:\/\/sgp.geodezja.org.pl\/wp-content\/uploads\/2015\/04\/XXXVII_Olimpiada_37-800x665.jpg 800w, https:\/\/sgp.geodezja.org.pl\/wp-content\/uploads\/2015\/04\/XXXVII_Olimpiada_37-300x249.jpg 300w, https:\/\/sgp.geodezja.org.pl\/wp-content\/uploads\/2015\/04\/XXXVII_Olimpiada_37-1024x851.jpg 1024w, https:\/\/sgp.geodezja.org.pl\/wp-content\/uploads\/2015\/04\/XXXVII_Olimpiada_37-768x638.jpg 768w\" sizes=\"auto, (max-width: 200px) 100vw, 200px\" \/><\/p>\n<p style=\"text-align: center;\" align=\"justify\"><span style=\"font-family: tahoma, arial, helvetica, sans-serif; font-size: 8pt;\"><b>Micha\u0142 Syrek <\/b>(Katowice) <b>odbiera okoliczno\u015bciowy medal z r\u0105k Andrzeja Szymczaka<\/b><\/span><\/p>\n<p style=\"text-align: justify;\" align=\"justify\"><span style=\"font-family: tahoma, arial, helvetica, sans-serif; font-size: 10pt;\">\u00a0<\/span><\/p>\n<p style=\"text-align: center;\" align=\"justify\"><img loading=\"lazy\" decoding=\"async\" class=\"size-full wp-image-750\" src=\"https:\/\/sgp.geodezja.org.pl\/wp-content\/uploads\/2015\/04\/XXXVII_Olimpiada_38.jpg\" alt=\"\" width=\"200\" height=\"98\" srcset=\"https:\/\/sgp.geodezja.org.pl\/wp-content\/uploads\/2015\/04\/XXXVII_Olimpiada_38.jpg 1500w, https:\/\/sgp.geodezja.org.pl\/wp-content\/uploads\/2015\/04\/XXXVII_Olimpiada_38-800x393.jpg 800w, https:\/\/sgp.geodezja.org.pl\/wp-content\/uploads\/2015\/04\/XXXVII_Olimpiada_38-300x147.jpg 300w, https:\/\/sgp.geodezja.org.pl\/wp-content\/uploads\/2015\/04\/XXXVII_Olimpiada_38-1024x503.jpg 1024w, https:\/\/sgp.geodezja.org.pl\/wp-content\/uploads\/2015\/04\/XXXVII_Olimpiada_38-768x377.jpg 768w\" sizes=\"auto, (max-width: 200px) 100vw, 200px\" \/>\u00a0<\/p>\n<p style=\"text-align: center;\" align=\"justify\"><span style=\"font-family: tahoma, arial, helvetica, sans-serif; font-size: 8pt;\"><b>Finali\u015bci Olimpiady 2014\/2015, kt\u00f3rzy zaj\u0119li miejsca od 11 do 20.<\/b><\/span><\/p>\n<p style=\"text-align: justify;\" align=\"justify\"><span style=\"font-family: tahoma, arial, helvetica, sans-serif; font-size: 10pt;\"><b>P<\/b>odzi\u0119kowanie za wszechstronn\u0105 pomoc organizatorom Olimpiady by\u0142y tak\u017ce kierowane do <i>Stanis\u0142awa Cegielskiego<\/i> i <i>Boles\u0142awa Krystowczyka. <\/i>Nagrody dla najlepszych uczestnik\u00f3w zmaga\u0144 olimpijskich ufundowali: Kazimierz Bujakowski Prezes G\u0142\u00f3wnego Urz\u0119du Geodezji i Kartografii; Ewa Mes Wojewoda Kujawsko-Pomorski; Piotr Ca\u0142becki Marsza\u0142ek Wojew\u00f3dztwa Kujawsko-Pomorskiego; Rafa\u0142 Bruski Prezydent Bydgoszczy; Lucjan Pietluch Prezes sp\u00f3\u0142ki Geokart International w Rzeszowie; Florian Romanowski Prezes <i>OPeGieKa<\/i> w Elbl\u0105gu; W\u0142odzimierz Balcerek Prezes<i> GeoserV<\/i> Warszawa; Robert Rachwa\u0142 Prezes OPGK w Krakowie; Ryszard Brzozowski Prezes WPG w Warszawie; Waldemar Klocek Prezes OPGK w Olsztynie; Andrzej Jaroszewicz Dyrektor TPI Topcon w Warszawie. Za ca\u0142e dobro doznane przez organizator\u00f3w ze strony wymienionych os\u00f3b, <i>Mag<\/i><i>dalena<\/i><i> Popielewska <\/i>dzi\u0119kowa\u0142a im z wielk\u0105 wdzi\u0119czno\u015bci\u0105 i serdeczno\u015bci\u0105<i>.<\/i><\/span><\/p>\n<p style=\"text-align: center;\" align=\"justify\"><img loading=\"lazy\" decoding=\"async\" class=\"size-full wp-image-751\" src=\"https:\/\/sgp.geodezja.org.pl\/wp-content\/uploads\/2015\/04\/XXXVII_Olimpiada_39.jpg\" alt=\"\" width=\"200\" height=\"102\" srcset=\"https:\/\/sgp.geodezja.org.pl\/wp-content\/uploads\/2015\/04\/XXXVII_Olimpiada_39.jpg 1500w, https:\/\/sgp.geodezja.org.pl\/wp-content\/uploads\/2015\/04\/XXXVII_Olimpiada_39-800x407.jpg 800w, https:\/\/sgp.geodezja.org.pl\/wp-content\/uploads\/2015\/04\/XXXVII_Olimpiada_39-300x153.jpg 300w, https:\/\/sgp.geodezja.org.pl\/wp-content\/uploads\/2015\/04\/XXXVII_Olimpiada_39-1024x522.jpg 1024w, https:\/\/sgp.geodezja.org.pl\/wp-content\/uploads\/2015\/04\/XXXVII_Olimpiada_39-768x391.jpg 768w\" sizes=\"auto, (max-width: 200px) 100vw, 200px\" \/><\/p>\n<p style=\"text-align: center;\" align=\"justify\"><span style=\"font-family: tahoma, arial, helvetica, sans-serif; font-size: 8pt;\"><b>Go\u015bcie uroczysto\u015bci<\/b><b>: Jadwiga Zagert, Ewa Wysocka, Stanis\u0142aw \u015aliwka, Robert Cieszy\u0144ski, Stanis\u0142aw Cegielski, Boles\u0142aw Krystowczyk, Andrzej Szymczak<\/b><\/span><\/p>\n<p style=\"text-align: justify;\" align=\"justify\"><span style=\"font-family: tahoma, arial, helvetica, sans-serif; font-size: 10pt;\"><b>D<\/b>zi\u0119kuj\u0105c uczestnikom zmaga\u0144 i ich opiekunom za przyczynienie si\u0119 do dobrego przebiegu spotkania, <i>Magdalena Popielewska <\/i>gratulowa\u0142a osi\u0105gni\u0119\u0107 laureatom i wyrazi\u0142a wol\u0119 i przekonanie, \u017ce <i>\u201e<\/i><i>spotkamy si\u0119 tu za dwa lata\u201d.<\/i><\/span><\/p>\n<p style=\"text-align: justify;\" align=\"justify\"><span style=\"font-family: tahoma, arial, helvetica, sans-serif; font-size: 10pt; color: #008000;\"><a href=\"https:\/\/sgp.geodezja.org.pl\/wp-content\/uploads\/2015\/04\/XXXVII_Olimpiada_trzeci_etap_20150411.pdf\">Relacja z fina\u0142u XXXVII Olimpiady Wiedzy Geodezyjnej i Kartograficznej (pdf) &gt;&gt;&gt;<\/a><br \/><\/span><\/p>\n<p style=\"text-align: justify;\" align=\"justify\"><span style=\"font-family: tahoma, arial, helvetica, sans-serif; font-size: 10pt; color: #000000;\">Tekst i zdj\u0119cia Stanis\u0142aw Marcin Wili\u0144ski<\/span><\/p>\n<p style=\"text-align: right;\" align=\"justify\"><span style=\"font-family: tahoma, arial, helvetica, sans-serif; font-size: 10pt; color: #000000;\">VK<\/span><\/p>\n<p style=\"text-align: left;\" align=\"justify\">\u00a0<\/p>","protected":false},"excerpt":{"rendered":"<p>Centralny etap XXXVII Olimpiady Wiedzy Geodezyjnej i Kartograficznej zosta\u0142 przeprowadzony w go\u015bcinnych murach Zespo\u0142u Szk\u00f3\u0142 Budowlanych w Bydgoszczy. Cz\u0119\u015b\u0107 testowa konkursu pozwoli\u0142a na wy\u0142onienie najlepszej dziesi\u0105tki spo\u015br\u00f3d dwudziestu uczni\u00f3w. W finale uczniowie z Katowic, Lublina, Opola, Poznania, Rzeszowa, Warszawy i \u017belechowa odpowiadali na wylosowane zestawy pyta\u0144 przed komisj\u0105 w sk\u0142adzie: prof. Janusz Walo, Jakub Szczepa\u0144ski, [&hellip;]<\/p>\n","protected":false},"author":2,"featured_media":731,"comment_status":"open","ping_status":"open","sticky":false,"template":"","format":"standard","meta":{"two_page_speed":[],"footnotes":""},"categories":[10],"tags":[],"class_list":["post-753","post","type-post","status-publish","format-standard","has-post-thumbnail","hentry","category-informacje"],"_links":{"self":[{"href":"https:\/\/sgp.geodezja.org.pl\/en\/wp-json\/wp\/v2\/posts\/753","targetHints":{"allow":["GET"]}}],"collection":[{"href":"https:\/\/sgp.geodezja.org.pl\/en\/wp-json\/wp\/v2\/posts"}],"about":[{"href":"https:\/\/sgp.geodezja.org.pl\/en\/wp-json\/wp\/v2\/types\/post"}],"author":[{"embeddable":true,"href":"https:\/\/sgp.geodezja.org.pl\/en\/wp-json\/wp\/v2\/users\/2"}],"replies":[{"embeddable":true,"href":"https:\/\/sgp.geodezja.org.pl\/en\/wp-json\/wp\/v2\/comments?post=753"}],"version-history":[{"count":0,"href":"https:\/\/sgp.geodezja.org.pl\/en\/wp-json\/wp\/v2\/posts\/753\/revisions"}],"wp:featuredmedia":[{"embeddable":true,"href":"https:\/\/sgp.geodezja.org.pl\/en\/wp-json\/wp\/v2\/media\/731"}],"wp:attachment":[{"href":"https:\/\/sgp.geodezja.org.pl\/en\/wp-json\/wp\/v2\/media?parent=753"}],"wp:term":[{"taxonomy":"category","embeddable":true,"href":"https:\/\/sgp.geodezja.org.pl\/en\/wp-json\/wp\/v2\/categories?post=753"},{"taxonomy":"post_tag","embeddable":true,"href":"https:\/\/sgp.geodezja.org.pl\/en\/wp-json\/wp\/v2\/tags?post=753"}],"curies":[{"name":"wp","href":"https:\/\/api.w.org\/{rel}","templated":true}]}}