{"id":754,"date":"2015-04-19T21:56:01","date_gmt":"2015-04-19T19:56:01","guid":{"rendered":"https:\/\/2.budowaniestron.pl\/xxxvii-olimpiada-wiedzy-geodezyjnej-i-kartograficznej-podziekowania\/"},"modified":"2015-04-19T21:56:01","modified_gmt":"2015-04-19T19:56:01","slug":"xxxvii-olimpiada-wiedzy-geodezyjnej-i-kartograficznej-podziekowania","status":"publish","type":"post","link":"https:\/\/sgp.geodezja.org.pl\/en\/xxxvii-olimpiada-wiedzy-geodezyjnej-i-kartograficznej-podziekowania\/","title":{"rendered":"XXXVII Olimpiada Wiedzy Geodezyjnej i Kartograficznej \u2013 Podzi\u0119kowania"},"content":{"rendered":"<p style=\"text-align: justify;\">Zarz\u0105d G\u0142\u00f3wny Stowarzyszenia Geodet\u00f3w Polskich dzi\u0119kuje wszystkim uczestnikom Olimpiady i\u00a0gratuluje jej laureatom.<\/p>\n<p>  <!--more-->  <\/p>\n<p style=\"text-align: justify;\">Zarz\u0105d G\u0142\u00f3wny Stowarzyszenia Geodet\u00f3w Polskich dzi\u0119kuje wszystkim uczestnikom Olimpiady i\u00a0gratuluje jej laureatom.<\/p>\n<p style=\"text-align: justify;\">Serdecznie dzi\u0119kujemy fundatorom \u2013 wspierali XXXVII Olimpiad\u0119 i ufundowali nagrody:\u00a0<\/p>\n<ol>\n<li><strong>Zenon Mi\u0119tkiewicz<\/strong> Prezes Zarz\u0105du firmy GEMAT z Bydgoszczy wraz z\u00a0dystrybutorem sprz\u0119tu.<\/li>\n<li><strong>Maciej Greblis<\/strong> &#8211; szwajcarska firma GEOMAX<\/li>\n<li><strong>Kazimierz Bujakowski<\/strong> \u2013 Prezes G\u0142\u00f3wny Urz\u0105d Geodezji i Kartografii w\u00a0Warszawie.<\/li>\n<li><strong>Rafa\u0142 Bruski<\/strong> \u2013 Prezydent Miasta Bydgoszczy.<\/li>\n<li><strong>Piotr Ca\u0142biecki<\/strong> \u2013 Marsza\u0142ek Wojew\u00f3dztwa Kujawsko Pomorskiego.<\/li>\n<li><strong>Boles\u0142aw Krystowczyk<\/strong> \u2013 Prezes Oddzia\u0142u Stowarzyszenie Geodet\u00f3w Polskich w\u00a0Bydgoszczy.<\/li>\n<li><strong>Ewa Mes<\/strong> \u2013 Wojewoda Kujawsko Pomorski<\/li>\n<li><strong>Przedstawiciele<\/strong> \u2013 Uniwersytetu Technologiczno-Przyrodniczego w Bydgoszczy<\/li>\n<li><strong>\u0141ucjan Pietluch<\/strong> \u2013 Prezes GEOKART INTERNATIONAL z Rzeszowa.<\/li>\n<li><strong>Florian Romanowski<\/strong> \u2013 Prezes OPeGieKa Sp z o.o. z Elbl\u0105ga.<\/li>\n<li><strong>W\u0142odzimierz Balcerek<\/strong> \u2013 Prezes GeoserV Sp z o.o. z Warszawy.<\/li>\n<li><strong>Andrzej Jaroszewicz<\/strong> \u2013 Prezes T.P.I. Sp z o.o. z Warszawy.<\/li>\n<li><strong>Robert Rachwa\u0142<\/strong> \u2013 Prezes Okr\u0119gowe Przedsi\u0119biorstwo Geodezyjno Kartograficzne Sp\u00a0z\u00a0o.o. z Krakowa.<\/li>\n<li><strong>Ryszard Brzozowski<\/strong> \u2013 Prezes Warszawskie Przedsi\u0119biorstwo Geodezyjne S.A. z\u00a0Warszawy.<\/li>\n<li><strong>Waldemar Klocek<\/strong> \u2013 Prezes Okr\u0119gowe Przedsi\u0119biorstwo Geodezyjno Kartograficzne Sp\u00a0z\u00a0o.o. z Olsztyna.<\/li>\n<li><strong>Tomasz Galant<\/strong> \u2013 Prezes Esri Polska Sp. z o.o.<\/li>\n<li><strong>Wojciech Wilkowski<\/strong> \u2013 Redaktor miesi\u0119cznik PRZEGL\u0104D GEODEZYJNY \u2013 patron medialny.<\/li>\n<li><strong>Katarzyna Kwieci\u0144ska<\/strong> \u2013 Redaktor miesi\u0119cznik \u201eGEODETA &#8211; patron medialny.<\/li>\n<\/ol>\n<p>Zarz\u0105d G\u0142\u00f3wny Stowarzyszenia Geodet\u00f3w Polskich serdecznie dzi\u0119kuje r\u00f3wnie\u017c:<\/p>\n<ul>\n<li>Panu\u00a0<strong>Kazimierzowi Bujakowskiemu<\/strong>\u00a0\u2013 G\u0142\u00f3wnemu Geodecie Kraju za obj\u0119cie Patronatem Honorowym Olimpiady,<\/li>\n<li>Panu\u00a0<strong>Andrzejowi Szymczakowi<\/strong>\u00a0\u2013 Przewodnicz\u0105cemu Komitetu G\u0142\u00f3wnego Olimpiady,<\/li>\n<li>Pani prof.\u00a0<strong>Zofii Wi\u0119ckowicz<\/strong>\u00a0\u2013 Przewodnicz\u0105cej Jury Olimpiady,<\/li>\n<li>Pani\u00a0<strong>Magdalenie Popielewskiej<\/strong>\u00a0\u2013 Dyrektorowi Zesp\u00f3\u0142 Szk\u00f3\u0142 Budowlanych im.\u00a0Jurija Gagarina w\u00a0Bydgoszczy, Przewodnicz\u0105cej Komitetu Organizacyjnego Olimpiady,<\/li>\n<li>Kol.\u00a0<strong>Boles\u0142awowi Krystowczykowi<\/strong> \u2013 Prezesowi Oddzia\u0142u Stowarzyszenia Geodet\u00f3w Polskich w Bydgoszczy,<\/li>\n<li>Koledze <strong>Stanis\u0142awowi Marcinowi Wili\u0144skiemu<\/strong> za obszern\u0105 relacj\u0119 i\u00a0zdj\u0119cia z XXXVII Olimpiady Wiedzy Geodezyjnej i Kartograficznej.<\/li>\n<\/ul>\n<p>Zarz\u0105d G\u0142\u00f3wny Stowarzyszenia Geodet\u00f3w Polskich serdecznie dzi\u0119kuje wszystkim pozosta\u0142ym cz\u0142onkom Komitetu G\u0142\u00f3wnego, Jury i Komitetu Organizacyjnego Olimpiady oraz innym osobom, kt\u00f3re j\u0105 wspiera\u0142y.<\/p>\n<p><span style=\"color: #008000;\"><a href=\"http:\/\/www.zsb.bydgoszcz.pl\/main.php?menu=10&amp;item=10&amp;page=1036\">Zobacz wi\u0119cej informacji o Olimpiadzie na stronie Szko\u0142y&gt;&gt;&gt;<\/a><\/span><\/p>\n<p style=\"text-align: right;\">\u00a0VK<\/p>","protected":false},"excerpt":{"rendered":"<p>Zarz\u0105d G\u0142\u00f3wny Stowarzyszenia Geodet\u00f3w Polskich dzi\u0119kuje wszystkim uczestnikom Olimpiady i\u00a0gratuluje jej laureatom.<\/p>","protected":false},"author":2,"featured_media":0,"comment_status":"open","ping_status":"open","sticky":false,"template":"","format":"standard","meta":{"two_page_speed":[],"footnotes":""},"categories":[10],"tags":[],"class_list":["post-754","post","type-post","status-publish","format-standard","hentry","category-informacje"],"_links":{"self":[{"href":"https:\/\/sgp.geodezja.org.pl\/en\/wp-json\/wp\/v2\/posts\/754","targetHints":{"allow":["GET"]}}],"collection":[{"href":"https:\/\/sgp.geodezja.org.pl\/en\/wp-json\/wp\/v2\/posts"}],"about":[{"href":"https:\/\/sgp.geodezja.org.pl\/en\/wp-json\/wp\/v2\/types\/post"}],"author":[{"embeddable":true,"href":"https:\/\/sgp.geodezja.org.pl\/en\/wp-json\/wp\/v2\/users\/2"}],"replies":[{"embeddable":true,"href":"https:\/\/sgp.geodezja.org.pl\/en\/wp-json\/wp\/v2\/comments?post=754"}],"version-history":[{"count":0,"href":"https:\/\/sgp.geodezja.org.pl\/en\/wp-json\/wp\/v2\/posts\/754\/revisions"}],"wp:attachment":[{"href":"https:\/\/sgp.geodezja.org.pl\/en\/wp-json\/wp\/v2\/media?parent=754"}],"wp:term":[{"taxonomy":"category","embeddable":true,"href":"https:\/\/sgp.geodezja.org.pl\/en\/wp-json\/wp\/v2\/categories?post=754"},{"taxonomy":"post_tag","embeddable":true,"href":"https:\/\/sgp.geodezja.org.pl\/en\/wp-json\/wp\/v2\/tags?post=754"}],"curies":[{"name":"wp","href":"https:\/\/api.w.org\/{rel}","templated":true}]}}