{"id":761,"date":"2015-04-23T18:01:05","date_gmt":"2015-04-23T16:01:05","guid":{"rendered":"https:\/\/2.budowaniestron.pl\/wystawa-europa-polska-warszawa-na-przestrzeni-wiekow-w-geodezji-i-kartografii-wpg-s-a-od-kwietnia-do-wrzesnia-2015\/"},"modified":"2015-04-23T18:01:05","modified_gmt":"2015-04-23T16:01:05","slug":"wystawa-europa-polska-warszawa-na-przestrzeni-wiekow-w-geodezji-i-kartografii-wpg-s-a-od-kwietnia-do-wrzesnia-2015","status":"publish","type":"post","link":"https:\/\/sgp.geodezja.org.pl\/en\/wystawa-europa-polska-warszawa-na-przestrzeni-wiekow-w-geodezji-i-kartografii-wpg-s-a-od-kwietnia-do-wrzesnia-2015\/","title":{"rendered":"Wystawa \u201eEuropa, Polska, Warszawa na przestrzeni wiek\u00f3w w geodezji i kartografii\u201d   WPG S.A. od kwietnia do wrze\u015bnia 2015"},"content":{"rendered":"<p style=\"text-align: justify;\">Dnia 23 kwietnia 2015\u00a0r. w siedzibie Warszawskiego Przedsi\u0119biorstwa Geodezyjnego\u00a0S.A. zosta\u0142a otwarta wystawa pt. \u201eEuropa, Polska, Warszawa na przestrzeni wiek\u00f3w w geodezji i\u00a0kartografii\u201d u\u015bwietniaj\u0105ca 65 rocznic\u0119 powstania i dzia\u0142alno\u015bci Przedsi\u0119biorstwa.<\/p>\n<p>  <!--more-->  <\/p>\n<p style=\"text-align: justify;\">Dnia 23 kwietnia 2015\u00a0r. w siedzibie Warszawskiego Przedsi\u0119biorstwa Geodezyjnego\u00a0S.A. zosta\u0142a otwarta wystawa pt. \u201eEuropa, Polska, Warszawa na przestrzeni wiek\u00f3w w geodezji i\u00a0kartografii\u201d u\u015bwietniaj\u0105ca 65 rocznic\u0119 powstania i dzia\u0142alno\u015bci Przedsi\u0119biorstwa. Uroczysto\u015b\u0107 zaszczycili swoj\u0105 obecno\u015bci\u0105 licznie przybyli znamienici go\u015bcie. Wystaw\u0119 otworzy\u0142 witaj\u0105c go\u015bci Prezes Zarz\u0105du WPG S.A. Ryszard Brzozowski.<\/p>\n<p style=\"text-align: center;\">\u00a0<img loading=\"lazy\" decoding=\"async\" class=\"size-full wp-image-756\" src=\"https:\/\/sgp.geodezja.org.pl\/wp-content\/uploads\/2015\/04\/P1000369_1.JPG\" alt=\"\" width=\"200\" height=\"133\" srcset=\"https:\/\/sgp.geodezja.org.pl\/wp-content\/uploads\/2015\/04\/P1000369_1.JPG 1500w, https:\/\/sgp.geodezja.org.pl\/wp-content\/uploads\/2015\/04\/P1000369_1-800x533.jpg 800w, https:\/\/sgp.geodezja.org.pl\/wp-content\/uploads\/2015\/04\/P1000369_1-300x200.jpg 300w, https:\/\/sgp.geodezja.org.pl\/wp-content\/uploads\/2015\/04\/P1000369_1-1024x683.jpg 1024w, https:\/\/sgp.geodezja.org.pl\/wp-content\/uploads\/2015\/04\/P1000369_1-768x512.jpg 768w, https:\/\/sgp.geodezja.org.pl\/wp-content\/uploads\/2015\/04\/P1000369_1-90x60.jpg 90w\" sizes=\"auto, (max-width: 200px) 100vw, 200px\" \/><\/p>\n<p>Wystaw\u0119 prezentowan\u0105 w salach Muzeum Warszawskiego Przedsi\u0119biorstwa Geodezyjnym\u00a0S.A. zorganizowano przy wsp\u00f3\u0142pracy z Muzeum Sztuki i Historii Kultury w\u00a0Dortmundzie i z Fundacj\u0105 muzeum Techniki Geodezyjnej.<\/p>\n<p style=\"text-align: center;\">Przypomniana zosta\u0142a historia WPG S.A. i miejsca, na kt\u00f3rym stoi budynek Firmy.<\/p>\n<p style=\"text-align: center;\"><img loading=\"lazy\" decoding=\"async\" class=\"size-full wp-image-757\" src=\"https:\/\/sgp.geodezja.org.pl\/wp-content\/uploads\/2015\/04\/P1000374_1.JPG\" alt=\"\" width=\"200\" height=\"133\" srcset=\"https:\/\/sgp.geodezja.org.pl\/wp-content\/uploads\/2015\/04\/P1000374_1.JPG 1500w, https:\/\/sgp.geodezja.org.pl\/wp-content\/uploads\/2015\/04\/P1000374_1-800x533.jpg 800w, https:\/\/sgp.geodezja.org.pl\/wp-content\/uploads\/2015\/04\/P1000374_1-300x200.jpg 300w, https:\/\/sgp.geodezja.org.pl\/wp-content\/uploads\/2015\/04\/P1000374_1-1024x683.jpg 1024w, https:\/\/sgp.geodezja.org.pl\/wp-content\/uploads\/2015\/04\/P1000374_1-768x512.jpg 768w\" sizes=\"auto, (max-width: 200px) 100vw, 200px\" \/><\/p>\n<p style=\"text-align: justify;\">Go\u015bcie obejrzeli kolekcj\u0119 starych, pi\u0119knych map Polski, Warszawy i innych polskich miast. Fundacja Muzeum Techniki Geodezyjnej w Dortmundzie w Niemczech zaprezentowa\u0142a sw\u00f3j dorobek muzealny, histori\u0119 geodezji i\u00a0kartografii niemieckiej.<\/p>\n<p style=\"text-align: center;\"><img loading=\"lazy\" decoding=\"async\" class=\"size-full wp-image-758\" src=\"https:\/\/sgp.geodezja.org.pl\/wp-content\/uploads\/2015\/04\/P1000386_1.JPG\" alt=\"\" width=\"200\" height=\"133\" srcset=\"https:\/\/sgp.geodezja.org.pl\/wp-content\/uploads\/2015\/04\/P1000386_1.JPG 1500w, https:\/\/sgp.geodezja.org.pl\/wp-content\/uploads\/2015\/04\/P1000386_1-800x533.jpg 800w, https:\/\/sgp.geodezja.org.pl\/wp-content\/uploads\/2015\/04\/P1000386_1-300x200.jpg 300w, https:\/\/sgp.geodezja.org.pl\/wp-content\/uploads\/2015\/04\/P1000386_1-1024x683.jpg 1024w, https:\/\/sgp.geodezja.org.pl\/wp-content\/uploads\/2015\/04\/P1000386_1-768x512.jpg 768w\" sizes=\"auto, (max-width: 200px) 100vw, 200px\" \/><\/p>\n<p style=\"text-align: justify;\">Ekspozycja przedstawia\u0142a mi\u0119dzy innymi zabytkowe instrumenty geodezyjne i ich przeznaczenie.<\/p>\n<p style=\"text-align: center;\">\u00a0<img loading=\"lazy\" decoding=\"async\" class=\"size-full wp-image-759\" src=\"https:\/\/sgp.geodezja.org.pl\/wp-content\/uploads\/2015\/04\/P1000389_1.JPG\" alt=\"\" width=\"200\" height=\"133\" srcset=\"https:\/\/sgp.geodezja.org.pl\/wp-content\/uploads\/2015\/04\/P1000389_1.JPG 1500w, https:\/\/sgp.geodezja.org.pl\/wp-content\/uploads\/2015\/04\/P1000389_1-800x533.jpg 800w, https:\/\/sgp.geodezja.org.pl\/wp-content\/uploads\/2015\/04\/P1000389_1-300x200.jpg 300w, https:\/\/sgp.geodezja.org.pl\/wp-content\/uploads\/2015\/04\/P1000389_1-1024x683.jpg 1024w, https:\/\/sgp.geodezja.org.pl\/wp-content\/uploads\/2015\/04\/P1000389_1-768x512.jpg 768w\" sizes=\"auto, (max-width: 200px) 100vw, 200px\" \/><\/p>\n<p style=\"text-align: center;\">Rekonstrukcja Maszyny Geograficznej &#8211; W\u00f3z Wiehena 1772\u00a0r.<\/p>\n<p style=\"text-align: center;\">\u00a0<img loading=\"lazy\" decoding=\"async\" class=\"size-full wp-image-760\" src=\"https:\/\/sgp.geodezja.org.pl\/wp-content\/uploads\/2015\/04\/P1000397_1.JPG\" alt=\"\" width=\"200\" height=\"133\" srcset=\"https:\/\/sgp.geodezja.org.pl\/wp-content\/uploads\/2015\/04\/P1000397_1.JPG 1500w, https:\/\/sgp.geodezja.org.pl\/wp-content\/uploads\/2015\/04\/P1000397_1-800x533.jpg 800w, https:\/\/sgp.geodezja.org.pl\/wp-content\/uploads\/2015\/04\/P1000397_1-300x200.jpg 300w, https:\/\/sgp.geodezja.org.pl\/wp-content\/uploads\/2015\/04\/P1000397_1-1024x683.jpg 1024w, https:\/\/sgp.geodezja.org.pl\/wp-content\/uploads\/2015\/04\/P1000397_1-768x512.jpg 768w\" sizes=\"auto, (max-width: 200px) 100vw, 200px\" \/>\u00a0<\/p>\n<p style=\"text-align: center;\">Teodolit precyzyjny 1835 r.<\/p>\n<p style=\"text-align: justify;\">Uczestniczy\u0107 w otwarciu i zapozna\u0107 si\u0119 z ekspozycj\u0105 mieli przyjemno\u015b\u0107 zaproszeni przedstawiciele Stowarzyszenia Geodet\u00f3w Polskich. W uroczysto\u015bci, miedzy innymi,\u00a0uczestniczyli: prof. Zdzis\u0142aw Adamczewski &#8211; Cz\u0142onek Honorowy Stowarzyszenia, prof. Aleksandra Bujakiewicz &#8211; Przewodnicz\u0105ca Polskiego Towarzystwa Fotogrametrii i Teledetekcji, Koledzy: Andrzeja Pachuta &#8211; Wiceprezes Stowarzyszenia, Janusz Walo, Zdzis\u0142aw Kurczy\u0144ski oraz W\u0142odzimierz K\u0119dziora.\u00a0<\/p>\n<p>Jest to interesuj\u0105ca, bardzo dobrze przygotowana ekspozycja, godna odwiedzenie nie tylko przez geodet\u00f3w.<\/p>\n<p>Informacja i zdj\u0119cia W\u0142odzimierz K\u0119dziora.<\/p>\n<p>\u00a0<\/p>\n<p>\u00a0<\/p>\n<p style=\"text-align: right;\">VK<\/p>","protected":false},"excerpt":{"rendered":"<p>Dnia 23 kwietnia 2015\u00a0r. w siedzibie Warszawskiego Przedsi\u0119biorstwa Geodezyjnego\u00a0S.A. zosta\u0142a otwarta wystawa pt. \u201eEuropa, Polska, Warszawa na przestrzeni wiek\u00f3w w geodezji i\u00a0kartografii\u201d u\u015bwietniaj\u0105ca 65 rocznic\u0119 powstania i dzia\u0142alno\u015bci Przedsi\u0119biorstwa.<\/p>","protected":false},"author":2,"featured_media":756,"comment_status":"open","ping_status":"open","sticky":false,"template":"","format":"standard","meta":{"two_page_speed":[],"footnotes":""},"categories":[10],"tags":[],"class_list":["post-761","post","type-post","status-publish","format-standard","has-post-thumbnail","hentry","category-informacje"],"_links":{"self":[{"href":"https:\/\/sgp.geodezja.org.pl\/en\/wp-json\/wp\/v2\/posts\/761","targetHints":{"allow":["GET"]}}],"collection":[{"href":"https:\/\/sgp.geodezja.org.pl\/en\/wp-json\/wp\/v2\/posts"}],"about":[{"href":"https:\/\/sgp.geodezja.org.pl\/en\/wp-json\/wp\/v2\/types\/post"}],"author":[{"embeddable":true,"href":"https:\/\/sgp.geodezja.org.pl\/en\/wp-json\/wp\/v2\/users\/2"}],"replies":[{"embeddable":true,"href":"https:\/\/sgp.geodezja.org.pl\/en\/wp-json\/wp\/v2\/comments?post=761"}],"version-history":[{"count":0,"href":"https:\/\/sgp.geodezja.org.pl\/en\/wp-json\/wp\/v2\/posts\/761\/revisions"}],"wp:featuredmedia":[{"embeddable":true,"href":"https:\/\/sgp.geodezja.org.pl\/en\/wp-json\/wp\/v2\/media\/756"}],"wp:attachment":[{"href":"https:\/\/sgp.geodezja.org.pl\/en\/wp-json\/wp\/v2\/media?parent=761"}],"wp:term":[{"taxonomy":"category","embeddable":true,"href":"https:\/\/sgp.geodezja.org.pl\/en\/wp-json\/wp\/v2\/categories?post=761"},{"taxonomy":"post_tag","embeddable":true,"href":"https:\/\/sgp.geodezja.org.pl\/en\/wp-json\/wp\/v2\/tags?post=761"}],"curies":[{"name":"wp","href":"https:\/\/api.w.org\/{rel}","templated":true}]}}