{"id":766,"date":"2015-05-06T12:02:31","date_gmt":"2015-05-06T10:02:31","guid":{"rendered":"https:\/\/2.budowaniestron.pl\/senat-komisja-ustawodawcza-wycofala-projekt-ustawy-o-zmianie-ustawy-prawo-geodezyjne-i-kartograficznej\/"},"modified":"2015-05-06T12:02:31","modified_gmt":"2015-05-06T10:02:31","slug":"senat-komisja-ustawodawcza-wycofala-projekt-ustawy-o-zmianie-ustawy-prawo-geodezyjne-i-kartograficznej","status":"publish","type":"post","link":"https:\/\/sgp.geodezja.org.pl\/en\/senat-komisja-ustawodawcza-wycofala-projekt-ustawy-o-zmianie-ustawy-prawo-geodezyjne-i-kartograficznej\/","title":{"rendered":"Senat \u2013 Komisja Ustawodawcza wycofa\u0142a projekt ustawy o zmianie ustawy Prawo geodezyjne i kartograficznej."},"content":{"rendered":"<p style=\"text-align: justify;\">Dnia 5 maja 2015 r. odby\u0142o si\u0119 wsp\u00f3lne posiedzenie senackich Komisji Samorz\u0105du Terytorialnego i Komisji Ustawodawczej. W programie posiedzenia znalaz\u0142o si\u0119 pierwsze czytanie projektu ustawy o zmianie ustawy \u2013 Prawo geodezyjne i kartograficzne. Komisja Ustawodawcza wycofa\u0142a sw\u00f3j projekt.<\/p>\n<p>  <!--more-->  <\/p>\n<p style=\"text-align: justify;\">Dnia 5 maja 2015 r. odby\u0142o si\u0119 wsp\u00f3lne posiedzenie senackich Komisji Samorz\u0105du Terytorialnego i Komisji Ustawodawczej. W programie posiedzenia znalaz\u0142o si\u0119 pierwsze czytanie projektu ustawy o zmianie ustawy \u2013 Prawo geodezyjne i kartograficzne. Komisja Ustawodawcza wycofa\u0142a sw\u00f3j projekt.<\/p>\n<p style=\"text-align: justify;\">Obecny na posiedzeniu Minister Stanis\u0142aw Huskowski, sekretarz stanu odpowiedzialny w Ministerstwie Administracji i Cyfryzacji za geodezj\u0119, poinformowa\u0142, \u017ce podobny projekt ustawy zostanie zg\u0142oszony przez grup\u0119 pos\u0142\u00f3w w Sejmie RP.<\/p>\n<p style=\"text-align: justify;\">W posiedzeniu uczestniczyli zaproszeni przedstawiciele organizacji, kt\u00f3re zg\u0142osi\u0142y uwagi do senackiego projektu. Stowarzyszenie Geodet\u00f3w Polskich reprezentowali: Ludmi\u0142a Pietrzak \u2013 Wiceprezes oraz W\u0142odzimierz K\u0119dziora \u2013 Sekretarz Generalny. W posiedzeniu wzi\u0119li udzia\u0142 r\u00f3wnie\u017c przedstawiciele Geodezyjnej Izby Gospodarczej oraz Polskiego Towarzystwa Geodezyjnego.<\/p>\n<p style=\"text-align: justify;\">Po zako\u0144czonych obradach przedstawiciele organizacji geodezyjnych odbyli spotkanie w kuluarach Senatu, na kt\u00f3rym wymienili uwagi i opinie na temat senackiego projektu i innych wa\u017cnych spraw dotycz\u0105cych zawodu geodety i kartografa oraz przepis\u00f3w prawa.<\/p>\n<p><span style=\"color: #008000;\"><a href=\"http:\/\/senat.atmitv.pl\/senat-console\/archival-transmissions\/item?code=8KU377KSTAP2331\">Zobacz relacj\u0119 z obrad Komisji (\u017ar\u00f3d\u0142o Senat RP) &gt;&gt;&gt;<\/a><\/span><\/p>\n<p style=\"text-align: right;\">VK<\/p>\n<p style=\"text-align: justify;\">\u00a0<\/p>\n<p>\u00a0<\/p>\n<p>\u00a0<\/p>\n<p style=\"text-align: justify;\">\u00a0<\/p>\n<p>\u00a0<\/p>","protected":false},"excerpt":{"rendered":"<p>Dnia 5 maja 2015 r. odby\u0142o si\u0119 wsp\u00f3lne posiedzenie senackich Komisji Samorz\u0105du Terytorialnego i Komisji Ustawodawczej. W programie posiedzenia znalaz\u0142o si\u0119 pierwsze czytanie projektu ustawy o zmianie ustawy \u2013 Prawo geodezyjne i kartograficzne. Komisja Ustawodawcza wycofa\u0142a sw\u00f3j projekt.<\/p>","protected":false},"author":2,"featured_media":0,"comment_status":"open","ping_status":"open","sticky":false,"template":"","format":"standard","meta":{"two_page_speed":[],"footnotes":""},"categories":[10],"tags":[],"class_list":["post-766","post","type-post","status-publish","format-standard","hentry","category-informacje"],"_links":{"self":[{"href":"https:\/\/sgp.geodezja.org.pl\/en\/wp-json\/wp\/v2\/posts\/766","targetHints":{"allow":["GET"]}}],"collection":[{"href":"https:\/\/sgp.geodezja.org.pl\/en\/wp-json\/wp\/v2\/posts"}],"about":[{"href":"https:\/\/sgp.geodezja.org.pl\/en\/wp-json\/wp\/v2\/types\/post"}],"author":[{"embeddable":true,"href":"https:\/\/sgp.geodezja.org.pl\/en\/wp-json\/wp\/v2\/users\/2"}],"replies":[{"embeddable":true,"href":"https:\/\/sgp.geodezja.org.pl\/en\/wp-json\/wp\/v2\/comments?post=766"}],"version-history":[{"count":0,"href":"https:\/\/sgp.geodezja.org.pl\/en\/wp-json\/wp\/v2\/posts\/766\/revisions"}],"wp:attachment":[{"href":"https:\/\/sgp.geodezja.org.pl\/en\/wp-json\/wp\/v2\/media?parent=766"}],"wp:term":[{"taxonomy":"category","embeddable":true,"href":"https:\/\/sgp.geodezja.org.pl\/en\/wp-json\/wp\/v2\/categories?post=766"},{"taxonomy":"post_tag","embeddable":true,"href":"https:\/\/sgp.geodezja.org.pl\/en\/wp-json\/wp\/v2\/tags?post=766"}],"curies":[{"name":"wp","href":"https:\/\/api.w.org\/{rel}","templated":true}]}}