{"id":784,"date":"2015-05-12T20:58:08","date_gmt":"2015-05-12T18:58:08","guid":{"rendered":"https:\/\/2.budowaniestron.pl\/iv-konferencja-z-cyklu-terra-pisdrensis-dawniej-i-dzis-woda-w-gospodarce-i-krajobrazie-pyzdry-2015\/"},"modified":"2015-05-12T20:58:08","modified_gmt":"2015-05-12T18:58:08","slug":"iv-konferencja-z-cyklu-terra-pisdrensis-dawniej-i-dzis-woda-w-gospodarce-i-krajobrazie-pyzdry-2015","status":"publish","type":"post","link":"https:\/\/sgp.geodezja.org.pl\/en\/iv-konferencja-z-cyklu-terra-pisdrensis-dawniej-i-dzis-woda-w-gospodarce-i-krajobrazie-pyzdry-2015\/","title":{"rendered":"IV Konferencja z cyklu TERRA PISDRENSIS \u2013 dawniej i dzi\u015b ,,Woda w Gospodarce i Krajobrazie\u201d   Pyzdry 2015"},"content":{"rendered":"<p style=\"text-align: justify;\">Przewodnim tematem czwartej konferencji z cyklu \u201eTerra Pisdrensis \u2013 dawniej i dzi\u015b\u201d by\u0142a woda, jej znaczenie gospodarcze i przyrodnicze.<\/p>\n<p>  <!--more-->  <\/p>\n<p style=\"text-align: justify;\">Przewodnim tematem czwartej konferencji z cyklu \u201eTerra Pisdrensis \u2013 dawniej i dzi\u015b\u201d by\u0142a woda, jej znaczenie gospodarcze i przyrodnicze. Konferencja odbywaj\u0105ca si\u0119 w dniu 9\u00a0maja 2015 roku zgromadzi\u0142a znakomitych fachowc\u00f3w i znawc\u00f3w problemu oraz os\u00f3b zainteresowanych tym co si\u0119 dzia\u0142o, dzieje si\u0119 i dzia\u0107 si\u0119 powinno dzisiaj i w przysz\u0142o\u015bci z\u00a0wod\u0105, jej wielorakim wykorzystywaniem.<\/p>\n<p style=\"text-align: justify;\">Spotkanie otworzy\u0142 i powita\u0142 go\u015bci Dyrektor Muzeum Regionalnego Ziemi Pyzdrskiej Micha\u0142 Czerniak. Uczestnik\u00f3w konferencji witali te\u017c: Przemys\u0142aw D\u0119bski Burmistrz Pyzdr, Ewa Krzy\u017canowska-Walaszczyk Prezes SARP w Poznaniu, Waldemar Sztukiewicz Prezes SGP w Poznaniu.<\/p>\n<p style=\"text-align: justify;\">W wyst\u0105pieniach przedstawiano wp\u0142yw przekszta\u0142ce\u0144 hydrotechnicznych na krajobraz i\u00a0o\u017cywione zasoby Doliny \u015arodkowej Warty (prof. Aleksander Winiecki), pozyskiwanie soli w \u201em\u0142ynach \u0142odnych\u201d, to jest p\u0142ywaj\u0105cych na \u0142odziach (Ewa Krzy\u017canowska-Walaszczyk), dziewi\u0119tnastowieczne m\u0142yny wodne w okolicach Pyzdr i ich obecne \u015blady (prof. Janusz Go\u0142aski i Micha\u0142 Czerniak).<\/p>\n<p style=\"text-align: justify;\">Zagadnieniom dr\u00f3g historycznych i przepraw przez Wart\u0119 w Pyzdrach, tak\u017ce przepraw przez inne rzeki \u015brodkowej Polski po\u015bwi\u0119cono kilka wyst\u0105pie\u0144 (prof. Romuald Sztukiewicz, prof. Hanka Zaniewska, Tadeusz Ko\u015bka). Dope\u0142nieniem rozwa\u017ca\u0144 o wodzie by\u0142 wyw\u00f3d po\u015bwi\u0119cony \u015bwiadomemu kszta\u0142towaniu krajobrazu w dolinach rzek Puszczy Pyzdrskiej.<\/p>\n<p style=\"text-align: justify;\">Zamykaj\u0105c konferencj\u0119 Ewa Krzy\u017canowska-Walaszczyk podzi\u0119kowa\u0142a uczestnikom za liczn\u0105 obecno\u015b\u0107, a referentom za wyg\u0142oszenie interesuj\u0105cych wywod\u00f3w i zaprosi\u0142a wszystkich na spotkanie za rok.<\/p>\n<p style=\"text-align: justify;\">Organizatorzy zapewnili uczestnikom spotkania mo\u017cliwo\u015b\u0107 autokarowej wycieczki do ciekawych obiekt\u00f3w przyrodniczych i architektonicznych w okolicy Pyzdr oraz wyprawy statkiem spacerowym po wodach Warty.<\/p>\n<p style=\"text-align: center;\"><img loading=\"lazy\" decoding=\"async\" class=\"size-full wp-image-776\" src=\"https:\/\/sgp.geodezja.org.pl\/wp-content\/uploads\/2015\/05\/1_Michal_Czerniak.jpg\" alt=\"\" width=\"177\" height=\"200\" srcset=\"https:\/\/sgp.geodezja.org.pl\/wp-content\/uploads\/2015\/05\/1_Michal_Czerniak.jpg 394w, https:\/\/sgp.geodezja.org.pl\/wp-content\/uploads\/2015\/05\/1_Michal_Czerniak-266x300.jpg 266w, https:\/\/sgp.geodezja.org.pl\/wp-content\/uploads\/2015\/05\/1_Michal_Czerniak-53x60.jpg 53w\" sizes=\"auto, (max-width: 177px) 100vw, 177px\" \/>\u00a0<\/p>\n<p style=\"text-align: center;\"><img loading=\"lazy\" decoding=\"async\" class=\"size-full wp-image-777\" src=\"https:\/\/sgp.geodezja.org.pl\/wp-content\/uploads\/2015\/05\/2_PrzemyslawDebski_WaldemarSztukiewicz.jpg\" alt=\"\" width=\"200\" height=\"136\" srcset=\"https:\/\/sgp.geodezja.org.pl\/wp-content\/uploads\/2015\/05\/2_PrzemyslawDebski_WaldemarSztukiewicz.jpg 655w, https:\/\/sgp.geodezja.org.pl\/wp-content\/uploads\/2015\/05\/2_PrzemyslawDebski_WaldemarSztukiewicz-300x203.jpg 300w\" sizes=\"auto, (max-width: 200px) 100vw, 200px\" \/><\/p>\n<p style=\"text-align: center;\"><img loading=\"lazy\" decoding=\"async\" class=\"size-full wp-image-778\" src=\"https:\/\/sgp.geodezja.org.pl\/wp-content\/uploads\/2015\/05\/3_TadeuszKoska.jpg\" alt=\"\" width=\"169\" height=\"200\" srcset=\"https:\/\/sgp.geodezja.org.pl\/wp-content\/uploads\/2015\/05\/3_TadeuszKoska.jpg 521w, https:\/\/sgp.geodezja.org.pl\/wp-content\/uploads\/2015\/05\/3_TadeuszKoska-253x300.jpg 253w\" sizes=\"auto, (max-width: 169px) 100vw, 169px\" \/><\/p>\n<p style=\"text-align: center;\"><img loading=\"lazy\" decoding=\"async\" class=\"size-full wp-image-779\" src=\"https:\/\/sgp.geodezja.org.pl\/wp-content\/uploads\/2015\/05\/ProfAleksanderWiniecki.jpg\" alt=\"\" width=\"146\" height=\"200\" srcset=\"https:\/\/sgp.geodezja.org.pl\/wp-content\/uploads\/2015\/05\/ProfAleksanderWiniecki.jpg 484w, https:\/\/sgp.geodezja.org.pl\/wp-content\/uploads\/2015\/05\/ProfAleksanderWiniecki-219x300.jpg 219w\" sizes=\"auto, (max-width: 146px) 100vw, 146px\" \/><\/p>\n<p style=\"text-align: center;\"><img loading=\"lazy\" decoding=\"async\" class=\"size-full wp-image-780\" src=\"https:\/\/sgp.geodezja.org.pl\/wp-content\/uploads\/2015\/05\/ProfHankaZaniewska.jpg\" alt=\"\" width=\"170\" height=\"200\" srcset=\"https:\/\/sgp.geodezja.org.pl\/wp-content\/uploads\/2015\/05\/ProfHankaZaniewska.jpg 484w, https:\/\/sgp.geodezja.org.pl\/wp-content\/uploads\/2015\/05\/ProfHankaZaniewska-256x300.jpg 256w\" sizes=\"auto, (max-width: 170px) 100vw, 170px\" \/><\/p>\n<p style=\"text-align: center;\"><img loading=\"lazy\" decoding=\"async\" class=\"size-full wp-image-781\" src=\"https:\/\/sgp.geodezja.org.pl\/wp-content\/uploads\/2015\/05\/RadoslawBarek.jpg\" alt=\"\" width=\"171\" height=\"200\" srcset=\"https:\/\/sgp.geodezja.org.pl\/wp-content\/uploads\/2015\/05\/RadoslawBarek.jpg 526w, https:\/\/sgp.geodezja.org.pl\/wp-content\/uploads\/2015\/05\/RadoslawBarek-256x300.jpg 256w\" sizes=\"auto, (max-width: 171px) 100vw, 171px\" \/><\/p>\n<p style=\"text-align: center;\"><img loading=\"lazy\" decoding=\"async\" class=\"size-full wp-image-782\" src=\"https:\/\/sgp.geodezja.org.pl\/wp-content\/uploads\/2015\/05\/WojciechMielewczyk.jpg\" alt=\"\" width=\"198\" height=\"200\" srcset=\"https:\/\/sgp.geodezja.org.pl\/wp-content\/uploads\/2015\/05\/WojciechMielewczyk.jpg 563w, https:\/\/sgp.geodezja.org.pl\/wp-content\/uploads\/2015\/05\/WojciechMielewczyk-100x100.jpg 100w, https:\/\/sgp.geodezja.org.pl\/wp-content\/uploads\/2015\/05\/WojciechMielewczyk-297x300.jpg 297w\" sizes=\"auto, (max-width: 198px) 100vw, 198px\" \/><\/p>\n<p style=\"text-align: center;\">\u00a0<\/p>\n<p>\u00a0<\/p>\n<p><a href=\"https:\/\/sgp.geodezja.org.pl\/wp-content\/uploads\/2015\/05\/PYZDRY-2015-informacja_1.pdf\">Czytaj wi\u0119cej &gt;&gt;&gt;<\/a><\/p>\n<p>\u00a0Informacje i zdj\u0119cia przekaza\u0142 Stanis\u0142aw Marcin Wili\u0144ski.<\/p>\n<p style=\"text-align: right;\">VK<\/p>","protected":false},"excerpt":{"rendered":"<p>Przewodnim tematem czwartej konferencji z cyklu \u201eTerra Pisdrensis \u2013 dawniej i dzi\u015b\u201d by\u0142a woda, jej znaczenie gospodarcze i przyrodnicze.<\/p>","protected":false},"author":2,"featured_media":776,"comment_status":"open","ping_status":"open","sticky":false,"template":"","format":"standard","meta":{"two_page_speed":[],"footnotes":""},"categories":[10],"tags":[],"class_list":["post-784","post","type-post","status-publish","format-standard","has-post-thumbnail","hentry","category-informacje"],"_links":{"self":[{"href":"https:\/\/sgp.geodezja.org.pl\/en\/wp-json\/wp\/v2\/posts\/784","targetHints":{"allow":["GET"]}}],"collection":[{"href":"https:\/\/sgp.geodezja.org.pl\/en\/wp-json\/wp\/v2\/posts"}],"about":[{"href":"https:\/\/sgp.geodezja.org.pl\/en\/wp-json\/wp\/v2\/types\/post"}],"author":[{"embeddable":true,"href":"https:\/\/sgp.geodezja.org.pl\/en\/wp-json\/wp\/v2\/users\/2"}],"replies":[{"embeddable":true,"href":"https:\/\/sgp.geodezja.org.pl\/en\/wp-json\/wp\/v2\/comments?post=784"}],"version-history":[{"count":0,"href":"https:\/\/sgp.geodezja.org.pl\/en\/wp-json\/wp\/v2\/posts\/784\/revisions"}],"wp:featuredmedia":[{"embeddable":true,"href":"https:\/\/sgp.geodezja.org.pl\/en\/wp-json\/wp\/v2\/media\/776"}],"wp:attachment":[{"href":"https:\/\/sgp.geodezja.org.pl\/en\/wp-json\/wp\/v2\/media?parent=784"}],"wp:term":[{"taxonomy":"category","embeddable":true,"href":"https:\/\/sgp.geodezja.org.pl\/en\/wp-json\/wp\/v2\/categories?post=784"},{"taxonomy":"post_tag","embeddable":true,"href":"https:\/\/sgp.geodezja.org.pl\/en\/wp-json\/wp\/v2\/tags?post=784"}],"curies":[{"name":"wp","href":"https:\/\/api.w.org\/{rel}","templated":true}]}}