{"id":805,"date":"2015-05-18T14:44:00","date_gmt":"2015-05-18T12:44:00","guid":{"rendered":"https:\/\/2.budowaniestron.pl\/xxi-miedzynarodowe-czesko-slowacko-polskie-dni-geodezji\/"},"modified":"2015-05-18T14:44:00","modified_gmt":"2015-05-18T12:44:00","slug":"xxi-miedzynarodowe-czesko-slowacko-polskie-dni-geodezji","status":"publish","type":"post","link":"https:\/\/sgp.geodezja.org.pl\/en\/xxi-miedzynarodowe-czesko-slowacko-polskie-dni-geodezji\/","title":{"rendered":"XXI Mi\u0119dzynarodowe Czesko-S\u0142owacko-Polskie Dni Geodezji"},"content":{"rendered":"<p style=\"text-align: justify;\"><strong>D<\/strong>wudzieste pierwsze Mi\u0119dzynarodowe Dni Geodezji Czesko-S\u0142owacko-Polskie, w dniach 14-16 maja 2015 roku, odbywa\u0142y si\u0119 w malowniczej dolinie g\u00f3rnego odcinka rzeki Morawy, u st\u00f3p masywu \u015anie\u017cnika, w miejscowo\u015bci Doln\u00ed Morava. W imieniu czeskich gospodarzy przyby\u0142ych wita\u0142a, z wielk\u0105 serdeczno\u015bci\u0105, <em>Jitka Rube\u0161ova. <\/em>Uczestnik\u00f3w spotkania powitali te\u017c prezesi stowarzysze\u0144 geodet\u00f3w i kartograf\u00f3w s\u0142owackich <em>Du\u0161an Ferianc <\/em>i polskich <em>Stanis\u0142aw Cegielski.<\/em><\/p>\n<p>  <!--more-->  <\/p>\n<p style=\"text-align: justify;\"><strong>D<\/strong>wudzieste pierwsze Mi\u0119dzynarodowe Dni Geodezji Czesko-S\u0142owacko-Polskie, w dniach 14-16 maja 2015 roku, odbywa\u0142y si\u0119 w malowniczej dolinie g\u00f3rnego odcinka rzeki Morawy, u st\u00f3p masywu \u015anie\u017cnika, w miejscowo\u015bci Doln\u00ed Morava. W imieniu czeskich gospodarzy przyby\u0142ych wita\u0142a, z wielk\u0105 serdeczno\u015bci\u0105, <em>Jitka Rube\u0161ova. <\/em>Uczestnik\u00f3w spotkania powitali te\u017c prezesi stowarzysze\u0144 geodet\u00f3w i kartograf\u00f3w s\u0142owackich <em>Du\u0161an Ferianc <\/em>i polskich <em>Stanis\u0142aw Cegielski.<\/em><\/p>\n<p><em><img loading=\"lazy\" decoding=\"async\" class=\"size-full wp-image-796\" style=\"display: block; margin-left: auto; margin-right: auto;\" src=\"https:\/\/sgp.geodezja.org.pl\/wp-content\/uploads\/2015\/05\/XXI_Dni_PCS_1.jpg\" alt=\"\" width=\"177\" height=\"200\" srcset=\"https:\/\/sgp.geodezja.org.pl\/wp-content\/uploads\/2015\/05\/XXI_Dni_PCS_1.jpg 1330w, https:\/\/sgp.geodezja.org.pl\/wp-content\/uploads\/2015\/05\/XXI_Dni_PCS_1-800x902.jpg 800w, https:\/\/sgp.geodezja.org.pl\/wp-content\/uploads\/2015\/05\/XXI_Dni_PCS_1-266x300.jpg 266w, https:\/\/sgp.geodezja.org.pl\/wp-content\/uploads\/2015\/05\/XXI_Dni_PCS_1-908x1024.jpg 908w, https:\/\/sgp.geodezja.org.pl\/wp-content\/uploads\/2015\/05\/XXI_Dni_PCS_1-768x866.jpg 768w, https:\/\/sgp.geodezja.org.pl\/wp-content\/uploads\/2015\/05\/XXI_Dni_PCS_1-53x60.jpg 53w\" sizes=\"auto, (max-width: 177px) 100vw, 177px\" \/><\/em><\/p>\n<p style=\"text-align: center;\"><strong>Andrzej Pachuta Wiceprezes SGP<\/strong><\/p>\n<p style=\"text-align: center;\"><em><strong><em><img loading=\"lazy\" decoding=\"async\" class=\"size-full wp-image-797\" src=\"https:\/\/sgp.geodezja.org.pl\/wp-content\/uploads\/2015\/05\/XXI_Dni_PCS_2.jpg\" alt=\"\" width=\"200\" height=\"167\" srcset=\"https:\/\/sgp.geodezja.org.pl\/wp-content\/uploads\/2015\/05\/XXI_Dni_PCS_2.jpg 1500w, https:\/\/sgp.geodezja.org.pl\/wp-content\/uploads\/2015\/05\/XXI_Dni_PCS_2-800x667.jpg 800w, https:\/\/sgp.geodezja.org.pl\/wp-content\/uploads\/2015\/05\/XXI_Dni_PCS_2-300x250.jpg 300w, https:\/\/sgp.geodezja.org.pl\/wp-content\/uploads\/2015\/05\/XXI_Dni_PCS_2-1024x853.jpg 1024w, https:\/\/sgp.geodezja.org.pl\/wp-content\/uploads\/2015\/05\/XXI_Dni_PCS_2-768x640.jpg 768w\" sizes=\"auto, (max-width: 200px) 100vw, 200px\" \/><\/em><\/strong><\/em><\/p>\n<p style=\"text-align: center;\"><strong><strong>M\u00e1ria Frindrichov\u00e1, Karel Ve\u010de\u0159e<\/strong><\/strong><\/p>\n<p style=\"text-align: justify;\"><strong>G<\/strong>o\u015b\u0107mi spotkania byli szefowie s\u0142u\u017cby geodezyjnej i kartograficznej Czech, S\u0142owacji i Polski <em>Jacek Jarz\u0105bek<\/em>, a tak\u017ce przedstawiciele miejscowej administracji: hetman Pardubickiego kraju <em>Martin Netolick\u00fd <\/em>starosta powiatu Kr\u00e1liky <em>Jana Ponocn\u00e1.<\/em> Czescy gospodarze byli radzi z mo\u017cliwo\u015bci pokazania pi\u0119kna doliny Morawy i zach\u0119cali do jej zwiedzania.<\/p>\n<p style=\"text-align: center;\"><img loading=\"lazy\" decoding=\"async\" class=\"size-full wp-image-798\" src=\"https:\/\/sgp.geodezja.org.pl\/wp-content\/uploads\/2015\/05\/XXI_Dni_PCS_3.jpg\" alt=\"\" width=\"151\" height=\"200\" srcset=\"https:\/\/sgp.geodezja.org.pl\/wp-content\/uploads\/2015\/05\/XXI_Dni_PCS_3.jpg 1128w, https:\/\/sgp.geodezja.org.pl\/wp-content\/uploads\/2015\/05\/XXI_Dni_PCS_3-800x1064.jpg 800w, https:\/\/sgp.geodezja.org.pl\/wp-content\/uploads\/2015\/05\/XXI_Dni_PCS_3-226x300.jpg 226w, https:\/\/sgp.geodezja.org.pl\/wp-content\/uploads\/2015\/05\/XXI_Dni_PCS_3-770x1024.jpg 770w, https:\/\/sgp.geodezja.org.pl\/wp-content\/uploads\/2015\/05\/XXI_Dni_PCS_3-768x1021.jpg 768w\" sizes=\"auto, (max-width: 151px) 100vw, 151px\" \/><\/p>\n<p style=\"text-align: center;\"><strong>Jitka Rube\u0161ova<\/strong><\/p>\n<p style=\"text-align: center;\"><strong><img loading=\"lazy\" decoding=\"async\" class=\"size-full wp-image-799\" src=\"https:\/\/sgp.geodezja.org.pl\/wp-content\/uploads\/2015\/05\/XXI_Dni_PCS_4.jpg\" alt=\"\" width=\"200\" height=\"194\" srcset=\"https:\/\/sgp.geodezja.org.pl\/wp-content\/uploads\/2015\/05\/XXI_Dni_PCS_4.jpg 1500w, https:\/\/sgp.geodezja.org.pl\/wp-content\/uploads\/2015\/05\/XXI_Dni_PCS_4-800x774.jpg 800w, https:\/\/sgp.geodezja.org.pl\/wp-content\/uploads\/2015\/05\/XXI_Dni_PCS_4-300x290.jpg 300w, https:\/\/sgp.geodezja.org.pl\/wp-content\/uploads\/2015\/05\/XXI_Dni_PCS_4-1024x991.jpg 1024w, https:\/\/sgp.geodezja.org.pl\/wp-content\/uploads\/2015\/05\/XXI_Dni_PCS_4-768x743.jpg 768w\" sizes=\"auto, (max-width: 200px) 100vw, 200px\" \/><\/strong><\/p>\n<p style=\"text-align: center;\"><strong>Martin Netolick\u00fd<\/strong><\/p>\n<p><b>T<\/b>rzydniowe obrady by\u0142y wype\u0142nione referatami o zr\u00f3\u017cnicowanej tematyce. Podzielono je na pi\u0119\u0107 grup: informacje na temat aktualnych dzia\u0142a\u0144 i zamierze\u0144 w\u0142adz geodezyjnych i kartograficznych Czech, S\u0142owacji i Polski; elektroniczny kataster nieruchomo\u015bci, w tym aplikacje upowszechniaj\u0105ce i u\u0142atwiaj\u0105ce korzystanie ze zgromadzonych w nim danych i informacji; wykorzystanie skaningu laserowego w praktyce wykonawczej; 2015 rokiem wydarze\u0144 jubileuszowych; prezentacja prac i bada\u0144 naukowych student\u00f3w.<\/p>\n<p style=\"text-align: center;\"><img loading=\"lazy\" decoding=\"async\" class=\"size-full wp-image-800\" src=\"https:\/\/sgp.geodezja.org.pl\/wp-content\/uploads\/2015\/05\/XXI_Dni_PCS_5.jpg\" alt=\"\" width=\"199\" height=\"200\" srcset=\"https:\/\/sgp.geodezja.org.pl\/wp-content\/uploads\/2015\/05\/XXI_Dni_PCS_5.jpg 1489w, https:\/\/sgp.geodezja.org.pl\/wp-content\/uploads\/2015\/05\/XXI_Dni_PCS_5-325x325.jpg 325w, https:\/\/sgp.geodezja.org.pl\/wp-content\/uploads\/2015\/05\/XXI_Dni_PCS_5-100x100.jpg 100w, https:\/\/sgp.geodezja.org.pl\/wp-content\/uploads\/2015\/05\/XXI_Dni_PCS_5-800x806.jpg 800w, https:\/\/sgp.geodezja.org.pl\/wp-content\/uploads\/2015\/05\/XXI_Dni_PCS_5-298x300.jpg 298w, https:\/\/sgp.geodezja.org.pl\/wp-content\/uploads\/2015\/05\/XXI_Dni_PCS_5-1016x1024.jpg 1016w, https:\/\/sgp.geodezja.org.pl\/wp-content\/uploads\/2015\/05\/XXI_Dni_PCS_5-150x150.jpg 150w, https:\/\/sgp.geodezja.org.pl\/wp-content\/uploads\/2015\/05\/XXI_Dni_PCS_5-768x774.jpg 768w\" sizes=\"auto, (max-width: 199px) 100vw, 199px\" \/><\/p>\n<p style=\"text-align: center;\"><strong>Jana Ponocn\u00e1<\/strong><\/p>\n<p style=\"text-align: center;\"><img loading=\"lazy\" decoding=\"async\" class=\"size-full wp-image-801\" src=\"https:\/\/sgp.geodezja.org.pl\/wp-content\/uploads\/2015\/05\/XXI_Dni_PCS_6.jpg\" alt=\"\" width=\"177\" height=\"200\" srcset=\"https:\/\/sgp.geodezja.org.pl\/wp-content\/uploads\/2015\/05\/XXI_Dni_PCS_6.jpg 1296w, https:\/\/sgp.geodezja.org.pl\/wp-content\/uploads\/2015\/05\/XXI_Dni_PCS_6-800x906.jpg 800w, https:\/\/sgp.geodezja.org.pl\/wp-content\/uploads\/2015\/05\/XXI_Dni_PCS_6-265x300.jpg 265w, https:\/\/sgp.geodezja.org.pl\/wp-content\/uploads\/2015\/05\/XXI_Dni_PCS_6-905x1024.jpg 905w, https:\/\/sgp.geodezja.org.pl\/wp-content\/uploads\/2015\/05\/XXI_Dni_PCS_6-768x869.jpg 768w\" sizes=\"auto, (max-width: 177px) 100vw, 177px\" \/><\/p>\n<p style=\"text-align: center;\"><strong>Stanis\u0142aw Cegielski<\/strong><\/p>\n<p style=\"text-align: justify;\"><b>D<\/b>o dobrej tradycji spotka\u0144 geodet\u00f3w i kartograf\u00f3w trzech s\u0105siedzkich kraj\u00f3w nale\u017cy tak\u017ce troska organizator\u00f3w o dobry klimat i nastr\u00f3j nie tylko w czasie obowi\u0105zkowych zaj\u0119\u0107 konferencyjnych.<\/p>\n<p style=\"text-align: center;\"><img loading=\"lazy\" decoding=\"async\" class=\"size-full wp-image-802\" src=\"https:\/\/sgp.geodezja.org.pl\/wp-content\/uploads\/2015\/05\/XXI_Dni_PCS_7.jpg\" alt=\"\" width=\"155\" height=\"200\" srcset=\"https:\/\/sgp.geodezja.org.pl\/wp-content\/uploads\/2015\/05\/XXI_Dni_PCS_7.jpg 1167w, https:\/\/sgp.geodezja.org.pl\/wp-content\/uploads\/2015\/05\/XXI_Dni_PCS_7-800x1028.jpg 800w, https:\/\/sgp.geodezja.org.pl\/wp-content\/uploads\/2015\/05\/XXI_Dni_PCS_7-233x300.jpg 233w, https:\/\/sgp.geodezja.org.pl\/wp-content\/uploads\/2015\/05\/XXI_Dni_PCS_7-797x1024.jpg 797w, https:\/\/sgp.geodezja.org.pl\/wp-content\/uploads\/2015\/05\/XXI_Dni_PCS_7-768x987.jpg 768w\" sizes=\"auto, (max-width: 155px) 100vw, 155px\" \/><\/p>\n<p style=\"text-align: center;\"><strong>Karel Ve\u010de\u0159e<\/strong><\/p>\n<p style=\"text-align: center;\"><img loading=\"lazy\" decoding=\"async\" class=\"size-full wp-image-803\" src=\"https:\/\/sgp.geodezja.org.pl\/wp-content\/uploads\/2015\/05\/XXI_Dni_PCS_8.jpg\" alt=\"\" width=\"200\" height=\"188\" srcset=\"https:\/\/sgp.geodezja.org.pl\/wp-content\/uploads\/2015\/05\/XXI_Dni_PCS_8.jpg 1500w, https:\/\/sgp.geodezja.org.pl\/wp-content\/uploads\/2015\/05\/XXI_Dni_PCS_8-800x753.jpg 800w, https:\/\/sgp.geodezja.org.pl\/wp-content\/uploads\/2015\/05\/XXI_Dni_PCS_8-300x282.jpg 300w, https:\/\/sgp.geodezja.org.pl\/wp-content\/uploads\/2015\/05\/XXI_Dni_PCS_8-1024x963.jpg 1024w, https:\/\/sgp.geodezja.org.pl\/wp-content\/uploads\/2015\/05\/XXI_Dni_PCS_8-768x722.jpg 768w\" sizes=\"auto, (max-width: 200px) 100vw, 200px\" \/><\/p>\n<p style=\"text-align: center;\"><strong>Jacek Jarz\u0105bek<\/strong><\/p>\n<p><strong>U<\/strong>czestnicy XXI Dni Geodezji mogli pozna\u0107 uroki doliny g\u00f3rnego odcinka rzeki Morawy i otaczaj\u0105cych j\u0105 g\u00f3r, w czasie spacer\u00f3w i podczas wycieczki do klasztornego zespo\u0142u z barokowym ko\u015bcio\u0142em Wniebowzi\u0119cia Naj\u015bwi\u0119tszej Maryi Panny oraz twierdzy artyleryjskiej H\u016frka z lat 1935-38.\u00a0Wieczory pozwala\u0142y na skosztowanie czeskich smako\u0142yk\u00f3w, s\u0142uchanie zespo\u0142\u00f3w instrumentalno-wokalnych, wsp\u00f3lne \u015bpiewanie i ta\u0144ce &#8230;<\/p>\n<p><span style=\"color: #008000;\"><a href=\"https:\/\/sgp.geodezja.org.pl\/wp-content\/uploads\/2015\/05\/XXI_Dni_PCS_2015_informacja.pdf\">Relacja z XXI Midzynarodowych\u00a0Czesko-S\u0142owacko-Polskie Dni Geodezji pdf &gt;&gt;&gt;<\/a><br \/><\/span><\/p>\n<p>\u00a0<\/p>\n<p>Tekst i\u00a0zdj\u0119cia Stanis\u0142aw Marcin Wili\u0144ski<\/p>\n<p style=\"text-align: right;\">VK<\/p>\n<p style=\"text-align: center;\">\u00a0<\/p>","protected":false},"excerpt":{"rendered":"<p>Dwudzieste pierwsze Mi\u0119dzynarodowe Dni Geodezji Czesko-S\u0142owacko-Polskie, w dniach 14-16 maja 2015 roku, odbywa\u0142y si\u0119 w malowniczej dolinie g\u00f3rnego odcinka rzeki Morawy, u st\u00f3p masywu \u015anie\u017cnika, w miejscowo\u015bci Doln\u00ed Morava. W imieniu czeskich gospodarzy przyby\u0142ych wita\u0142a, z wielk\u0105 serdeczno\u015bci\u0105, Jitka Rube\u0161ova. Uczestnik\u00f3w spotkania powitali te\u017c prezesi stowarzysze\u0144 geodet\u00f3w i kartograf\u00f3w s\u0142owackich Du\u0161an Ferianc i polskich Stanis\u0142aw [&hellip;]<\/p>\n","protected":false},"author":2,"featured_media":796,"comment_status":"open","ping_status":"open","sticky":false,"template":"","format":"standard","meta":{"two_page_speed":[],"footnotes":""},"categories":[10],"tags":[],"class_list":["post-805","post","type-post","status-publish","format-standard","has-post-thumbnail","hentry","category-informacje"],"_links":{"self":[{"href":"https:\/\/sgp.geodezja.org.pl\/en\/wp-json\/wp\/v2\/posts\/805","targetHints":{"allow":["GET"]}}],"collection":[{"href":"https:\/\/sgp.geodezja.org.pl\/en\/wp-json\/wp\/v2\/posts"}],"about":[{"href":"https:\/\/sgp.geodezja.org.pl\/en\/wp-json\/wp\/v2\/types\/post"}],"author":[{"embeddable":true,"href":"https:\/\/sgp.geodezja.org.pl\/en\/wp-json\/wp\/v2\/users\/2"}],"replies":[{"embeddable":true,"href":"https:\/\/sgp.geodezja.org.pl\/en\/wp-json\/wp\/v2\/comments?post=805"}],"version-history":[{"count":0,"href":"https:\/\/sgp.geodezja.org.pl\/en\/wp-json\/wp\/v2\/posts\/805\/revisions"}],"wp:featuredmedia":[{"embeddable":true,"href":"https:\/\/sgp.geodezja.org.pl\/en\/wp-json\/wp\/v2\/media\/796"}],"wp:attachment":[{"href":"https:\/\/sgp.geodezja.org.pl\/en\/wp-json\/wp\/v2\/media?parent=805"}],"wp:term":[{"taxonomy":"category","embeddable":true,"href":"https:\/\/sgp.geodezja.org.pl\/en\/wp-json\/wp\/v2\/categories?post=805"},{"taxonomy":"post_tag","embeddable":true,"href":"https:\/\/sgp.geodezja.org.pl\/en\/wp-json\/wp\/v2\/tags?post=805"}],"curies":[{"name":"wp","href":"https:\/\/api.w.org\/{rel}","templated":true}]}}