{"id":822,"date":"2015-06-17T16:36:25","date_gmt":"2015-06-17T14:36:25","guid":{"rendered":"https:\/\/2.budowaniestron.pl\/viii-ogolnopolskie-sympozjum-geoinformacyjne-komunikat-nr-3\/"},"modified":"2015-06-17T16:36:25","modified_gmt":"2015-06-17T14:36:25","slug":"viii-ogolnopolskie-sympozjum-geoinformacyjne-komunikat-nr-3","status":"publish","type":"post","link":"https:\/\/sgp.geodezja.org.pl\/en\/viii-ogolnopolskie-sympozjum-geoinformacyjne-komunikat-nr-3\/","title":{"rendered":"VIII Og\u00f3lnopolskie Sympozjum Geoinformacyjne &#8211; komunikat nr 3"},"content":{"rendered":"<p><span style=\"color: #3f3f3f; font-size: 13px; font-family: OpenSansRegular, 'Trebuchet MS', Arial, Helvetica, sans-serif;\">VIII Og\u00f3lnopolskie Sympozjum Geoinformacyjne n. t.: \u201eWsp\u00f3\u0142czesne technologie geoinformacyjne w modelowaniu przestrzeni\u201d odb\u0119dzie si\u0119 w dniach 17 &#8211; 18 wrze\u015bnia 2015 r. w Warszawie i w Serocku.<\/span><\/p>\n<p>\u00a0<\/p>\n<p>  <!--more-->  <\/p>\n<p><span style=\"color: #3f3f3f; font-size: 13px; font-family: OpenSansRegular, 'Trebuchet MS', Arial, Helvetica, sans-serif;\"><img loading=\"lazy\" decoding=\"async\" class=\"size-full wp-image-685\" src=\"https:\/\/sgp.geodezja.org.pl\/wp-content\/uploads\/2015\/03\/150917a.JPG\" alt=\"\" width=\"679\" height=\"603\" srcset=\"https:\/\/sgp.geodezja.org.pl\/wp-content\/uploads\/2015\/03\/150917a.JPG 679w, https:\/\/sgp.geodezja.org.pl\/wp-content\/uploads\/2015\/03\/150917a-300x266.jpg 300w, https:\/\/sgp.geodezja.org.pl\/wp-content\/uploads\/2015\/03\/150917a-68x60.jpg 68w\" sizes=\"auto, (max-width: 679px) 100vw, 679px\" \/><\/span><\/p>\n<p style=\"text-align: justify;\"><span style=\"color: #3f3f3f; font-size: 13px; font-family: OpenSansRegular, 'Trebuchet MS', Arial, Helvetica, sans-serif;\">VIII Og\u00f3lnopolskie Sympozjum Geoinformacyjne n. t.: \u201eWsp\u00f3\u0142czesne technologie geoinformacyjne w modelowaniu przestrzeni\u201d odb\u0119dzie si\u0119 w dniach 17 &#8211; 18 wrze\u015bnia 2015 r. w Warszawie i w Serocku.<\/span><\/p>\n<p style=\"text-align: justify;\"><span style=\"color: #3f3f3f; font-size: 13px; font-family: OpenSansRegular, 'Trebuchet MS', Arial, Helvetica, sans-serif;\">Bior\u0105c pod uwag\u0119 du\u017ce zainteresowanie VIII Og\u00f3lnopolskim Sympozjum Geoinformacyjnym mi\u0142o nam poinformowa\u0107, \u017ce organizatorzy zdecydowali si\u0119 przed\u0142u\u017cy\u0107 termin sk\u0142adania propozycji referat\u00f3w w postaci prezentacji i poster\u00f3w do 25 czerwca 2015 r. Jednocze\u015bnie przypominamy, \u017ce zg\u0142oszenia i op\u0142aty w obni\u017conej cenie dokonywa\u0107 mo\u017cna do 30 czerwca 2015. Szczeg\u00f3\u0142y mo\u017cna znale\u017a\u0107 w komunikacie 3.<\/span><\/p>\n<p style=\"text-align: justify;\"><span style=\"color: #3f3f3f; font-size: 13px; font-family: OpenSansRegular, 'Trebuchet MS', Arial, Helvetica, sans-serif;\">Sympozjum obejmie szerok\u0105 tematyk\u0119 dotycz\u0105c\u0105 m.in. sp\u00f3jnego modelowanie informacji sytuacyjnej i wysoko\u015bciowej, standard\u00f3w geoinformacyjnych w zakresie modelowania informacji geograficznej, integracji opracowa\u0144 fotogrametrycznych, teledetekcyjnych i kartograficznych, metod i algorytm\u00f3w automatycznego modelowania 3D, a tak\u017ce analiz i wizualizacji danych 3D. Og\u00f3lnopolskie Sympozjum Geoinformacyjne organizowane jest co 2 lata przez jedno ze stowarzysze\u0144 zwi\u0105zanych z geodezja i kartografi\u0105 i wybran\u0105 jednostk\u0119 naukow\u0105. Za ka\u017cdym razem konferencja ta gromadzi wielu uczestnik\u00f3w \u015brodowisk akademickich, administracji oraz przedsi\u0119biorc\u00f3w. W tym roku Sympozjum organizowane jest przez Polskie Towarzystwo Fotogrametrii i Teledetekcji oraz Wydzia\u0142 Geodezji i Kartografii Politechniki Warszawskiej wraz z Komitetem Geodezji PAN, Komisja Fotogrametrii, Teledetekcji, Kartografii i SIP oraz Zarz\u0105dem G\u0142\u00f3wnym Stowarzyszenia Geodet\u00f3w Polskich we wsp\u00f3\u0142pracy z Komisj\u0105 Geoinformatyki Polskiej Akademii Umiej\u0119tno\u015bci, Stowarzyszeniem Kartograf\u00f3w Polskich, Oddzia\u0142em Teledetekcji i Geoinformatyki Polskiego Towarzystwa Geograficznego oraz Oddzia\u0142em Kartograficznym Polskiego Towarzystwa Geograficznego.<\/span><\/p>\n<p><a href=\"https:\/\/sgp.geodezja.org.pl\/wp-content\/uploads\/2015\/06\/150917b.pdf\">Komunikat nr 3\u00a0&gt;&gt;&gt;<\/a><\/p>\n<p>R\u0141<\/p>","protected":false},"excerpt":{"rendered":"<p>VIII Og\u00f3lnopolskie Sympozjum Geoinformacyjne n. t.: \u201eWsp\u00f3\u0142czesne technologie geoinformacyjne w modelowaniu przestrzeni\u201d odb\u0119dzie si\u0119 w dniach 17 &#8211; 18 wrze\u015bnia 2015 r. w Warszawie i w Serocku. \u00a0<\/p>","protected":false},"author":2,"featured_media":685,"comment_status":"open","ping_status":"open","sticky":false,"template":"","format":"standard","meta":{"two_page_speed":[],"footnotes":""},"categories":[10],"tags":[],"class_list":["post-822","post","type-post","status-publish","format-standard","has-post-thumbnail","hentry","category-informacje"],"_links":{"self":[{"href":"https:\/\/sgp.geodezja.org.pl\/en\/wp-json\/wp\/v2\/posts\/822","targetHints":{"allow":["GET"]}}],"collection":[{"href":"https:\/\/sgp.geodezja.org.pl\/en\/wp-json\/wp\/v2\/posts"}],"about":[{"href":"https:\/\/sgp.geodezja.org.pl\/en\/wp-json\/wp\/v2\/types\/post"}],"author":[{"embeddable":true,"href":"https:\/\/sgp.geodezja.org.pl\/en\/wp-json\/wp\/v2\/users\/2"}],"replies":[{"embeddable":true,"href":"https:\/\/sgp.geodezja.org.pl\/en\/wp-json\/wp\/v2\/comments?post=822"}],"version-history":[{"count":0,"href":"https:\/\/sgp.geodezja.org.pl\/en\/wp-json\/wp\/v2\/posts\/822\/revisions"}],"wp:featuredmedia":[{"embeddable":true,"href":"https:\/\/sgp.geodezja.org.pl\/en\/wp-json\/wp\/v2\/media\/685"}],"wp:attachment":[{"href":"https:\/\/sgp.geodezja.org.pl\/en\/wp-json\/wp\/v2\/media?parent=822"}],"wp:term":[{"taxonomy":"category","embeddable":true,"href":"https:\/\/sgp.geodezja.org.pl\/en\/wp-json\/wp\/v2\/categories?post=822"},{"taxonomy":"post_tag","embeddable":true,"href":"https:\/\/sgp.geodezja.org.pl\/en\/wp-json\/wp\/v2\/tags?post=822"}],"curies":[{"name":"wp","href":"https:\/\/api.w.org\/{rel}","templated":true}]}}