{"id":829,"date":"2015-06-26T14:47:29","date_gmt":"2015-06-26T12:47:29","guid":{"rendered":"https:\/\/2.budowaniestron.pl\/modernizacja-egib-w-kujawsko-pomorskiem-zakonczona\/"},"modified":"2015-06-26T14:47:29","modified_gmt":"2015-06-26T12:47:29","slug":"modernizacja-egib-w-kujawsko-pomorskiem-zakonczona","status":"publish","type":"post","link":"https:\/\/sgp.geodezja.org.pl\/en\/modernizacja-egib-w-kujawsko-pomorskiem-zakonczona\/","title":{"rendered":"Modernizacja egib w Kujawsko-Pomorskiem zako\u0144czona"},"content":{"rendered":"<p style=\"text-align: justify;\"><strong>D<\/strong>ziesi\u0105te zgromadzenie Zwi\u0105zku Powiat\u00f3w Wojew\u00f3dztwa Kujawsko-Pomorskiego, odbywaj\u0105ce si\u0119 w dniu 25 czerwca 2015 roku w <em>\u201eGrodzie Piasta\u201d <\/em>w Chomi\u0105\u017cy Szlacheckiej, dokona\u0142o oceny pracy Zwi\u0105zku w 2014 roku i podj\u0119\u0142o uchwa\u0142y usprawniaj\u0105ce dalsz\u0105 jego prac\u0119. By\u0142o tak\u017ce okazj\u0105 do oceny wykonania pierwszego zadania, jakiego podj\u0105\u0142 si\u0119 Zwi\u0105zek, kt\u00f3rym by\u0142a modernizacja ewidencji grunt\u00f3w i budynk\u00f3w na obszarze wojew\u00f3dztwa. Go\u015b\u0107mi honorowymi spotkania byli: <em>Ewa Mes <\/em>Wojewoda Kujawsko-Pomorski i <em>Kazimierz Bujakowski <\/em>G\u0142\u00f3wny Geodeta Kraju.<\/p>\n<p>  <!--more-->  <\/p>\n<p style=\"text-align: justify;\"><strong>D<\/strong>ziesi\u0105te zgromadzenie Zwi\u0105zku Powiat\u00f3w Wojew\u00f3dztwa Kujawsko-Pomorskiego, odbywaj\u0105ce si\u0119 w dniu 25 czerwca 2015 roku w <em>\u201eGrodzie Piasta\u201d <\/em>w Chomi\u0105\u017cy Szlacheckiej, dokona\u0142o oceny pracy Zwi\u0105zku w 2014 roku i podj\u0119\u0142o uchwa\u0142y usprawniaj\u0105ce dalsz\u0105 jego prac\u0119. By\u0142o tak\u017ce okazj\u0105 do oceny wykonania pierwszego zadania, jakiego podj\u0105\u0142 si\u0119 Zwi\u0105zek, kt\u00f3rym by\u0142a modernizacja ewidencji grunt\u00f3w i budynk\u00f3w na obszarze wojew\u00f3dztwa. Go\u015b\u0107mi honorowymi spotkania byli: <em>Ewa Mes <\/em>Wojewoda Kujawsko-Pomorski i <em>Kazimierz Bujakowski <\/em>G\u0142\u00f3wny Geodeta Kraju.<\/p>\n<p><img loading=\"lazy\" decoding=\"async\" class=\"size-full wp-image-823\" style=\"margin-right: auto; margin-left: auto; display: block;\" src=\"https:\/\/sgp.geodezja.org.pl\/wp-content\/uploads\/2015\/06\/ZPP_Bydgoszcz_1-scaled.jpg\" alt=\"\" width=\"200\" height=\"123\" srcset=\"https:\/\/sgp.geodezja.org.pl\/wp-content\/uploads\/2015\/06\/ZPP_Bydgoszcz_1-scaled.jpg 2560w, https:\/\/sgp.geodezja.org.pl\/wp-content\/uploads\/2015\/06\/ZPP_Bydgoszcz_1-scaled-800x492.jpg 800w, https:\/\/sgp.geodezja.org.pl\/wp-content\/uploads\/2015\/06\/ZPP_Bydgoszcz_1-300x184.jpg 300w, https:\/\/sgp.geodezja.org.pl\/wp-content\/uploads\/2015\/06\/ZPP_Bydgoszcz_1-1024x629.jpg 1024w, https:\/\/sgp.geodezja.org.pl\/wp-content\/uploads\/2015\/06\/ZPP_Bydgoszcz_1-768x472.jpg 768w, https:\/\/sgp.geodezja.org.pl\/wp-content\/uploads\/2015\/06\/ZPP_Bydgoszcz_1-1536x944.jpg 1536w, https:\/\/sgp.geodezja.org.pl\/wp-content\/uploads\/2015\/06\/ZPP_Bydgoszcz_1-2048x1259.jpg 2048w, https:\/\/sgp.geodezja.org.pl\/wp-content\/uploads\/2015\/06\/ZPP_Bydgoszcz_1-1920x1180.jpg 1920w, https:\/\/sgp.geodezja.org.pl\/wp-content\/uploads\/2015\/06\/ZPP_Bydgoszcz_1-98x60.jpg 98w\" sizes=\"auto, (max-width: 200px) 100vw, 200px\" \/><\/p>\n<p style=\"text-align: center;\"><strong>Robert Cieszy\u0144ski Wojew\u00f3dzki Inspektor Nadzoru GiK, Ewa Mes, Kazimierz Bujakowski<\/strong><\/p>\n<p style=\"text-align: center;\"><strong><img loading=\"lazy\" decoding=\"async\" class=\"size-full wp-image-824\" src=\"https:\/\/sgp.geodezja.org.pl\/wp-content\/uploads\/2015\/06\/ZPP_Bydgoszcz_2-scaled.jpg\" alt=\"\" width=\"179\" height=\"200\" srcset=\"https:\/\/sgp.geodezja.org.pl\/wp-content\/uploads\/2015\/06\/ZPP_Bydgoszcz_2-scaled.jpg 2287w, https:\/\/sgp.geodezja.org.pl\/wp-content\/uploads\/2015\/06\/ZPP_Bydgoszcz_2-scaled-800x895.jpg 800w, https:\/\/sgp.geodezja.org.pl\/wp-content\/uploads\/2015\/06\/ZPP_Bydgoszcz_2-268x300.jpg 268w, https:\/\/sgp.geodezja.org.pl\/wp-content\/uploads\/2015\/06\/ZPP_Bydgoszcz_2-915x1024.jpg 915w, https:\/\/sgp.geodezja.org.pl\/wp-content\/uploads\/2015\/06\/ZPP_Bydgoszcz_2-768x860.jpg 768w, https:\/\/sgp.geodezja.org.pl\/wp-content\/uploads\/2015\/06\/ZPP_Bydgoszcz_2-1372x1536.jpg 1372w, https:\/\/sgp.geodezja.org.pl\/wp-content\/uploads\/2015\/06\/ZPP_Bydgoszcz_2-1830x2048.jpg 1830w, https:\/\/sgp.geodezja.org.pl\/wp-content\/uploads\/2015\/06\/ZPP_Bydgoszcz_2-1920x2149.jpg 1920w\" sizes=\"auto, (max-width: 179px) 100vw, 179px\" \/><\/strong><\/p>\n<p style=\"text-align: center;\"><strong><strong>Zbigniew Jaszczuk<\/strong><\/strong><\/p>\n<p style=\"text-align: left;\"><strong>Z<\/strong>arys podj\u0119tego przedsi\u0119wzi\u0119cia przedstawi\u0142 Przewodnicz\u0105cy Zarz\u0105du Zwi\u0105zku Powiat\u00f3w Starosta \u017bni\u0144ski <em>Zbigniew Jaszczuk <\/em>w wyst\u0105pieniu \u201e<em>Zwi\u0105zek powiat\u00f3w jako spos\u00f3b na pozyskiwanie i wykorzystanie \u015brodk\u00f3w unijnych do realizacji zada\u0144 w dziedzinie geodezji i kartografii \u2013 do\u015bwiadczenia i perspektywa 2014-2020\u201d. <\/em>Przypomnia\u0142 pierwsze spotkanie zwo\u0142ane przez <em>Ew\u0119 Mes, <\/em>kt\u00f3ra od pocz\u0105tku patronowa\u0142a zespo\u0142owemu dzia\u0142aniu wszystkich starost\u00f3w, na rzecz osi\u0105gni\u0119cia dobrego celu jakim jest podniesienie jako\u015bci danych ewidencji grunt\u00f3w i budynk\u00f3w. Zwi\u0105zek dzia\u0142a na podstawie przepis\u00f3w ustawy o samorz\u0105dzie powiatowym i ustawy o finansach publicznych, w zgodzie z w\u0142asnym statutem, og\u0142oszonym w obwieszczeniu Wojewody Kujawsko-Pomorskiego w dnia 16 maja 2012 roku.<\/p>\n<p style=\"text-align: center;\"><img loading=\"lazy\" decoding=\"async\" class=\"size-full wp-image-825\" src=\"https:\/\/sgp.geodezja.org.pl\/wp-content\/uploads\/2015\/06\/ZPP_Bydgoszcz_3-scaled.jpg\" alt=\"\" width=\"168\" height=\"200\" srcset=\"https:\/\/sgp.geodezja.org.pl\/wp-content\/uploads\/2015\/06\/ZPP_Bydgoszcz_3-scaled.jpg 2156w, https:\/\/sgp.geodezja.org.pl\/wp-content\/uploads\/2015\/06\/ZPP_Bydgoszcz_3-scaled-800x950.jpg 800w, https:\/\/sgp.geodezja.org.pl\/wp-content\/uploads\/2015\/06\/ZPP_Bydgoszcz_3-253x300.jpg 253w, https:\/\/sgp.geodezja.org.pl\/wp-content\/uploads\/2015\/06\/ZPP_Bydgoszcz_3-863x1024.jpg 863w, https:\/\/sgp.geodezja.org.pl\/wp-content\/uploads\/2015\/06\/ZPP_Bydgoszcz_3-768x912.jpg 768w, https:\/\/sgp.geodezja.org.pl\/wp-content\/uploads\/2015\/06\/ZPP_Bydgoszcz_3-1294x1536.jpg 1294w, https:\/\/sgp.geodezja.org.pl\/wp-content\/uploads\/2015\/06\/ZPP_Bydgoszcz_3-1725x2048.jpg 1725w, https:\/\/sgp.geodezja.org.pl\/wp-content\/uploads\/2015\/06\/ZPP_Bydgoszcz_3-1920x2279.jpg 1920w\" sizes=\"auto, (max-width: 168px) 100vw, 168px\" \/><\/p>\n<p style=\"text-align: center;\"><strong>Kazimierz Bujakowski<\/strong><\/p>\n<p style=\"text-align: center;\"><img loading=\"lazy\" decoding=\"async\" class=\"size-full wp-image-826\" src=\"https:\/\/sgp.geodezja.org.pl\/wp-content\/uploads\/2015\/06\/ZPP_Bydgoszcz_4.jpg\" alt=\"\" width=\"200\" height=\"151\" srcset=\"https:\/\/sgp.geodezja.org.pl\/wp-content\/uploads\/2015\/06\/ZPP_Bydgoszcz_4.jpg 2382w, https:\/\/sgp.geodezja.org.pl\/wp-content\/uploads\/2015\/06\/ZPP_Bydgoszcz_4-800x605.jpg 800w, https:\/\/sgp.geodezja.org.pl\/wp-content\/uploads\/2015\/06\/ZPP_Bydgoszcz_4-300x227.jpg 300w, https:\/\/sgp.geodezja.org.pl\/wp-content\/uploads\/2015\/06\/ZPP_Bydgoszcz_4-1024x774.jpg 1024w, https:\/\/sgp.geodezja.org.pl\/wp-content\/uploads\/2015\/06\/ZPP_Bydgoszcz_4-768x581.jpg 768w, https:\/\/sgp.geodezja.org.pl\/wp-content\/uploads\/2015\/06\/ZPP_Bydgoszcz_4-1536x1161.jpg 1536w, https:\/\/sgp.geodezja.org.pl\/wp-content\/uploads\/2015\/06\/ZPP_Bydgoszcz_4-2048x1548.jpg 2048w, https:\/\/sgp.geodezja.org.pl\/wp-content\/uploads\/2015\/06\/ZPP_Bydgoszcz_4-1920x1452.jpg 1920w\" sizes=\"auto, (max-width: 200px) 100vw, 200px\" \/><\/p>\n<p style=\"text-align: center;\"><strong>Ewa Mes otrzymuje upominek z r\u0105k Zbigniewa Jaszczuka<\/strong><\/p>\n<p style=\"text-align: justify;\"><strong>Z <\/strong>czterech postawionych cel\u00f3w zosta\u0142 osi\u0105gni\u0119ty pierwszy, kt\u00f3rym by\u0142o <em>tworzenie numerycznej mapy ewidencji grunt\u00f3w i budynk\u00f3w oraz pozyskiwanie danych ewidencji budynk\u00f3w i lokali\u201d. <\/em><\/p>\n<p style=\"text-align: justify;\"><strong>P<\/strong>rojekt przedsi\u0119wzi\u0119cia by\u0142 przyj\u0119ty w ramach Regionalnego Programu Operacyjnego Wojew\u00f3dztwa Kujawsko-Pomorskiego i realizowany pod nazw\u0105 <em>\u201eUzupe\u0142nienie ewidencji grunt\u00f3w i budynk\u00f3w, dystrybucja zbioru danych o dzia\u0142kach, budynkach, i lokalach na terenie wojew\u00f3dztwa kujawsko-pomorskiego jako elementy infrastruktury przestrzennej\u201d. <\/em>30 stycznia 2013 roku Zarz\u0105d Wojew\u00f3dztwa og\u0142osi\u0142 konkurs, 29 kwietnia zosta\u0142 z\u0142o\u017cony wniosek, za\u015b umow\u0119 podpisano 12 grudnia 2013 roku, na projekt o warto\u015bci 27.3 mln z\u0142otych, z dofinansowaniem w wysoko\u015bci 75%. Projektem obj\u0119to 97 gmin (1806 obr\u0119b\u00f3w ewidencyjnych) spo\u015br\u00f3d 144 w wojew\u00f3dztwie.<\/p>\n<p style=\"text-align: justify;\"><strong>W<\/strong>arunki techniczne przygotowane dla ca\u0142ego wojew\u00f3dztwa uwzgl\u0119dnia\u0142y lokalne uwarunkowania w poszczeg\u00f3lnych powiatach oraz prowadzenie ewidencji w zgodzie z dwoma oprogramowaniami, kt\u00f3re s\u0105 u\u017cywane w powiatach wojew\u00f3dztwa.<\/p>\n<p style=\"text-align: justify;\"><strong>P<\/strong>rocedury przetargowe prowadzone w dziewi\u0119tnastu powiatach skutkowa\u0142y podpisaniem um\u00f3w na wykonanie zadania w terminie do 27 lutego 2015 roku. Spe\u0142niaj\u0105c oczekiwania wykonawc\u00f3w prac, wprowadzono po\u015bredni etap ich cz\u0119\u015bciowego wykonania i rozliczenia do dnia 30 wrze\u015bnia 2014 roku. W wyniku przeprowadzonego przetargu warto\u015b\u0107 umowna prac si\u0119gn\u0119\u0142a 19.8 mln z\u0142otych i by\u0142a ni\u017csza o 7.6 mln z\u0142otych od kwoty przewidzianej w projekcie. Powsta\u0142\u0105 sytuacj\u0119 m\u00f3wca podsumowa\u0142 tak: <em>\u201ez b\u00f3lem musieli\u015bmy odda\u0107 spor\u0105 kwot\u0119 Marsza\u0142kowi Wojew\u00f3dztwa\u201d. <\/em>Niepokoi tak\u017ce fakt, \u017ce <em>\u201enie skorzystali z okazji do godziwego zarobku geodeci miejscowi\u201d, <\/em>bowiem umowy zawar\u0142y ze Zwi\u0105zkiem firmy spoza wojew\u00f3dztwa kujawsko-pomorskiego.<\/p>\n<p style=\"text-align: justify;\"><strong>P<\/strong>race we wszystkich powiatach zako\u0144czono, a nale\u017cno\u015bci za nie wyp\u0142acono wykonawcom.<\/p>\n<p style=\"text-align: justify;\"><strong>A<\/strong>by mo\u017cna prowadzi\u0107 bie\u017c\u0105c\u0105 kontrol\u0119 jako\u015bci prac i mie\u0107 orientacj\u0119 co do ich przebiegu, czynnikiem wspieraj\u0105cym prac\u0119 geodet\u00f3w powiatowych by\u0142 <em>podmiot monitoruj\u0105co-kontroly,<\/em> powo\u0142any przez Zwi\u0105zek, w kt\u00f3rego ocenie by\u0142o to bardzo op\u0142acalne rozwi\u0105zanie. Wykonawcy uzyskali z jego strony fachowe wsparcie, a geodeci powiatowi merytoryczn\u0105 pomoc.<\/p>\n<p style=\"text-align: justify;\"><strong>W<\/strong>yst\u0105pienie zawiera\u0142o te\u017c szczeg\u00f3\u0142owe informacje o przebiegu realizacji przedsi\u0119wzi\u0119cia i zamierzenia <em>\u201ena przysz\u0142o\u015b\u0107 w ramach RPO na lata 2014-2020\u201d. <\/em>M\u00f3wca zwr\u00f3ci\u0142 si\u0119 do G\u0142\u00f3wnego Geodety Kraju s\u0142owami: <em>\u201ePanie Prezesie! Dzi\u0119kuj\u0119 za przybycie do nas, do 'Grodu Piasta&#8217;, bo mog\u0119 zameldowa\u0107, \u017ce zadanie w wojew\u00f3dztwie kujawsko-pomorskim zosta\u0142 wykonane\u201d. <\/em><\/p>\n<p style=\"text-align: justify;\"><strong>B<\/strong>y\u0142y gratulacje i wyrazy uznania za trud podj\u0119cia si\u0119 wielkiego zadania, skutecznego i owocnego jego przeprowadzenia: dla Przewodnicz\u0105cego, cz\u0142onk\u00f3w Zarz\u0105du i ca\u0142ego Zwi\u0105zku, sk\u0142adane przez <em>Ew\u0119 Mes <\/em>i <em>Kazimierza Bujakowskiego. <\/em>Przewodnicz\u0105cy <em>Zbigniew Jaszczuk <\/em>w podzi\u0119kowaniu za przychylno\u015b\u0107 i sta\u0142e wsparcie przekaza\u0142 upominki, w postaci rze\u017aby miejscowego artysty <em>Ewie Mes<\/em> i<em> Kazimierzowi Bujakowskiemu<\/em>, a za wielki wk\u0142ad w przebieg zadania i trosk\u0119 o dobry rezultat <em>Jackowi \u017bbikowskiemu <\/em>i <em>Jaros\u0142awowi Kaszewskiemu. <\/em><\/p>\n<p style=\"text-align: justify;\"><strong>S<\/strong>potkanie by\u0142o te\u017c okazj\u0105 do zapoznania obecnych z <em>\u201ePriorytetowymi zadaniami S\u0142u\u017cby Geodezyjnej i Kartograficznej\u201d<\/em> w perspektywie 2014-2020, przedstawionymi przez <em>Kazimierza Bujakowskiego.<\/em><\/p>\n<p><em><img loading=\"lazy\" decoding=\"async\" class=\"size-full wp-image-827\" style=\"margin-right: auto; margin-left: auto; display: block;\" src=\"https:\/\/sgp.geodezja.org.pl\/wp-content\/uploads\/2015\/06\/ZPP_Bydgoszcz_5-scaled.jpg\" alt=\"\" width=\"200\" height=\"100\" srcset=\"https:\/\/sgp.geodezja.org.pl\/wp-content\/uploads\/2015\/06\/ZPP_Bydgoszcz_5-scaled.jpg 2560w, https:\/\/sgp.geodezja.org.pl\/wp-content\/uploads\/2015\/06\/ZPP_Bydgoszcz_5-scaled-800x400.jpg 800w, https:\/\/sgp.geodezja.org.pl\/wp-content\/uploads\/2015\/06\/ZPP_Bydgoszcz_5-300x150.jpg 300w, https:\/\/sgp.geodezja.org.pl\/wp-content\/uploads\/2015\/06\/ZPP_Bydgoszcz_5-1024x512.jpg 1024w, https:\/\/sgp.geodezja.org.pl\/wp-content\/uploads\/2015\/06\/ZPP_Bydgoszcz_5-768x384.jpg 768w, https:\/\/sgp.geodezja.org.pl\/wp-content\/uploads\/2015\/06\/ZPP_Bydgoszcz_5-1536x768.jpg 1536w, https:\/\/sgp.geodezja.org.pl\/wp-content\/uploads\/2015\/06\/ZPP_Bydgoszcz_5-2048x1024.jpg 2048w, https:\/\/sgp.geodezja.org.pl\/wp-content\/uploads\/2015\/06\/ZPP_Bydgoszcz_5-1920x960.jpg 1920w\" sizes=\"auto, (max-width: 200px) 100vw, 200px\" \/><\/em><\/p>\n<p style=\"text-align: center;\"><strong>Geodeci powiatowi wojew\u00f3dztwa kujawsko-pomorskiego z G\u0142\u00f3wnym Geodet\u0105 Kraju Kazimierzem Bujakowskim<\/strong><\/p>\n<p style=\"text-align: left;\"><strong>O<\/strong>becno\u015b\u0107 G\u0142\u00f3wnego Geodety Kraju w <em>\u201eGrodzie Piasta\u201d <\/em>by\u0142a dogodn\u0105 sposobno\u015bci\u0105 do prezentowania przez geodet\u00f3w powiatowych swoich rozmaitych trosk w prowadzeniu rozlicznych spraw urz\u0119dowych. Bo w niekt\u00f3rych starostwach sprawy geodezji nie zawsze znajduj\u0105 w\u0142a\u015bciwe uznanie.<\/p>\n<p style=\"text-align: left;\"><span style=\"color: #008000;\"><a href=\"https:\/\/sgp.geodezja.org.pl\/wp-content\/uploads\/2015\/06\/Zwiazek_Powiatow_Bydgoszcz_20150625.pdf\">Relacja do pobrania (pdf) &gt;&gt;&gt;<\/a><\/span><\/p>\n<p style=\"text-align: left;\">\u00a0<\/p>\n<p style=\"text-align: left;\">Zdj\u0119cia i tekst Stanis\u0142aw Marcin Wili\u0144ski<\/p>\n<p style=\"text-align: right;\">VK<\/p>","protected":false},"excerpt":{"rendered":"<p>Dziesi\u0105te zgromadzenie Zwi\u0105zku Powiat\u00f3w Wojew\u00f3dztwa Kujawsko-Pomorskiego, odbywaj\u0105ce si\u0119 w dniu 25 czerwca 2015 roku w \u201eGrodzie Piasta\u201d w Chomi\u0105\u017cy Szlacheckiej, dokona\u0142o oceny pracy Zwi\u0105zku w 2014 roku i podj\u0119\u0142o uchwa\u0142y usprawniaj\u0105ce dalsz\u0105 jego prac\u0119. By\u0142o tak\u017ce okazj\u0105 do oceny wykonania pierwszego zadania, jakiego podj\u0105\u0142 si\u0119 Zwi\u0105zek, kt\u00f3rym by\u0142a modernizacja ewidencji grunt\u00f3w i budynk\u00f3w na obszarze [&hellip;]<\/p>\n","protected":false},"author":2,"featured_media":823,"comment_status":"open","ping_status":"open","sticky":false,"template":"","format":"standard","meta":{"two_page_speed":[],"footnotes":""},"categories":[10],"tags":[],"class_list":["post-829","post","type-post","status-publish","format-standard","has-post-thumbnail","hentry","category-informacje"],"_links":{"self":[{"href":"https:\/\/sgp.geodezja.org.pl\/en\/wp-json\/wp\/v2\/posts\/829","targetHints":{"allow":["GET"]}}],"collection":[{"href":"https:\/\/sgp.geodezja.org.pl\/en\/wp-json\/wp\/v2\/posts"}],"about":[{"href":"https:\/\/sgp.geodezja.org.pl\/en\/wp-json\/wp\/v2\/types\/post"}],"author":[{"embeddable":true,"href":"https:\/\/sgp.geodezja.org.pl\/en\/wp-json\/wp\/v2\/users\/2"}],"replies":[{"embeddable":true,"href":"https:\/\/sgp.geodezja.org.pl\/en\/wp-json\/wp\/v2\/comments?post=829"}],"version-history":[{"count":0,"href":"https:\/\/sgp.geodezja.org.pl\/en\/wp-json\/wp\/v2\/posts\/829\/revisions"}],"wp:featuredmedia":[{"embeddable":true,"href":"https:\/\/sgp.geodezja.org.pl\/en\/wp-json\/wp\/v2\/media\/823"}],"wp:attachment":[{"href":"https:\/\/sgp.geodezja.org.pl\/en\/wp-json\/wp\/v2\/media?parent=829"}],"wp:term":[{"taxonomy":"category","embeddable":true,"href":"https:\/\/sgp.geodezja.org.pl\/en\/wp-json\/wp\/v2\/categories?post=829"},{"taxonomy":"post_tag","embeddable":true,"href":"https:\/\/sgp.geodezja.org.pl\/en\/wp-json\/wp\/v2\/tags?post=829"}],"curies":[{"name":"wp","href":"https:\/\/api.w.org\/{rel}","templated":true}]}}