{"id":845,"date":"2015-07-14T09:40:50","date_gmt":"2015-07-14T07:40:50","guid":{"rendered":"https:\/\/2.budowaniestron.pl\/w-krolewskim-miescie-tykocinie-spotkali-sie-geodeci-2\/"},"modified":"2015-07-14T09:40:50","modified_gmt":"2015-07-14T07:40:50","slug":"w-krolewskim-miescie-tykocinie-spotkali-sie-geodeci-2","status":"publish","type":"post","link":"https:\/\/sgp.geodezja.org.pl\/en\/w-krolewskim-miescie-tykocinie-spotkali-sie-geodeci-2\/","title":{"rendered":"W Kr\u00f3lewskim Mie\u015bcie Tykocinie spotkali si\u0119 geodeci"},"content":{"rendered":"<p style=\"text-align: justify;\"><strong>K<\/strong>r\u00f3lewskie historyczne miasto Tykocin, po\u0142o\u017cone na wynios\u0142ym po\u0142udniowym brzegu rzeki Narew, w dniach od 10 do 12 lipca 2015 roku, by\u0142o miejscem wa\u017cnych dla Stowarzyszenia Geodet\u00f3w Polskich wydarze\u0144. Geodeci reprezentuj\u0105cy wszystkie obszary aktywno\u015bci zawodowej spotkali si\u0119 tu, aby \u015bwi\u0119towa\u0107 siedemdziesi\u0105t lat dzia\u0142alno\u015bci Stowarzyszenia Geodet\u00f3w Polskich w Bia\u0142ymstoku oraz siedemdziesi\u0119ciolecie ukazywania si\u0119 <em>\u201ePrzegl\u0105du Geodezyjnego\u201d,<\/em> a cz\u0142onkowie Zarz\u0105du G\u0142\u00f3wnego aby obradowa\u0107 nad sprawami wymagaj\u0105cymi ich uwagi i rozstrzygania.<\/p>\n<p>  <!--more-->  <\/p>\n<p style=\"text-align: justify;\"><strong>K<\/strong>r\u00f3lewskie historyczne miasto Tykocin, po\u0142o\u017cone na wynios\u0142ym po\u0142udniowym brzegu rzeki Narew, w dniach od 10 do 12 lipca 2015 roku, by\u0142o miejscem wa\u017cnych dla Stowarzyszenia Geodet\u00f3w Polskich wydarze\u0144. Geodeci reprezentuj\u0105cy wszystkie obszary aktywno\u015bci zawodowej spotkali si\u0119 tu, aby \u015bwi\u0119towa\u0107 siedemdziesi\u0105t lat dzia\u0142alno\u015bci Stowarzyszenia Geodet\u00f3w Polskich w Bia\u0142ymstoku oraz siedemdziesi\u0119ciolecie ukazywania si\u0119 <em>\u201ePrzegl\u0105du Geodezyjnego\u201d,<\/em> a cz\u0142onkowie Zarz\u0105du G\u0142\u00f3wnego aby obradowa\u0107 nad sprawami wymagaj\u0105cymi ich uwagi i rozstrzygania.<\/p>\n<p><img loading=\"lazy\" decoding=\"async\" class=\"size-full wp-image-831\" style=\"margin-right: auto; margin-left: auto; display: block;\" src=\"https:\/\/sgp.geodezja.org.pl\/wp-content\/uploads\/2015\/07\/Tykocin_2015_1.jpg\" alt=\"\" width=\"200\" height=\"110\" srcset=\"https:\/\/sgp.geodezja.org.pl\/wp-content\/uploads\/2015\/07\/Tykocin_2015_1.jpg 1500w, https:\/\/sgp.geodezja.org.pl\/wp-content\/uploads\/2015\/07\/Tykocin_2015_1-800x441.jpg 800w, https:\/\/sgp.geodezja.org.pl\/wp-content\/uploads\/2015\/07\/Tykocin_2015_1-300x165.jpg 300w, https:\/\/sgp.geodezja.org.pl\/wp-content\/uploads\/2015\/07\/Tykocin_2015_1-1024x565.jpg 1024w, https:\/\/sgp.geodezja.org.pl\/wp-content\/uploads\/2015\/07\/Tykocin_2015_1-768x423.jpg 768w, https:\/\/sgp.geodezja.org.pl\/wp-content\/uploads\/2015\/07\/Tykocin_2015_1-109x60.jpg 109w\" sizes=\"auto, (max-width: 200px) 100vw, 200px\" \/><\/p>\n<p style=\"text-align: center;\"><strong>Przyby\u0142ych na spotkanie wita Czes\u0142aw Bartoszewicz prezes Oddzia\u0142u Stowarzyszenia Geodet\u00f3w Polskich w Bia\u0142ymstoku<\/strong><\/p>\n<p style=\"text-align: center;\"><strong><em><img loading=\"lazy\" decoding=\"async\" class=\"size-full wp-image-832\" src=\"https:\/\/sgp.geodezja.org.pl\/wp-content\/uploads\/2015\/07\/Tykocin_2015_2.jpg\" alt=\"\" width=\"125\" height=\"200\" srcset=\"https:\/\/sgp.geodezja.org.pl\/wp-content\/uploads\/2015\/07\/Tykocin_2015_2.jpg 623w, https:\/\/sgp.geodezja.org.pl\/wp-content\/uploads\/2015\/07\/Tykocin_2015_2-187x300.jpg 187w\" sizes=\"auto, (max-width: 125px) 100vw, 125px\" \/><\/em><\/strong><\/p>\n<p style=\"text-align: center;\"><strong>Prezes Stanis\u0142aw Cegielski otwiera zebranie ZG Stowarzyszenia Geodet\u00f3w Polskich<\/strong><\/p>\n<p style=\"text-align: justify;\"><strong>O<\/strong>becno\u015b\u0107 na tym zebraniu dostojnych go\u015bci z G\u0142\u00f3wnym Geodet\u0105 Kraju i nauczycieli akademickich z Dziekanem Wydzia\u0142u Geodezji i Kartografii Politechniki Warszawskiej, by\u0142a okazj\u0105 do wys\u0142uchania informacji o aktualnym stanie spraw geodezji w kraju. Ocena dokona\u0144 G\u0142\u00f3wnego Urz\u0119du Geodezji i Kartografii porz\u0105dkuj\u0105cych prawne regulacje w geodezji i ich skutki praktyczne dla wykonawc\u00f3w prac i us\u0142ug geodezyjnych spotka\u0142y si\u0119 ze zr\u00f3\u017cnicowanym przyj\u0119ciem. Wykonawcy mog\u0105 spodziewa\u0107 si\u0119 szerszego dost\u0119pu do znacznej warto\u015bci prac geodezyjnych. Ale projektowane zadania wywo\u0142uj\u0105 trosk\u0119, czy firmy o ograniczonym potencjale b\u0119d\u0105 w stanie wykona\u0107 przewidywany zakres prac w po\u017c\u0105danym czasie dobrze i w spos\u00f3b dla siebie korzystny.<\/p>\n<p style=\"text-align: center;\"><img loading=\"lazy\" decoding=\"async\" class=\"size-full wp-image-833\" style=\"margin-right: auto; margin-left: auto; display: block;\" src=\"https:\/\/sgp.geodezja.org.pl\/wp-content\/uploads\/2015\/07\/Tykocin_2015_3.jpg\" alt=\"\" width=\"200\" height=\"148\" srcset=\"https:\/\/sgp.geodezja.org.pl\/wp-content\/uploads\/2015\/07\/Tykocin_2015_3.jpg 1500w, https:\/\/sgp.geodezja.org.pl\/wp-content\/uploads\/2015\/07\/Tykocin_2015_3-800x590.jpg 800w, https:\/\/sgp.geodezja.org.pl\/wp-content\/uploads\/2015\/07\/Tykocin_2015_3-300x221.jpg 300w, https:\/\/sgp.geodezja.org.pl\/wp-content\/uploads\/2015\/07\/Tykocin_2015_3-1024x756.jpg 1024w, https:\/\/sgp.geodezja.org.pl\/wp-content\/uploads\/2015\/07\/Tykocin_2015_3-768x567.jpg 768w\" sizes=\"auto, (max-width: 200px) 100vw, 200px\" \/><\/p>\n<p style=\"text-align: center;\"><strong>Kazimierz Bujakowski podczas wyst\u0105pienia, obok Stanis\u0142aw Cegielski<\/strong><\/p>\n<p style=\"text-align: center;\"><strong><img loading=\"lazy\" decoding=\"async\" class=\"size-full wp-image-834\" src=\"https:\/\/sgp.geodezja.org.pl\/wp-content\/uploads\/2015\/07\/Tykocin_2015_4.jpg\" alt=\"\" width=\"200\" height=\"192\" srcset=\"https:\/\/sgp.geodezja.org.pl\/wp-content\/uploads\/2015\/07\/Tykocin_2015_4.jpg 1039w, https:\/\/sgp.geodezja.org.pl\/wp-content\/uploads\/2015\/07\/Tykocin_2015_4-800x770.jpg 800w, https:\/\/sgp.geodezja.org.pl\/wp-content\/uploads\/2015\/07\/Tykocin_2015_4-300x289.jpg 300w, https:\/\/sgp.geodezja.org.pl\/wp-content\/uploads\/2015\/07\/Tykocin_2015_4-1024x986.jpg 1024w, https:\/\/sgp.geodezja.org.pl\/wp-content\/uploads\/2015\/07\/Tykocin_2015_4-768x739.jpg 768w\" sizes=\"auto, (max-width: 200px) 100vw, 200px\" \/><\/strong><\/p>\n<p style=\"text-align: center;\"><strong><strong>Ludmi\u0142a Pietrzak wylicza utrudnienia wykonawcy we wsp\u00f3\u0142dzia\u0142aniu z urz\u0119dami &#8230; <\/strong><\/strong><\/p>\n<p style=\"text-align: justify;\"><strong>U<\/strong>roczysto\u015bci jubileuszowe celebrowano bardzo podnio\u015ble, \u015bwi\u0119tuj\u0105c najpierw siedemdziesi\u0119ciolecie Stowarzyszenia Geodet\u00f3w Polskich na Podlasiu, a potem siedemdziesi\u0105t lat wydawania miesi\u0119cznika <em>\u201ePrzegl\u0105d Geodezyjny\u201d, <\/em>kt\u00f3ry jako drugie pismo techniczne ukaza\u0142 si\u0119 po wojnie (15 lipca 1945 roku).<\/p>\n<p style=\"text-align: justify;\"><strong>W <\/strong>\u015bwi\u0119towaniu uczestniczy\u0142a rzesza geodet\u00f3w, przyby\u0142ych z ca\u0142ego kraju, ale wa\u017cny by\u0142 tu bardzo liczny udzia\u0142 geodet\u00f3w Podlasia, kt\u00f3rzy mogli poczu\u0107 satysfakcj\u0119 z obecno\u015bci na ich \u015bwi\u0119cie znamienitych go\u015bci z pos\u0142em na Sejm RP, G\u0142\u00f3wnym Geodet\u0105 Kraju, w\u0142adzami samorz\u0105dowymi wojew\u00f3dztwa, powiatu i miasta, dziekanami wydzia\u0142\u00f3w geodezyjnych uczelni, przedstawicielami wielu instytucji i organizacji.<\/p>\n<p><img loading=\"lazy\" decoding=\"async\" class=\"size-full wp-image-835\" style=\"margin-right: auto; margin-left: auto; display: block;\" src=\"https:\/\/sgp.geodezja.org.pl\/wp-content\/uploads\/2015\/07\/Tykocin_2015_5.jpg\" alt=\"\" width=\"178\" height=\"200\" srcset=\"https:\/\/sgp.geodezja.org.pl\/wp-content\/uploads\/2015\/07\/Tykocin_2015_5.jpg 890w, https:\/\/sgp.geodezja.org.pl\/wp-content\/uploads\/2015\/07\/Tykocin_2015_5-800x899.jpg 800w, https:\/\/sgp.geodezja.org.pl\/wp-content\/uploads\/2015\/07\/Tykocin_2015_5-267x300.jpg 267w, https:\/\/sgp.geodezja.org.pl\/wp-content\/uploads\/2015\/07\/Tykocin_2015_5-768x863.jpg 768w\" sizes=\"auto, (max-width: 178px) 100vw, 178px\" \/><\/p>\n<p style=\"text-align: center;\"><strong>Gratulacje sk\u0142ada pose\u0142 na Sejm RP Krzysztof\u00a0Jurgiel<\/strong><\/p>\n<p style=\"text-align: center;\"><strong><img loading=\"lazy\" decoding=\"async\" class=\"size-full wp-image-836\" src=\"https:\/\/sgp.geodezja.org.pl\/wp-content\/uploads\/2015\/07\/Tykocin_2015_6.jpg\" alt=\"\" width=\"200\" height=\"133\" srcset=\"https:\/\/sgp.geodezja.org.pl\/wp-content\/uploads\/2015\/07\/Tykocin_2015_6.jpg 1500w, https:\/\/sgp.geodezja.org.pl\/wp-content\/uploads\/2015\/07\/Tykocin_2015_6-800x533.jpg 800w, https:\/\/sgp.geodezja.org.pl\/wp-content\/uploads\/2015\/07\/Tykocin_2015_6-300x200.jpg 300w, https:\/\/sgp.geodezja.org.pl\/wp-content\/uploads\/2015\/07\/Tykocin_2015_6-1024x683.jpg 1024w, https:\/\/sgp.geodezja.org.pl\/wp-content\/uploads\/2015\/07\/Tykocin_2015_6-768x512.jpg 768w\" sizes=\"auto, (max-width: 200px) 100vw, 200px\" \/><\/strong><\/p>\n<p style=\"text-align: center;\"><strong>Anna Rakie\u0107 Geodeta Wojew\u00f3dztwa Podlaskiego, Miros\u0142awa Wojciuk, Antoni Pe\u0142kowski Starosta Bia\u0142ostocki<\/strong><\/p>\n<p style=\"text-align: justify;\"><strong>U<\/strong>roczysto\u015b\u0107 jubileuszu Stowarzyszenia Geodet\u00f3w Polskich Podlasia rozpocz\u0105\u0142 Prezes Stowarzyszenia Geodet\u00f3w Polskich <em>Stanis\u0142aw Cegielski, <\/em>kt\u00f3ry powita\u0142 honorowych go\u015bci, a nast\u0119pnie przedstawi\u0142 zwi\u0119z\u0142y rys dziej\u00f3w siedemdziesi\u0119cioletnich Stowarzyszenia na Podlasiu, a tak\u017ce dzia\u0142alno\u015b\u0107 wcze\u015bniej\u00a0\u00a0 tu prowadzon\u0105 przez geodet\u00f3w.<\/p>\n<p>\u00a0<img loading=\"lazy\" decoding=\"async\" class=\"size-full wp-image-837\" style=\"margin-right: auto; margin-left: auto; display: block;\" src=\"https:\/\/sgp.geodezja.org.pl\/wp-content\/uploads\/2015\/07\/Tykocin_2015_7.jpg\" alt=\"\" width=\"200\" height=\"151\" srcset=\"https:\/\/sgp.geodezja.org.pl\/wp-content\/uploads\/2015\/07\/Tykocin_2015_7.jpg 1323w, https:\/\/sgp.geodezja.org.pl\/wp-content\/uploads\/2015\/07\/Tykocin_2015_7-800x605.jpg 800w, https:\/\/sgp.geodezja.org.pl\/wp-content\/uploads\/2015\/07\/Tykocin_2015_7-300x227.jpg 300w, https:\/\/sgp.geodezja.org.pl\/wp-content\/uploads\/2015\/07\/Tykocin_2015_7-1024x774.jpg 1024w, https:\/\/sgp.geodezja.org.pl\/wp-content\/uploads\/2015\/07\/Tykocin_2015_7-768x580.jpg 768w\" sizes=\"auto, (max-width: 200px) 100vw, 200px\" \/><\/p>\n<p style=\"text-align: center;\">\u00a0<strong>Czes\u0142aw Bartoszewicz odbiera gratulacje z r\u0105k Antoniego Pe\u0142kowskiego<\/strong><\/p>\n<p style=\"text-align: center;\"><strong><img loading=\"lazy\" decoding=\"async\" class=\"size-full wp-image-838\" src=\"https:\/\/sgp.geodezja.org.pl\/wp-content\/uploads\/2015\/07\/Tykocin_2015_8.jpg\" alt=\"\" width=\"200\" height=\"192\" srcset=\"https:\/\/sgp.geodezja.org.pl\/wp-content\/uploads\/2015\/07\/Tykocin_2015_8.jpg 1041w, https:\/\/sgp.geodezja.org.pl\/wp-content\/uploads\/2015\/07\/Tykocin_2015_8-800x768.jpg 800w, https:\/\/sgp.geodezja.org.pl\/wp-content\/uploads\/2015\/07\/Tykocin_2015_8-300x288.jpg 300w, https:\/\/sgp.geodezja.org.pl\/wp-content\/uploads\/2015\/07\/Tykocin_2015_8-1024x984.jpg 1024w, https:\/\/sgp.geodezja.org.pl\/wp-content\/uploads\/2015\/07\/Tykocin_2015_8-768x738.jpg 768w\" sizes=\"auto, (max-width: 200px) 100vw, 200px\" \/><\/strong><\/p>\n<p style=\"text-align: center;\">\u00a0\u00a0<strong>Gratulacje sk\u0142ada G\u0142\u00f3wny Geodeta Kraju Kazimierz Bujakowski<\/strong><\/p>\n<p style=\"text-align: justify;\"><strong>P<\/strong>odnios\u0142ym punktem spotkania by\u0142o uhonorowanie przez Zarz\u0105d G\u0142\u00f3wny wszystkich zas\u0142u\u017conych w pracy spo\u0142ecznej cz\u0142onk\u00f3w Oddzia\u0142u. By\u0142 medal <em>\u201eW uznaniu zas\u0142ug\u201d <\/em>dla Czes\u0142awa Bartoszewicza oraz diamentowe, z\u0142ote i srebrne odznaki honorowe Stowarzyszenia dla wielu.<\/p>\n<p style=\"text-align: justify;\"><strong>Z<\/strong>e strony go\u015bci honorowych i reprezentacji oddzia\u0142\u00f3w z kraju, tak\u017ce wielu instytucji pop\u0142yn\u0119\u0142y d\u0142ugim, wartkim strumieniem gratulacje, \u017cyczenia r\u00f3\u017cnorakie, pomy\u015blno\u015bci zawodowej i osobistej dzielnie przyjmowane przez <em>Czes\u0142awa Bartoszewicza, <\/em>\u00a0w imieniu ca\u0142ej spo\u0142eczno\u015bci geodezyjnej Podlasia.<\/p>\n<p style=\"text-align: justify;\"><strong>D<\/strong>rugi jubileusz \u015bwi\u0119towano w podobnie podnios\u0142ym nastroju, ale tu uwaga ogniskowa\u0142a si\u0119 na osobie <em>prof. Wojciecha Wilkowskiego, <\/em>sprawuj\u0105cego przez dwadzie\u015bcia osiem lat obowi\u0105zki redaktora naczelnego <em>\u201ePrzegl\u0105du Geodezyjnego\u201d. <\/em>Wyst\u0105pienie Profesora w wi\u0119z\u0142y spos\u00f3b pokaza\u0142o zasady organizacyjne funkcjonowania <em>\u201ePrzegl\u0105du\u201d, <\/em>kt\u00f3ry jest znakiem wskazuj\u0105cym na rang\u0119 Stowarzyszenia, a tak\u017ce spos\u00f3b i porz\u0105dek przyj\u0119ty przy wydawaniu pisma, kt\u00f3re chce zachowa\u0107 cechy pisma naukowo-technicznego.<\/p>\n<p style=\"text-align: justify;\"><strong>G<\/strong>\u0142\u00f3wny Geodeta Kraju <em>Kazimierz Bujakowski <\/em>dzi\u0119kowa\u0142 redaktorowi naczelnemu za <em>\u201eniezwyk\u0142\u0105 donios\u0142o\u015b\u0107 w obszarze informowania\u201d, <\/em>jak\u0105 spe\u0142nia <em>\u201ePrzegl\u0105d Geodezyjny\u201d.<\/em> By\u0142y podzi\u0119kowania, gratulacje, \u017cyczenia potwierdzane w tekstach okoliczno\u015bciowych adres\u00f3w gratulacyjnych i upominkach sk\u0142adanych na r\u0119ce <em>prof. Wojciecha Wilkowskiego, <\/em>kt\u00f3ry zaprzestaje pracy Redaktora z ko\u0144cem lipca br.<\/p>\n<p><img loading=\"lazy\" decoding=\"async\" class=\"size-full wp-image-839\" style=\"margin-right: auto; margin-left: auto; display: block;\" src=\"https:\/\/sgp.geodezja.org.pl\/wp-content\/uploads\/2015\/07\/Tykocin_2015_9.jpg\" alt=\"\" width=\"200\" height=\"185\" srcset=\"https:\/\/sgp.geodezja.org.pl\/wp-content\/uploads\/2015\/07\/Tykocin_2015_9.jpg 1084w, https:\/\/sgp.geodezja.org.pl\/wp-content\/uploads\/2015\/07\/Tykocin_2015_9-800x738.jpg 800w, https:\/\/sgp.geodezja.org.pl\/wp-content\/uploads\/2015\/07\/Tykocin_2015_9-300x277.jpg 300w, https:\/\/sgp.geodezja.org.pl\/wp-content\/uploads\/2015\/07\/Tykocin_2015_9-1024x945.jpg 1024w, https:\/\/sgp.geodezja.org.pl\/wp-content\/uploads\/2015\/07\/Tykocin_2015_9-768x708.jpg 768w\" sizes=\"auto, (max-width: 200px) 100vw, 200px\" \/><\/p>\n<p style=\"text-align: center;\"><strong>Czes\u0142aw Bartoszewicz przyjmuje gratulacje Marsza\u0142ka od Anny Rakie\u0107<\/strong><\/p>\n<p style=\"text-align: center;\"><strong><img loading=\"lazy\" decoding=\"async\" class=\"size-full wp-image-840\" src=\"https:\/\/sgp.geodezja.org.pl\/wp-content\/uploads\/2015\/07\/Tykocin_2015_10.jpg\" alt=\"\" width=\"200\" height=\"128\" srcset=\"https:\/\/sgp.geodezja.org.pl\/wp-content\/uploads\/2015\/07\/Tykocin_2015_10.jpg 1500w, https:\/\/sgp.geodezja.org.pl\/wp-content\/uploads\/2015\/07\/Tykocin_2015_10-800x513.jpg 800w, https:\/\/sgp.geodezja.org.pl\/wp-content\/uploads\/2015\/07\/Tykocin_2015_10-300x192.jpg 300w, https:\/\/sgp.geodezja.org.pl\/wp-content\/uploads\/2015\/07\/Tykocin_2015_10-1024x657.jpg 1024w, https:\/\/sgp.geodezja.org.pl\/wp-content\/uploads\/2015\/07\/Tykocin_2015_10-768x493.jpg 768w\" sizes=\"auto, (max-width: 200px) 100vw, 200px\" \/><\/strong><\/p>\n<p style=\"text-align: center;\"><strong><strong>Czes\u0142awowi Bartoszewiczowi gratulacje \u201egeodezyjne\u201d sk\u0142adaj\u0105 Krzysztof Cisek i Antoni Bosek<\/strong><\/strong><\/p>\n<p style=\"text-align: justify;\"><strong>W <\/strong>uznaniu dokona\u0144, Prezydium Zarz\u0105du G\u0142\u00f3wnego nada\u0142o <em>prof. Wojciechowi Wilkowskiemu <\/em>tytu\u0142 honorowego Redaktora Naczelnego<em> \u201ePrzegl\u0105du Geodezyjnego\u201d. <\/em>Redaktor\u00f3w wsp\u00f3\u0142tworz\u0105cych pismo wyr\u00f3\u017cniono dyplomami honorowymi zawieraj\u0105cymi liczne podzi\u0119kowania za ci\u0105g\u0142y wp\u0142yw na warto\u015b\u0107 i atrakcyjno\u015b\u0107 <em>\u201ePrzegl\u0105du\u201d.<\/em><\/p>\n<p><em><img loading=\"lazy\" decoding=\"async\" class=\"size-full wp-image-841\" style=\"margin-right: auto; margin-left: auto; display: block;\" src=\"https:\/\/sgp.geodezja.org.pl\/wp-content\/uploads\/2015\/07\/Tykocin_2015_11.jpg\" alt=\"\" width=\"194\" height=\"200\" srcset=\"https:\/\/sgp.geodezja.org.pl\/wp-content\/uploads\/2015\/07\/Tykocin_2015_11.jpg 969w, https:\/\/sgp.geodezja.org.pl\/wp-content\/uploads\/2015\/07\/Tykocin_2015_11-800x826.jpg 800w, https:\/\/sgp.geodezja.org.pl\/wp-content\/uploads\/2015\/07\/Tykocin_2015_11-291x300.jpg 291w, https:\/\/sgp.geodezja.org.pl\/wp-content\/uploads\/2015\/07\/Tykocin_2015_11-768x793.jpg 768w\" sizes=\"auto, (max-width: 194px) 100vw, 194px\" \/><\/em><\/p>\n<p style=\"text-align: center;\">\u00a0<strong>Redaktorowi \u201ePG\u201d prof. Wojciechowi Wilkowskiemu gratulacje sk\u0142ada prof. Alina Maciejewska Dziekan Wydzia\u0142u GiK PW<\/strong><\/p>\n<p style=\"text-align: center;\"><strong><img loading=\"lazy\" decoding=\"async\" class=\"size-full wp-image-842\" src=\"https:\/\/sgp.geodezja.org.pl\/wp-content\/uploads\/2015\/07\/Tykocin_2015_12.jpg\" alt=\"\" width=\"200\" height=\"133\" srcset=\"https:\/\/sgp.geodezja.org.pl\/wp-content\/uploads\/2015\/07\/Tykocin_2015_12.jpg 1500w, https:\/\/sgp.geodezja.org.pl\/wp-content\/uploads\/2015\/07\/Tykocin_2015_12-800x533.jpg 800w, https:\/\/sgp.geodezja.org.pl\/wp-content\/uploads\/2015\/07\/Tykocin_2015_12-300x200.jpg 300w, https:\/\/sgp.geodezja.org.pl\/wp-content\/uploads\/2015\/07\/Tykocin_2015_12-1024x683.jpg 1024w, https:\/\/sgp.geodezja.org.pl\/wp-content\/uploads\/2015\/07\/Tykocin_2015_12-768x512.jpg 768w\" sizes=\"auto, (max-width: 200px) 100vw, 200px\" \/><\/strong><\/p>\n<p style=\"text-align: center;\"><strong><strong>Redaktor Wilkowski podczas wyk\u0142adu<\/strong><\/strong><\/p>\n<p style=\"text-align: justify;\"><strong>T<\/strong>rzydniowe spotkanie da\u0142o tak\u017ce mo\u017cliwo\u015b\u0107 swobodniejszego prze\u017cywania chwil, kt\u00f3re zbli\u017ca\u0142y towarzysko osoby zazwyczaj zaj\u0119te na r\u00f3\u017cnych polach aktywno\u015bci geodezyjnej. Organizatorzy trosk\u0105 otaczali wszystkich i proponowali ciekawy spos\u00f3b sp\u0119dzania \u201echwil wolnych\u201d na poznawaniu co bardziej uznanych zabytk\u00f3w architektonicznych i przyrodniczych Tykocina i jego bliskiego otoczenia. Bardziej wyczerpuj\u0105c\u0105 relacj\u0119 ze spotkania podamy p\u00f3\u017aniej.<\/p>\n<p><img loading=\"lazy\" decoding=\"async\" class=\"size-full wp-image-843\" style=\"margin-right: auto; margin-left: auto; display: block;\" src=\"https:\/\/sgp.geodezja.org.pl\/wp-content\/uploads\/2015\/07\/Tykocin_2015_13.jpg\" alt=\"\" width=\"200\" height=\"58\" srcset=\"https:\/\/sgp.geodezja.org.pl\/wp-content\/uploads\/2015\/07\/Tykocin_2015_13.jpg 1500w, https:\/\/sgp.geodezja.org.pl\/wp-content\/uploads\/2015\/07\/Tykocin_2015_13-800x234.jpg 800w, https:\/\/sgp.geodezja.org.pl\/wp-content\/uploads\/2015\/07\/Tykocin_2015_13-300x88.jpg 300w, https:\/\/sgp.geodezja.org.pl\/wp-content\/uploads\/2015\/07\/Tykocin_2015_13-1024x299.jpg 1024w, https:\/\/sgp.geodezja.org.pl\/wp-content\/uploads\/2015\/07\/Tykocin_2015_13-768x224.jpg 768w\" sizes=\"auto, (max-width: 200px) 100vw, 200px\" \/><\/p>\n<p style=\"text-align: justify;\">\u00a0<\/p>\n<p style=\"text-align: left;\"><a href=\"https:\/\/sgp.geodezja.org.pl\/wp-content\/uploads\/2015\/07\/GEOGECI_Tykocin_2015.pdf\"><span style=\"color: #008000;\">Informacja do pobrania w pdf &gt;&gt;&gt;<\/span><\/a><\/p>\n<p style=\"text-align: left;\">Tekst i zdj\u0119cia Stanis\u0142aw Marcin Wili\u0144ski<\/p>\n<p style=\"text-align: right;\">VK<\/p>","protected":false},"excerpt":{"rendered":"<p>Kr\u00f3lewskie historyczne miasto Tykocin, po\u0142o\u017cone na wynios\u0142ym po\u0142udniowym brzegu rzeki Narew, w dniach od 10 do 12 lipca 2015 roku, by\u0142o miejscem wa\u017cnych dla Stowarzyszenia Geodet\u00f3w Polskich wydarze\u0144. Geodeci reprezentuj\u0105cy wszystkie obszary aktywno\u015bci zawodowej spotkali si\u0119 tu, aby \u015bwi\u0119towa\u0107 siedemdziesi\u0105t lat dzia\u0142alno\u015bci Stowarzyszenia Geodet\u00f3w Polskich w Bia\u0142ymstoku oraz siedemdziesi\u0119ciolecie ukazywania si\u0119 \u201ePrzegl\u0105du Geodezyjnego\u201d, a cz\u0142onkowie [&hellip;]<\/p>\n","protected":false},"author":2,"featured_media":831,"comment_status":"open","ping_status":"open","sticky":false,"template":"","format":"standard","meta":{"two_page_speed":[],"footnotes":""},"categories":[10],"tags":[],"class_list":["post-845","post","type-post","status-publish","format-standard","has-post-thumbnail","hentry","category-informacje"],"_links":{"self":[{"href":"https:\/\/sgp.geodezja.org.pl\/en\/wp-json\/wp\/v2\/posts\/845","targetHints":{"allow":["GET"]}}],"collection":[{"href":"https:\/\/sgp.geodezja.org.pl\/en\/wp-json\/wp\/v2\/posts"}],"about":[{"href":"https:\/\/sgp.geodezja.org.pl\/en\/wp-json\/wp\/v2\/types\/post"}],"author":[{"embeddable":true,"href":"https:\/\/sgp.geodezja.org.pl\/en\/wp-json\/wp\/v2\/users\/2"}],"replies":[{"embeddable":true,"href":"https:\/\/sgp.geodezja.org.pl\/en\/wp-json\/wp\/v2\/comments?post=845"}],"version-history":[{"count":0,"href":"https:\/\/sgp.geodezja.org.pl\/en\/wp-json\/wp\/v2\/posts\/845\/revisions"}],"wp:featuredmedia":[{"embeddable":true,"href":"https:\/\/sgp.geodezja.org.pl\/en\/wp-json\/wp\/v2\/media\/831"}],"wp:attachment":[{"href":"https:\/\/sgp.geodezja.org.pl\/en\/wp-json\/wp\/v2\/media?parent=845"}],"wp:term":[{"taxonomy":"category","embeddable":true,"href":"https:\/\/sgp.geodezja.org.pl\/en\/wp-json\/wp\/v2\/categories?post=845"},{"taxonomy":"post_tag","embeddable":true,"href":"https:\/\/sgp.geodezja.org.pl\/en\/wp-json\/wp\/v2\/tags?post=845"}],"curies":[{"name":"wp","href":"https:\/\/api.w.org\/{rel}","templated":true}]}}