{"id":847,"date":"2015-07-14T22:19:12","date_gmt":"2015-07-14T20:19:12","guid":{"rendered":"https:\/\/2.budowaniestron.pl\/xxi-miedzynarodowe-czesko-slowacko-polskie-dni-geodezji-sprawozdanie\/"},"modified":"2015-07-14T22:19:12","modified_gmt":"2015-07-14T20:19:12","slug":"xxi-miedzynarodowe-czesko-slowacko-polskie-dni-geodezji-sprawozdanie","status":"publish","type":"post","link":"https:\/\/sgp.geodezja.org.pl\/en\/xxi-miedzynarodowe-czesko-slowacko-polskie-dni-geodezji-sprawozdanie\/","title":{"rendered":"XXI Mi\u0119dzynarodowe Czesko-S\u0142owacko-Polskie Dni Geodezji \u2013 sprawozdanie"},"content":{"rendered":"<p style=\"text-align: justify;\">Wszystkich zainteresowanych zach\u0119camy do zapoznania si\u0119 z obszern\u0105 relacj\u0105 z XXI Mi\u0119dzynarodowych Czesko-S\u0142owacko-Polskich Dni Geodezji, kt\u00f3re odby\u0142y si\u0119 w dniach 14-16 maja 2015 roku, w miejscowo\u015bci Doln\u00ed Morava \u2013 Czechy, przygotowan\u0105 przez Koleg\u0119 Stanis\u0142awa Marcina Wili\u0144skiego.<\/p>\n<p>  <!--more-->  <\/p>\n<p style=\"text-align: justify;\">Wszystkich zainteresowanych zach\u0119camy do zapoznania si\u0119 z obszern\u0105 relacj\u0105 z XXI Mi\u0119dzynarodowych Czesko-S\u0142owacko-Polskich Dni Geodezji, kt\u00f3re odby\u0142y si\u0119 w dniach 14-16 maja 2015 roku, w miejscowo\u015bci Doln\u00ed Morava \u2013 Czechy, przygotowan\u0105 przez Koleg\u0119 Stanis\u0142awa Marcina Wili\u0144skiego.<\/p>\n<p style=\"text-align: justify;\">Z relacji dowiadujemy si\u0119, \u017ce XXII Mi\u0119dzynarodowe S\u0142owacko &#8211; Polsko &#8211; Czeskie Dni Geodezji odb\u0119d\u0105 si\u0119 w dniach od 12 do 14 maja 2016 roku, w Koszycach &#8211; S\u0142owacja, w hotelu Centrum.<\/p>\n<p style=\"text-align: justify;\">\u00a0<\/p>\n<p><span style=\"color: #008000;\"><a href=\"https:\/\/sgp.geodezja.org.pl\/wp-content\/uploads\/2015\/07\/21_Dni_Geodezji_2015_1.pdf\">XXI Mi\u0119dzynarodowe Czesko-S\u0142owacko-Polskie Dni Geodezji \u2013 sprawozdanie (pdf) &gt;&gt;&gt;<\/a><\/span><\/p>\n<p style=\"text-align: right;\">VK<\/p>","protected":false},"excerpt":{"rendered":"<p>Wszystkich zainteresowanych zach\u0119camy do zapoznania si\u0119 z obszern\u0105 relacj\u0105 z XXI Mi\u0119dzynarodowych Czesko-S\u0142owacko-Polskich Dni Geodezji, kt\u00f3re odby\u0142y si\u0119 w dniach 14-16 maja 2015 roku, w miejscowo\u015bci Doln\u00ed Morava \u2013 Czechy, przygotowan\u0105 przez Koleg\u0119 Stanis\u0142awa Marcina Wili\u0144skiego.<\/p>","protected":false},"author":2,"featured_media":0,"comment_status":"open","ping_status":"open","sticky":false,"template":"","format":"standard","meta":{"two_page_speed":[],"footnotes":""},"categories":[10],"tags":[],"class_list":["post-847","post","type-post","status-publish","format-standard","hentry","category-informacje"],"_links":{"self":[{"href":"https:\/\/sgp.geodezja.org.pl\/en\/wp-json\/wp\/v2\/posts\/847","targetHints":{"allow":["GET"]}}],"collection":[{"href":"https:\/\/sgp.geodezja.org.pl\/en\/wp-json\/wp\/v2\/posts"}],"about":[{"href":"https:\/\/sgp.geodezja.org.pl\/en\/wp-json\/wp\/v2\/types\/post"}],"author":[{"embeddable":true,"href":"https:\/\/sgp.geodezja.org.pl\/en\/wp-json\/wp\/v2\/users\/2"}],"replies":[{"embeddable":true,"href":"https:\/\/sgp.geodezja.org.pl\/en\/wp-json\/wp\/v2\/comments?post=847"}],"version-history":[{"count":0,"href":"https:\/\/sgp.geodezja.org.pl\/en\/wp-json\/wp\/v2\/posts\/847\/revisions"}],"wp:attachment":[{"href":"https:\/\/sgp.geodezja.org.pl\/en\/wp-json\/wp\/v2\/media?parent=847"}],"wp:term":[{"taxonomy":"category","embeddable":true,"href":"https:\/\/sgp.geodezja.org.pl\/en\/wp-json\/wp\/v2\/categories?post=847"},{"taxonomy":"post_tag","embeddable":true,"href":"https:\/\/sgp.geodezja.org.pl\/en\/wp-json\/wp\/v2\/tags?post=847"}],"curies":[{"name":"wp","href":"https:\/\/api.w.org\/{rel}","templated":true}]}}