{"id":861,"date":"2015-08-05T10:12:33","date_gmt":"2015-08-05T08:12:33","guid":{"rendered":"https:\/\/2.budowaniestron.pl\/pozegnanie-kolegi-tobiasza-dobrskiego\/"},"modified":"2015-08-05T10:12:33","modified_gmt":"2015-08-05T08:12:33","slug":"pozegnanie-kolegi-tobiasza-dobrskiego","status":"publish","type":"post","link":"https:\/\/sgp.geodezja.org.pl\/en\/pozegnanie-kolegi-tobiasza-dobrskiego\/","title":{"rendered":"Po\u017cegnanie Kolegi Tobiasza Dobrskiego"},"content":{"rendered":"<p style=\"text-align: justify;\">Z g\u0142\u0119bokim smutkiem przyj\u0119li\u015bmy wiadomo\u015b\u0107, \u017ce <strong>zmar\u0142 nasz drogi Kolega \u015a.P. Tobiasz Dobrski. <\/strong>Geodeta ceniony i szanowany nie tylko w \u0142\u00f3dzkim \u015brodowisku geodezyjnym. Wieloletni przewodnicz\u0105cy i wiceprzewodnicz\u0105cy Zarz\u0105du Oddzia\u0142u Stowarzyszenia Geodet\u00f3w Polskich w \u0141odzi, przewodnicz\u0105cy S\u0105du Kole\u017ce\u0144skiego, delegat do Rady Wojew\u00f3dzkiej NOT, rzeczoznawca maj\u0105tkowy, za\u0142o\u017cyciel pierwszej prywatnej firmy geodezyjnej w \u0141odzi.<\/p>\n<p>  <!--more-->  <\/p>\n<p style=\"text-align: center;\"><img loading=\"lazy\" decoding=\"async\" class=\"size-full wp-image-859\" src=\"https:\/\/sgp.geodezja.org.pl\/wp-content\/uploads\/2015\/08\/Dobrski_Tobiasz_2.jpg\" alt=\"\" width=\"165\" height=\"200\" srcset=\"https:\/\/sgp.geodezja.org.pl\/wp-content\/uploads\/2015\/08\/Dobrski_Tobiasz_2.jpg 565w, https:\/\/sgp.geodezja.org.pl\/wp-content\/uploads\/2015\/08\/Dobrski_Tobiasz_2-247x300.jpg 247w, https:\/\/sgp.geodezja.org.pl\/wp-content\/uploads\/2015\/08\/Dobrski_Tobiasz_2-49x60.jpg 49w\" sizes=\"auto, (max-width: 165px) 100vw, 165px\" \/><\/p>\n<p style=\"text-align: justify;\">Z g\u0142\u0119bokim smutkiem przyj\u0119li\u015bmy wiadomo\u015b\u0107, \u017ce <strong>zmar\u0142 nasz drogi Kolega \u015a.P. Tobiasz Dobrski. <\/strong>Geodeta ceniony i szanowany nie tylko w \u0142\u00f3dzkim \u015brodowisku geodezyjnym. Wieloletni przewodnicz\u0105cy i wiceprzewodnicz\u0105cy Zarz\u0105du Oddzia\u0142u Stowarzyszenia Geodet\u00f3w Polskich w \u0141odzi, przewodnicz\u0105cy S\u0105du Kole\u017ce\u0144skiego, delegat do Rady Wojew\u00f3dzkiej NOT, rzeczoznawca maj\u0105tkowy, za\u0142o\u017cyciel pierwszej prywatnej firmy geodezyjnej w \u0141odzi. Nagradzany za prac\u0119 zawodow\u0105 i spo\u0142eczn\u0105 odznaczeniami pa\u0144stwowymi, resortowymi i stowarzyszeniowymi, w tym odznak\u0105 za Zas\u0142ugi dla Geodezji i Kartografii.<\/p>\n<p><strong>Pogrzeb odb\u0119dzie si\u0119 7 sierpnia 2015 r. (pi\u0105tek) o godz. 12.00 na cmentarzu pod wezwaniem \u015bw. Antoniego (Mania) ul. Solec 11 w \u0141odzi.<\/strong><\/p>\n<p><strong><img loading=\"lazy\" decoding=\"async\" class=\"size-full wp-image-860\" style=\"margin-right: auto; margin-left: auto; display: block;\" src=\"https:\/\/sgp.geodezja.org.pl\/wp-content\/uploads\/2015\/08\/Dobrski_Tobiasz_nekrolog.jpg\" alt=\"\" width=\"600\" height=\"399\" srcset=\"https:\/\/sgp.geodezja.org.pl\/wp-content\/uploads\/2015\/08\/Dobrski_Tobiasz_nekrolog.jpg 600w, https:\/\/sgp.geodezja.org.pl\/wp-content\/uploads\/2015\/08\/Dobrski_Tobiasz_nekrolog-300x200.jpg 300w\" sizes=\"auto, (max-width: 600px) 100vw, 600px\" \/><\/strong><\/p>\n<p style=\"text-align: center;\">Wyrazy serdecznego wsp\u00f3\u0142czucia Rodzinie i Bliskim Zmar\u0142ego sk\u0142adaj\u0105 Kole\u017canki i Koledzy ze Stowarzyszenia Geodet\u00f3w Polskich.<\/p>\n<p style=\"text-align: right;\">VK\u00a0<\/p>\n<p>\u00a0<\/p>\n<p>\u00a0<\/p>","protected":false},"excerpt":{"rendered":"<p>Z g\u0142\u0119bokim smutkiem przyj\u0119li\u015bmy wiadomo\u015b\u0107, \u017ce zmar\u0142 nasz drogi Kolega \u015a.P. Tobiasz Dobrski. Geodeta ceniony i szanowany nie tylko w \u0142\u00f3dzkim \u015brodowisku geodezyjnym. Wieloletni przewodnicz\u0105cy i wiceprzewodnicz\u0105cy Zarz\u0105du Oddzia\u0142u Stowarzyszenia Geodet\u00f3w Polskich w \u0141odzi, przewodnicz\u0105cy S\u0105du Kole\u017ce\u0144skiego, delegat do Rady Wojew\u00f3dzkiej NOT, rzeczoznawca maj\u0105tkowy, za\u0142o\u017cyciel pierwszej prywatnej firmy geodezyjnej w \u0141odzi.<\/p>","protected":false},"author":2,"featured_media":859,"comment_status":"open","ping_status":"open","sticky":false,"template":"","format":"standard","meta":{"two_page_speed":[],"footnotes":""},"categories":[10],"tags":[],"class_list":["post-861","post","type-post","status-publish","format-standard","has-post-thumbnail","hentry","category-informacje"],"_links":{"self":[{"href":"https:\/\/sgp.geodezja.org.pl\/en\/wp-json\/wp\/v2\/posts\/861","targetHints":{"allow":["GET"]}}],"collection":[{"href":"https:\/\/sgp.geodezja.org.pl\/en\/wp-json\/wp\/v2\/posts"}],"about":[{"href":"https:\/\/sgp.geodezja.org.pl\/en\/wp-json\/wp\/v2\/types\/post"}],"author":[{"embeddable":true,"href":"https:\/\/sgp.geodezja.org.pl\/en\/wp-json\/wp\/v2\/users\/2"}],"replies":[{"embeddable":true,"href":"https:\/\/sgp.geodezja.org.pl\/en\/wp-json\/wp\/v2\/comments?post=861"}],"version-history":[{"count":0,"href":"https:\/\/sgp.geodezja.org.pl\/en\/wp-json\/wp\/v2\/posts\/861\/revisions"}],"wp:featuredmedia":[{"embeddable":true,"href":"https:\/\/sgp.geodezja.org.pl\/en\/wp-json\/wp\/v2\/media\/859"}],"wp:attachment":[{"href":"https:\/\/sgp.geodezja.org.pl\/en\/wp-json\/wp\/v2\/media?parent=861"}],"wp:term":[{"taxonomy":"category","embeddable":true,"href":"https:\/\/sgp.geodezja.org.pl\/en\/wp-json\/wp\/v2\/categories?post=861"},{"taxonomy":"post_tag","embeddable":true,"href":"https:\/\/sgp.geodezja.org.pl\/en\/wp-json\/wp\/v2\/tags?post=861"}],"curies":[{"name":"wp","href":"https:\/\/api.w.org\/{rel}","templated":true}]}}