{"id":872,"date":"2015-08-19T15:14:18","date_gmt":"2015-08-19T13:14:18","guid":{"rendered":"https:\/\/2.budowaniestron.pl\/jubileusz-osiemdziesieciolecia-kolegi-boleslawa-cieszynskiego\/"},"modified":"2015-08-19T15:14:18","modified_gmt":"2015-08-19T13:14:18","slug":"jubileusz-osiemdziesieciolecia-kolegi-boleslawa-cieszynskiego","status":"publish","type":"post","link":"https:\/\/sgp.geodezja.org.pl\/en\/jubileusz-osiemdziesieciolecia-kolegi-boleslawa-cieszynskiego\/","title":{"rendered":"Jubileusz osiemdziesi\u0119ciolecia Kolegi Boles\u0142awa Cieszy\u0144skiego"},"content":{"rendered":"<p style=\"text-align: justify;\">Zarz\u0105d Oddzia\u0142u Stowarzyszenia Geodet\u00f3w Polskich w Toruniu zwo\u0142a\u0142 na dzie\u0144 11 sierpnia 2015 roku nadzwyczajne, uroczyste zebranie, kt\u00f3rego powodem i celem by\u0142o \u015bwi\u0119towanie osiemdziesi\u0105tych urodzin prezesa Boles\u0142awa Cieszy\u0144skiego. W\u015br\u00f3d najbli\u017cszych Mu byli cz\u0142onkowie toru\u0144skiego oddzia\u0142u, przyjaciele Jubilata i zaproszeni go\u015bcie, reprezentuj\u0105cy bydgoskich i w\u0142oc\u0142awskich cz\u0142onk\u00f3w Stowarzyszenia.<\/p>\n<p>  <!--more-->  <\/p>\n<p style=\"text-align: justify;\">Zarz\u0105d Oddzia\u0142u Stowarzyszenia Geodet\u00f3w Polskich w Toruniu zwo\u0142a\u0142 na dzie\u0144 11 sierpnia 2015 roku nadzwyczajne, uroczyste zebranie, kt\u00f3rego powodem i celem by\u0142o \u015bwi\u0119towanie osiemdziesi\u0105tych urodzin prezesa Boles\u0142awa Cieszy\u0144skiego. W\u015br\u00f3d najbli\u017cszych Mu byli cz\u0142onkowie toru\u0144skiego oddzia\u0142u, przyjaciele Jubilata i zaproszeni go\u015bcie, reprezentuj\u0105cy bydgoskich i w\u0142oc\u0142awskich cz\u0142onk\u00f3w Stowarzyszenia.<\/p>\n<p style=\"text-align: center;\"><img loading=\"lazy\" decoding=\"async\" class=\"size-full wp-image-504\" style=\"margin-right: auto; margin-left: auto; display: block;\" src=\"https:\/\/sgp.geodezja.org.pl\/wp-content\/uploads\/2014\/10\/1.jpg\" alt=\"\" width=\"200\" height=\"112\" \/><\/p>\n<p style=\"text-align: center;\">Pochwa\u0142\u0119 Boles\u0142awa Cieszy\u0144skiego wyg\u0142asza Wojciech Bukwalt, w g\u0142\u0119bi Irena, Robert, Ryszard Cieszy\u0144scy, Ryszard Krzy\u017canowski, \u0141ucja Makowska<\/p>\n<p style=\"text-align: justify;\">Spotkanie odby\u0142o si\u0119 w przytulnych pomieszczeniach restauracji \u201ePanorama\u201d, a w podnios\u0142y nastr\u00f3j obecnych wprowadzi\u0142a muzyka duetu instrumentalnego, z wiod\u0105cymi skrzypcami. Muzyka, jak podkre\u015blali organizatorzy, kt\u00f3r\u0105 szczeg\u00f3lnie pokocha\u0142 Szanowny Jubilat, towarzyszy\u0142a spotkaniu.<\/p>\n<p style=\"text-align: center;\"><img loading=\"lazy\" decoding=\"async\" class=\"size-full wp-image-505\" style=\"margin-right: auto; margin-left: auto; display: block;\" src=\"https:\/\/sgp.geodezja.org.pl\/wp-content\/uploads\/2014\/10\/2.jpg\" alt=\"\" width=\"200\" height=\"144\" \/><\/p>\n<p style=\"text-align: center;\">Od prawej Boles\u0142aw Cieszy\u0144ski, Wojciech Bukwalt, Urszula Runowska<\/p>\n<p style=\"text-align: center;\"><img loading=\"lazy\" decoding=\"async\" class=\"size-full wp-image-353\" src=\"https:\/\/sgp.geodezja.org.pl\/wp-content\/uploads\/2014\/04\/3.jpg\" alt=\"\" width=\"200\" height=\"151\" \/><\/p>\n<p style=\"text-align: center;\">\u00a0Urszula Runowska i urodzinowe r\u00f3\u017ce dla Boles\u0142awa Cieszy\u0144skiego<\/p>\n<p>Uroczysto\u015bci rozpocz\u0119\u0142y, sk\u0142adane przez Wojciecha Bukwalta, gratulacje i \u017cyczenia zawarte w adresie okoliczno\u015bciowym, w kt\u00f3rym przywo\u0142uje si\u0119 najbardziej znacz\u0105ce dokonania i zas\u0142ugi w \u017cyciu Jubilata.<\/p>\n<p><em>\u201e<strong>Wielce Szanowny Jubilacie!<\/strong><\/em><\/p>\n<p><em>W dniu osiemdziesi\u0105tych urodzin sk\u0142adamy Panu Prezesowi \u017cyczenia samych radosnych chwil, w dobrym zdrowiu, wiele jeszcze dokona\u0144 na niwie geodezyjnej oraz szcz\u0119\u015bliwych dni w \u017cyciu osobistym i rodzinnym\u201d. Po\u015br\u00f3d dokona\u0144 wymieniono, mi\u0119dzy innymi: \u201ekierowanie zak\u0142adaniem ewidencji grunt\u00f3w i budynk\u00f3w, cz\u0142onkostwo w komisji egzaminacyjnej na uprawnienia zawodowe, wyst\u0119powanie w roli bieg\u0142ego s\u0105dowego w dziedzinie geodezji i kartografii. Uzyska\u0142 Pan uprawnienia zawodowe w licznych zakresach. Opr\u00f3cz tej rozleg\u0142ej pracy i zauwa\u017calnych dokona\u0144, umiej\u0119tnie \u0142\u0105czy Pan dzia\u0142alno\u015b\u0107 zawodow\u0105 z dzia\u0142alno\u015bci\u0105 spo\u0142eczn\u0105 w Stowarzyszeniu Geodet\u00f3w Polskich, kieruj\u0105c sprawnie prac\u0105 Oddzia\u0142u z po\u017cytkiem i ku zadowoleniu wszystkich cz\u0142onki\u0144 i cz\u0142onk\u00f3w. Z pewn\u0105 doz\u0105 zazdro\u015bci zauwa\u017camy wytrwa\u0142e kibicowanie zmaganiom dru\u017cyn \u017cu\u017clowych na poziomie krajowym i mi\u0119dzynarodowym.<\/em><\/p>\n<p><em>Ka\u017cde z wymienionych dzia\u0142a\u0144 i zainteresowa\u0144 jest postrzegane w naszym \u015brodowisku zawodowym jako przyk\u0142ad bycia geodet\u0105, pozwalaj\u0105cy nam my\u015ble\u0107 pozytywnie w codziennym \u017cyciu\u201d.<\/em><\/p>\n<p style=\"text-align: center;\"><em><img loading=\"lazy\" decoding=\"async\" class=\"size-full wp-image-870\" style=\"margin-right: auto; margin-left: auto; display: block;\" src=\"https:\/\/sgp.geodezja.org.pl\/wp-content\/uploads\/2015\/08\/4.jpg\" alt=\"\" width=\"200\" height=\"147\" srcset=\"https:\/\/sgp.geodezja.org.pl\/wp-content\/uploads\/2015\/08\/4.jpg 1364w, https:\/\/sgp.geodezja.org.pl\/wp-content\/uploads\/2015\/08\/4-800x587.jpg 800w, https:\/\/sgp.geodezja.org.pl\/wp-content\/uploads\/2015\/08\/4-300x220.jpg 300w, https:\/\/sgp.geodezja.org.pl\/wp-content\/uploads\/2015\/08\/4-1024x751.jpg 1024w, https:\/\/sgp.geodezja.org.pl\/wp-content\/uploads\/2015\/08\/4-768x563.jpg 768w\" sizes=\"auto, (max-width: 200px) 100vw, 200px\" \/><\/em><\/p>\n<p style=\"text-align: center;\">Jubilatowi \u017cyczenia i upominek od bydgoskich geodet\u00f3w przekazuje Boles\u0142awa Krystowczyka<\/p>\n<p style=\"text-align: center;\"><img loading=\"lazy\" decoding=\"async\" class=\"size-full wp-image-352\" src=\"https:\/\/sgp.geodezja.org.pl\/wp-content\/uploads\/2014\/04\/5.jpg\" alt=\"\" width=\"200\" height=\"125\" \/><\/p>\n<p style=\"text-align: center;\">Boles\u0142aw Cieszy\u0144ski z \u201emarynarskim\u201d upominkiem, obok Boles\u0142aw Krystowczyk<\/p>\n<p style=\"text-align: justify;\">Podnios\u0142e s\u0142owa zawarte w adresie potwierdza\u0142y r\u00f3\u017ce herbaciane w ogromnym bukiecie wr\u0119czonym Jubilatowi przez Urszul\u0119 Runowsk\u0105 i moc poca\u0142unk\u00f3w i u\u015bcisk\u00f3w serdecznych, jakimi obdarowano Go. Gratulacje i \u017cyczenia w imieniu bydgoskich i w\u0142oc\u0142awskich geodet\u00f3w sk\u0142adali, Boles\u0142aw Krystowczyk, Henryk Siuda i Stanis\u0142aw Marcin Wili\u0144ski w takich s\u0142owach zawartych w uroczystym adresie:<\/p>\n<p style=\"text-align: justify;\"><em>\u201eStowarzyszenie Geodet\u00f3w Polskich w Bydgoszczy Szanownemu Koledze <strong>Boles\u0142awowi Cieszy\u0144skiemu<\/strong> z okazji 80-tej rocznicy urodzin sk\u0142ada serdeczne \u017cyczenia zdrowia, pogody ducha i wszelkiej pomy\u015blno\u015bci w \u017cyciu osobistym. Serdecznie dzi\u0119kujemy za wiele lat harmonijnej wsp\u00f3\u0142pracy dla dobra Stowarzyszenia Geodet\u00f3w Polskich na Pomorzu i Kujawach i geodet\u00f3w naszego wojew\u00f3dztwa. Drogi Boles\u0142awie \u017cyczymy, aby nadchodz\u0105ce dni i lata Twojego \u017cycia obfitowa\u0142y w dzie\u0142a owocuj\u0105ce pi\u0119knem i dobrem, kt\u00f3re b\u0119dzie uszcz\u0119\u015bliwia\u0107 Ciebie i Tobie najbli\u017cszych, a tak\u017ce b\u0119d\u0105 wzmacnia\u0107 nasz\u0105 Organizacj\u0119 Twoimi radami i przychylno\u015bci\u0105 dla jej rozwoju\u201d.<\/em><\/p>\n<p style=\"text-align: justify;\">Upominkiem wr\u0119czonym Jubilatowi by\u0142 kordzik oficera marynarki wojennej, co pozwoli przypomina\u0107 Mu lata s\u0142u\u017cby wojskowej, sp\u0119dzone w szeregach marynarki, zako\u0144czone w stopniu bosmanmata.<\/p>\n<p style=\"text-align: justify;\">\u00a0<\/p>\n<p style=\"text-align: left;\"><a href=\"https:\/\/sgp.geodezja.org.pl\/wp-content\/uploads\/2015\/08\/Boleslaw_Cieszynski_80.pdf\">Pe\u0142na relacja z uroczysto\u015bci (pdf) &gt;&gt;&gt;<\/a><\/p>\n<p style=\"text-align: left;\">Tekst i zdj\u0119cia Stanis\u0142aw Marcin Wili\u0144ski<\/p>\n<p style=\"text-align: right;\">VK<\/p>\n<p style=\"text-align: center;\">\u00a0<\/p>","protected":false},"excerpt":{"rendered":"<p>Zarz\u0105d Oddzia\u0142u Stowarzyszenia Geodet\u00f3w Polskich w Toruniu zwo\u0142a\u0142 na dzie\u0144 11 sierpnia 2015 roku nadzwyczajne, uroczyste zebranie, kt\u00f3rego powodem i celem by\u0142o \u015bwi\u0119towanie osiemdziesi\u0105tych urodzin prezesa Boles\u0142awa Cieszy\u0144skiego. W\u015br\u00f3d najbli\u017cszych Mu byli cz\u0142onkowie toru\u0144skiego oddzia\u0142u, przyjaciele Jubilata i zaproszeni go\u015bcie, reprezentuj\u0105cy bydgoskich i w\u0142oc\u0142awskich cz\u0142onk\u00f3w Stowarzyszenia.<\/p>","protected":false},"author":2,"featured_media":504,"comment_status":"open","ping_status":"open","sticky":false,"template":"","format":"standard","meta":{"two_page_speed":[],"footnotes":""},"categories":[10],"tags":[],"class_list":["post-872","post","type-post","status-publish","format-standard","has-post-thumbnail","hentry","category-informacje"],"_links":{"self":[{"href":"https:\/\/sgp.geodezja.org.pl\/en\/wp-json\/wp\/v2\/posts\/872","targetHints":{"allow":["GET"]}}],"collection":[{"href":"https:\/\/sgp.geodezja.org.pl\/en\/wp-json\/wp\/v2\/posts"}],"about":[{"href":"https:\/\/sgp.geodezja.org.pl\/en\/wp-json\/wp\/v2\/types\/post"}],"author":[{"embeddable":true,"href":"https:\/\/sgp.geodezja.org.pl\/en\/wp-json\/wp\/v2\/users\/2"}],"replies":[{"embeddable":true,"href":"https:\/\/sgp.geodezja.org.pl\/en\/wp-json\/wp\/v2\/comments?post=872"}],"version-history":[{"count":0,"href":"https:\/\/sgp.geodezja.org.pl\/en\/wp-json\/wp\/v2\/posts\/872\/revisions"}],"wp:featuredmedia":[{"embeddable":true,"href":"https:\/\/sgp.geodezja.org.pl\/en\/wp-json\/wp\/v2\/media\/504"}],"wp:attachment":[{"href":"https:\/\/sgp.geodezja.org.pl\/en\/wp-json\/wp\/v2\/media?parent=872"}],"wp:term":[{"taxonomy":"category","embeddable":true,"href":"https:\/\/sgp.geodezja.org.pl\/en\/wp-json\/wp\/v2\/categories?post=872"},{"taxonomy":"post_tag","embeddable":true,"href":"https:\/\/sgp.geodezja.org.pl\/en\/wp-json\/wp\/v2\/tags?post=872"}],"curies":[{"name":"wp","href":"https:\/\/api.w.org\/{rel}","templated":true}]}}