{"id":893,"date":"2015-09-03T12:13:47","date_gmt":"2015-09-03T10:13:47","guid":{"rendered":"https:\/\/2.budowaniestron.pl\/kurs-przygotowawczy-do-egzaminu-panstwowego-na-uprawnienia-zawodowe-w-dziedzinie-geodezji-i-kartografii-w-zakresach-1-2-4-5-olsztyn-pazdziernik-2015-r\/"},"modified":"2015-09-03T12:13:47","modified_gmt":"2015-09-03T10:13:47","slug":"kurs-przygotowawczy-do-egzaminu-panstwowego-na-uprawnienia-zawodowe-w-dziedzinie-geodezji-i-kartografii-w-zakresach-1-2-4-5-olsztyn-pazdziernik-2015-r","status":"publish","type":"post","link":"https:\/\/sgp.geodezja.org.pl\/en\/kurs-przygotowawczy-do-egzaminu-panstwowego-na-uprawnienia-zawodowe-w-dziedzinie-geodezji-i-kartografii-w-zakresach-1-2-4-5-olsztyn-pazdziernik-2015-r\/","title":{"rendered":"Kurs przygotowawczy do egzaminu pa\u0144stwowego na uprawnienia zawodowe w dziedzinie geodezji i kartografii w zakresach: 1, 2, 4, 5 \u2013 Olsztyn, pa\u017adziernik 2015 r."},"content":{"rendered":"<p style=\"text-align: justify;\">Stowarzyszenie Geodet\u00f3w Polskich Oddzia\u0142 w Olsztynie wraz z Zespo\u0142em Rzeczoznawc\u00f3w Zarz\u0105du G\u0142\u00f3wnego zamierza zorganizowa\u0107 w pa\u017adzierniku 2015 roku kurs przygotowawczy do egzaminu pa\u0144stwowego na uprawnienia zawodowe w dziedzinie geodezji i kartografii z zakres\u00f3w: 1, 2, 4, 5 .<\/p>\n<p>  <!--more-->  <\/p>\n<p>Stowarzyszenie Geodet\u00f3w Polskich Oddzia\u0142 w Olsztynie wraz z Zespo\u0142em Rzeczoznawc\u00f3w Zarz\u0105du G\u0142\u00f3wnego zamierza zorganizowa\u0107 w pa\u017adzierniku 2015 roku kurs przygotowawczy do egzaminu pa\u0144stwowego na uprawnienia zawodowe w dziedzinie geodezji i kartografii z zakres\u00f3w: 1, 2, 4, 5 .<\/p>\n<p>Kole\u017canki i Koledzy geodeci chc\u0105cy wzi\u0105\u0107 udzia\u0142 w kursie proszeni s\u0105 o przes\u0142anie formularza zg\u0142oszenia drog\u0105 mailow\u0105 do Prezesa ZO SGP mgr in\u017c. Marioli Gilskiej na adres <a href=\"mailto:gilska@wp.pl\">gilska@wp.pl<\/a> w terminie do 15.09.2015 r .Przewidywany koszt kursu 1000 z\u0142.<\/p>\n<p>\u00a0<\/p>\n<p><span style=\"color: #008000;\"><a href=\"https:\/\/sgp.geodezja.org.pl\/wp-content\/uploads\/2015\/09\/Ankieta_kurs.pdf\">Ankieta kursu (pdf) &gt;&gt;&gt;<\/a><\/span><\/p>\n<p><span style=\"color: #008000;\"><a href=\"https:\/\/sgp.geodezja.org.pl\/wp-content\/uploads\/2015\/09\/Informacja_kurs.pdf\">Informacja o kursie (pdf) &gt;&gt;&gt;<\/a><\/span><\/p>\n<p style=\"text-align: right;\">M.B.<\/p>","protected":false},"excerpt":{"rendered":"<p>Stowarzyszenie Geodet\u00f3w Polskich Oddzia\u0142 w Olsztynie wraz z Zespo\u0142em Rzeczoznawc\u00f3w Zarz\u0105du G\u0142\u00f3wnego zamierza zorganizowa\u0107 w pa\u017adzierniku 2015 roku kurs przygotowawczy do egzaminu pa\u0144stwowego na uprawnienia zawodowe w dziedzinie geodezji i kartografii z zakres\u00f3w: 1, 2, 4, 5 .<\/p>","protected":false},"author":2,"featured_media":0,"comment_status":"open","ping_status":"open","sticky":false,"template":"","format":"standard","meta":{"two_page_speed":[],"footnotes":""},"categories":[10],"tags":[],"class_list":["post-893","post","type-post","status-publish","format-standard","hentry","category-informacje"],"_links":{"self":[{"href":"https:\/\/sgp.geodezja.org.pl\/en\/wp-json\/wp\/v2\/posts\/893","targetHints":{"allow":["GET"]}}],"collection":[{"href":"https:\/\/sgp.geodezja.org.pl\/en\/wp-json\/wp\/v2\/posts"}],"about":[{"href":"https:\/\/sgp.geodezja.org.pl\/en\/wp-json\/wp\/v2\/types\/post"}],"author":[{"embeddable":true,"href":"https:\/\/sgp.geodezja.org.pl\/en\/wp-json\/wp\/v2\/users\/2"}],"replies":[{"embeddable":true,"href":"https:\/\/sgp.geodezja.org.pl\/en\/wp-json\/wp\/v2\/comments?post=893"}],"version-history":[{"count":0,"href":"https:\/\/sgp.geodezja.org.pl\/en\/wp-json\/wp\/v2\/posts\/893\/revisions"}],"wp:attachment":[{"href":"https:\/\/sgp.geodezja.org.pl\/en\/wp-json\/wp\/v2\/media?parent=893"}],"wp:term":[{"taxonomy":"category","embeddable":true,"href":"https:\/\/sgp.geodezja.org.pl\/en\/wp-json\/wp\/v2\/categories?post=893"},{"taxonomy":"post_tag","embeddable":true,"href":"https:\/\/sgp.geodezja.org.pl\/en\/wp-json\/wp\/v2\/tags?post=893"}],"curies":[{"name":"wp","href":"https:\/\/api.w.org\/{rel}","templated":true}]}}