{"id":898,"date":"2015-09-09T10:24:44","date_gmt":"2015-09-09T08:24:44","guid":{"rendered":"https:\/\/2.budowaniestron.pl\/viii-ogolnopolskie-sympozjum-geoinformacyjne-komunikat-nr-4\/"},"modified":"2015-09-09T10:24:44","modified_gmt":"2015-09-09T08:24:44","slug":"viii-ogolnopolskie-sympozjum-geoinformacyjne-komunikat-nr-4","status":"publish","type":"post","link":"https:\/\/sgp.geodezja.org.pl\/en\/viii-ogolnopolskie-sympozjum-geoinformacyjne-komunikat-nr-4\/","title":{"rendered":"VIII Og\u00f3lnopolskie Sympozjum Geoinformacyjne &#8211; komunikat nr 4"},"content":{"rendered":"<p style=\"text-align: justify;\">Znany jest ju\u017c ostateczny program VIII Og\u00f3lnopolskiego Sympozjum Geoinformacyjnego.<\/p>\n<p>  <!--more-->  <\/p>\n<p style=\"text-align: justify;\">\u00a0<\/p>\n<p style=\"text-align: justify;\">Znany jest ju\u017c ostateczny program VIII Og\u00f3lnopolskiego Sympozjum Geoinformacyjnego. Tematyka prezentowanych wyst\u0105pie\u0144 dotyczy\u0107 b\u0119dzie roli fotogrametrii i teledetekcji\u00a0 w systemach informacji przestrzennej, wsp\u00f3\u0142czesnych technologii fotogrametrycznych, technicznych aspekt\u00f3w przetwarzania danych geoprzestrzennych, a tak\u017ce ich wykorzystania w wielu dziedzinach gospodarki. W wydarzeniu tym bierze udzia\u0142 ponad 100 uczestnik\u00f3w. Konferencja ta po\u0142\u0105czona jest r\u00f3wnie\u017c z uroczysto\u015bciami 85-lecia Polskiego Towarzystwa Fotogrametrii i Teledetekcji, w czasie kt\u00f3rych na Wydziale Geodezji i Kartografii ods\u0142oni\u0119ta zostanie tablica po\u015bwi\u0119cona pami\u0119ci profesora Mariana Brunona Piaseckiego.<\/p>\n<p>Zapraszamy do zapoznania si\u0119 z Programem konferencji oraz informacj\u0105 o niej. Przypominamy r\u00f3wnie\u017c, \u017ce nadal istnieje mo\u017cliwo\u015b\u0107 rejestracji i uczestnictwa w tej najwi\u0119kszej w tym roku konferencji mi\u0119dzystowarzyszeniowej gromadzacej specjalist\u00f3w z zakresu fotogrametrii, teledetekcji, kartografii, geoinformatyki, system\u00f3w informacji przestrzennej, gospodarki przestrzennej &#8211; przedstawicieli \u015brodowiska akademickiego, wielu przedsi\u0119biorc\u00f3w, a tak\u017ce pracownik\u00f3w administracji publicznej.<\/p>\n<p>Welcome<\/p>\n<p>\u00a0<\/p>\n<p><a href=\"https:\/\/sgp.geodezja.org.pl\/wp-content\/uploads\/2015\/09\/150917k4.pdf\" rel=\"alternate\">Komunikat nr 4 &gt;&gt;&gt;<\/a><\/p>\n<p><a href=\"https:\/\/sgp.geodezja.org.pl\/wp-content\/uploads\/2015\/09\/150917p1.pdf\" rel=\"alternate\">Program &gt;&gt;&gt;<\/a><\/p>\n<p>\u00a0<\/p>\n<p>R\u0141<\/p>","protected":false},"excerpt":{"rendered":"<p>Znany jest ju\u017c ostateczny program VIII Og\u00f3lnopolskiego Sympozjum Geoinformacyjnego.<\/p>","protected":false},"author":2,"featured_media":0,"comment_status":"open","ping_status":"open","sticky":false,"template":"","format":"standard","meta":{"two_page_speed":[],"footnotes":""},"categories":[10],"tags":[],"class_list":["post-898","post","type-post","status-publish","format-standard","hentry","category-informacje"],"_links":{"self":[{"href":"https:\/\/sgp.geodezja.org.pl\/en\/wp-json\/wp\/v2\/posts\/898","targetHints":{"allow":["GET"]}}],"collection":[{"href":"https:\/\/sgp.geodezja.org.pl\/en\/wp-json\/wp\/v2\/posts"}],"about":[{"href":"https:\/\/sgp.geodezja.org.pl\/en\/wp-json\/wp\/v2\/types\/post"}],"author":[{"embeddable":true,"href":"https:\/\/sgp.geodezja.org.pl\/en\/wp-json\/wp\/v2\/users\/2"}],"replies":[{"embeddable":true,"href":"https:\/\/sgp.geodezja.org.pl\/en\/wp-json\/wp\/v2\/comments?post=898"}],"version-history":[{"count":0,"href":"https:\/\/sgp.geodezja.org.pl\/en\/wp-json\/wp\/v2\/posts\/898\/revisions"}],"wp:attachment":[{"href":"https:\/\/sgp.geodezja.org.pl\/en\/wp-json\/wp\/v2\/media?parent=898"}],"wp:term":[{"taxonomy":"category","embeddable":true,"href":"https:\/\/sgp.geodezja.org.pl\/en\/wp-json\/wp\/v2\/categories?post=898"},{"taxonomy":"post_tag","embeddable":true,"href":"https:\/\/sgp.geodezja.org.pl\/en\/wp-json\/wp\/v2\/tags?post=898"}],"curies":[{"name":"wp","href":"https:\/\/api.w.org\/{rel}","templated":true}]}}