{"id":912,"date":"2015-09-11T12:20:32","date_gmt":"2015-09-11T10:20:32","guid":{"rendered":"https:\/\/2.budowaniestron.pl\/70-lecie-instytutu-geodezji-i-kartografii\/"},"modified":"2015-09-11T12:20:32","modified_gmt":"2015-09-11T10:20:32","slug":"70-lecie-instytutu-geodezji-i-kartografii","status":"publish","type":"post","link":"https:\/\/sgp.geodezja.org.pl\/en\/70-lecie-instytutu-geodezji-i-kartografii\/","title":{"rendered":"70-lecie Instytutu Geodezji i Kartografii"},"content":{"rendered":"<p style=\"text-align: justify;\">Dnia 10 wrze\u015bnia 2015 r., w Pa\u0142acu Staszica w Warszawie odby\u0142y si\u0119 obchody Jubileuszu 70-lecia Instytutu Geodezji i Kartografii. Opr\u00f3cz szeroko reprezentowanego \u015brodowiska naukowego, swoj\u0105 obecno\u015bci\u0105 w Jubileuszu udzia\u0142 zaznaczy\u0142 G\u0142\u00f3wny Geodeta Kraju Pan Kazimierz Bujakowski. Ze strony SGP uczestniczy\u0142 Prezes Stowarzyszenia Geodet\u00f3w Polskich Stanis\u0142aw Cegielski oraz Redaktor Naczelny Przegl\u0105du Geodezyjnego Ludmi\u0142a Pietrzak.<\/p>\n<p>  <!--more-->  <\/p>\n<p style=\"text-align: justify;\">Dnia 10 wrze\u015bnia 2015 r., w Pa\u0142acu Staszica w Warszawie odby\u0142y si\u0119 obchody Jubileuszu 70-lecia Instytutu Geodezji i Kartografii. Opr\u00f3cz szeroko reprezentowanego \u015brodowiska naukowego, swoj\u0105 obecno\u015bci\u0105 w Jubileuszu udzia\u0142 zaznaczy\u0142 G\u0142\u00f3wny Geodeta Kraju Pan Kazimierz Bujakowski. Ze strony SGP uczestniczy\u0142 Prezes Stowarzyszenia Geodet\u00f3w Polskich Stanis\u0142aw Cegielski oraz Redaktor Naczelny Przegl\u0105du Geodezyjnego Ludmi\u0142a Pietrzak.<\/p>\n<p><img loading=\"lazy\" decoding=\"async\" class=\"size-full wp-image-903\" style=\"margin-right: auto; margin-left: auto; display: block;\" src=\"https:\/\/sgp.geodezja.org.pl\/wp-content\/uploads\/2015\/09\/70_lecie_IGiK_1.jpg\" alt=\"\" width=\"200\" height=\"133\" srcset=\"https:\/\/sgp.geodezja.org.pl\/wp-content\/uploads\/2015\/09\/70_lecie_IGiK_1.jpg 1054w, https:\/\/sgp.geodezja.org.pl\/wp-content\/uploads\/2015\/09\/70_lecie_IGiK_1-800x531.jpg 800w, https:\/\/sgp.geodezja.org.pl\/wp-content\/uploads\/2015\/09\/70_lecie_IGiK_1-300x199.jpg 300w, https:\/\/sgp.geodezja.org.pl\/wp-content\/uploads\/2015\/09\/70_lecie_IGiK_1-1024x680.jpg 1024w, https:\/\/sgp.geodezja.org.pl\/wp-content\/uploads\/2015\/09\/70_lecie_IGiK_1-768x510.jpg 768w, https:\/\/sgp.geodezja.org.pl\/wp-content\/uploads\/2015\/09\/70_lecie_IGiK_1-90x60.jpg 90w\" sizes=\"auto, (max-width: 200px) 100vw, 200px\" \/><\/p>\n<p><img loading=\"lazy\" decoding=\"async\" class=\"size-full wp-image-904\" style=\"margin-right: auto; margin-left: auto; display: block;\" src=\"https:\/\/sgp.geodezja.org.pl\/wp-content\/uploads\/2015\/09\/70_lecie_IGiK_2.jpg\" alt=\"\" width=\"200\" height=\"133\" srcset=\"https:\/\/sgp.geodezja.org.pl\/wp-content\/uploads\/2015\/09\/70_lecie_IGiK_2.jpg 1054w, https:\/\/sgp.geodezja.org.pl\/wp-content\/uploads\/2015\/09\/70_lecie_IGiK_2-800x531.jpg 800w, https:\/\/sgp.geodezja.org.pl\/wp-content\/uploads\/2015\/09\/70_lecie_IGiK_2-300x199.jpg 300w, https:\/\/sgp.geodezja.org.pl\/wp-content\/uploads\/2015\/09\/70_lecie_IGiK_2-1024x680.jpg 1024w, https:\/\/sgp.geodezja.org.pl\/wp-content\/uploads\/2015\/09\/70_lecie_IGiK_2-768x510.jpg 768w\" sizes=\"auto, (max-width: 200px) 100vw, 200px\" \/><\/p>\n<p style=\"text-align: justify;\"><img loading=\"lazy\" decoding=\"async\" class=\"size-full wp-image-905\" style=\"margin-right: auto; margin-left: auto; display: block;\" src=\"https:\/\/sgp.geodezja.org.pl\/wp-content\/uploads\/2015\/09\/70_lecie_IGiK_4.jpg\" alt=\"\" width=\"133\" height=\"200\" srcset=\"https:\/\/sgp.geodezja.org.pl\/wp-content\/uploads\/2015\/09\/70_lecie_IGiK_4.jpg 465w, https:\/\/sgp.geodezja.org.pl\/wp-content\/uploads\/2015\/09\/70_lecie_IGiK_4-199x300.jpg 199w\" sizes=\"auto, (max-width: 133px) 100vw, 133px\" \/><\/p>\n<p><img loading=\"lazy\" decoding=\"async\" class=\"size-full wp-image-906\" style=\"margin-right: auto; margin-left: auto; display: block;\" src=\"https:\/\/sgp.geodezja.org.pl\/wp-content\/uploads\/2015\/09\/70_lecie_IGiK_5.jpg\" alt=\"\" width=\"200\" height=\"133\" srcset=\"https:\/\/sgp.geodezja.org.pl\/wp-content\/uploads\/2015\/09\/70_lecie_IGiK_5.jpg 1054w, https:\/\/sgp.geodezja.org.pl\/wp-content\/uploads\/2015\/09\/70_lecie_IGiK_5-800x531.jpg 800w, https:\/\/sgp.geodezja.org.pl\/wp-content\/uploads\/2015\/09\/70_lecie_IGiK_5-300x199.jpg 300w, https:\/\/sgp.geodezja.org.pl\/wp-content\/uploads\/2015\/09\/70_lecie_IGiK_5-1024x680.jpg 1024w, https:\/\/sgp.geodezja.org.pl\/wp-content\/uploads\/2015\/09\/70_lecie_IGiK_5-768x510.jpg 768w\" sizes=\"auto, (max-width: 200px) 100vw, 200px\" \/><\/p>\n<p><img loading=\"lazy\" decoding=\"async\" class=\"size-full wp-image-907\" style=\"margin-right: auto; margin-left: auto; display: block;\" src=\"https:\/\/sgp.geodezja.org.pl\/wp-content\/uploads\/2015\/09\/70_lecie_IGiK_6.jpg\" alt=\"\" width=\"200\" height=\"133\" srcset=\"https:\/\/sgp.geodezja.org.pl\/wp-content\/uploads\/2015\/09\/70_lecie_IGiK_6.jpg 1054w, https:\/\/sgp.geodezja.org.pl\/wp-content\/uploads\/2015\/09\/70_lecie_IGiK_6-800x531.jpg 800w, https:\/\/sgp.geodezja.org.pl\/wp-content\/uploads\/2015\/09\/70_lecie_IGiK_6-300x199.jpg 300w, https:\/\/sgp.geodezja.org.pl\/wp-content\/uploads\/2015\/09\/70_lecie_IGiK_6-1024x680.jpg 1024w, https:\/\/sgp.geodezja.org.pl\/wp-content\/uploads\/2015\/09\/70_lecie_IGiK_6-768x510.jpg 768w\" sizes=\"auto, (max-width: 200px) 100vw, 200px\" \/><\/p>\n<p><img loading=\"lazy\" decoding=\"async\" class=\"size-full wp-image-908\" style=\"margin-right: auto; margin-left: auto; display: block;\" src=\"https:\/\/sgp.geodezja.org.pl\/wp-content\/uploads\/2015\/09\/70_lecie_IGiK_7.jpg\" alt=\"\" width=\"200\" height=\"133\" srcset=\"https:\/\/sgp.geodezja.org.pl\/wp-content\/uploads\/2015\/09\/70_lecie_IGiK_7.jpg 1054w, https:\/\/sgp.geodezja.org.pl\/wp-content\/uploads\/2015\/09\/70_lecie_IGiK_7-800x531.jpg 800w, https:\/\/sgp.geodezja.org.pl\/wp-content\/uploads\/2015\/09\/70_lecie_IGiK_7-300x199.jpg 300w, https:\/\/sgp.geodezja.org.pl\/wp-content\/uploads\/2015\/09\/70_lecie_IGiK_7-1024x680.jpg 1024w, https:\/\/sgp.geodezja.org.pl\/wp-content\/uploads\/2015\/09\/70_lecie_IGiK_7-768x510.jpg 768w\" sizes=\"auto, (max-width: 200px) 100vw, 200px\" \/><\/p>\n<p><img loading=\"lazy\" decoding=\"async\" class=\"size-full wp-image-909\" style=\"margin-right: auto; margin-left: auto; display: block;\" src=\"https:\/\/sgp.geodezja.org.pl\/wp-content\/uploads\/2015\/09\/70_lecie_IGiK_8.jpg\" alt=\"\" width=\"133\" height=\"200\" srcset=\"https:\/\/sgp.geodezja.org.pl\/wp-content\/uploads\/2015\/09\/70_lecie_IGiK_8.jpg 465w, https:\/\/sgp.geodezja.org.pl\/wp-content\/uploads\/2015\/09\/70_lecie_IGiK_8-199x300.jpg 199w\" sizes=\"auto, (max-width: 133px) 100vw, 133px\" \/><\/p>\n<p><img loading=\"lazy\" decoding=\"async\" class=\"size-full wp-image-910\" style=\"margin-right: auto; margin-left: auto; display: block;\" src=\"https:\/\/sgp.geodezja.org.pl\/wp-content\/uploads\/2015\/09\/70_lecie_IGiK_9.jpg\" alt=\"\" width=\"133\" height=\"200\" srcset=\"https:\/\/sgp.geodezja.org.pl\/wp-content\/uploads\/2015\/09\/70_lecie_IGiK_9.jpg 465w, https:\/\/sgp.geodezja.org.pl\/wp-content\/uploads\/2015\/09\/70_lecie_IGiK_9-199x300.jpg 199w\" sizes=\"auto, (max-width: 133px) 100vw, 133px\" \/><\/p>\n<p><img loading=\"lazy\" decoding=\"async\" class=\"size-full wp-image-911\" style=\"margin-right: auto; margin-left: auto; display: block;\" src=\"https:\/\/sgp.geodezja.org.pl\/wp-content\/uploads\/2015\/09\/70_lecie_IGiK_11.jpg\" alt=\"\" width=\"200\" height=\"133\" srcset=\"https:\/\/sgp.geodezja.org.pl\/wp-content\/uploads\/2015\/09\/70_lecie_IGiK_11.jpg 1054w, https:\/\/sgp.geodezja.org.pl\/wp-content\/uploads\/2015\/09\/70_lecie_IGiK_11-800x531.jpg 800w, https:\/\/sgp.geodezja.org.pl\/wp-content\/uploads\/2015\/09\/70_lecie_IGiK_11-300x199.jpg 300w, https:\/\/sgp.geodezja.org.pl\/wp-content\/uploads\/2015\/09\/70_lecie_IGiK_11-1024x680.jpg 1024w, https:\/\/sgp.geodezja.org.pl\/wp-content\/uploads\/2015\/09\/70_lecie_IGiK_11-768x510.jpg 768w\" sizes=\"auto, (max-width: 200px) 100vw, 200px\" \/><\/p>\n<p>Zdj\u0119cia IGiK<\/p>\n<p style=\"text-align: right;\">VK<\/p>","protected":false},"excerpt":{"rendered":"<p>Dnia 10 wrze\u015bnia 2015 r., w Pa\u0142acu Staszica w Warszawie odby\u0142y si\u0119 obchody Jubileuszu 70-lecia Instytutu Geodezji i Kartografii. Opr\u00f3cz szeroko reprezentowanego \u015brodowiska naukowego, swoj\u0105 obecno\u015bci\u0105 w Jubileuszu udzia\u0142 zaznaczy\u0142 G\u0142\u00f3wny Geodeta Kraju Pan Kazimierz Bujakowski. Ze strony SGP uczestniczy\u0142 Prezes Stowarzyszenia Geodet\u00f3w Polskich Stanis\u0142aw Cegielski oraz Redaktor Naczelny Przegl\u0105du Geodezyjnego Ludmi\u0142a Pietrzak.<\/p>","protected":false},"author":2,"featured_media":903,"comment_status":"open","ping_status":"open","sticky":false,"template":"","format":"standard","meta":{"two_page_speed":[],"footnotes":""},"categories":[10],"tags":[],"class_list":["post-912","post","type-post","status-publish","format-standard","has-post-thumbnail","hentry","category-informacje"],"_links":{"self":[{"href":"https:\/\/sgp.geodezja.org.pl\/en\/wp-json\/wp\/v2\/posts\/912","targetHints":{"allow":["GET"]}}],"collection":[{"href":"https:\/\/sgp.geodezja.org.pl\/en\/wp-json\/wp\/v2\/posts"}],"about":[{"href":"https:\/\/sgp.geodezja.org.pl\/en\/wp-json\/wp\/v2\/types\/post"}],"author":[{"embeddable":true,"href":"https:\/\/sgp.geodezja.org.pl\/en\/wp-json\/wp\/v2\/users\/2"}],"replies":[{"embeddable":true,"href":"https:\/\/sgp.geodezja.org.pl\/en\/wp-json\/wp\/v2\/comments?post=912"}],"version-history":[{"count":0,"href":"https:\/\/sgp.geodezja.org.pl\/en\/wp-json\/wp\/v2\/posts\/912\/revisions"}],"wp:featuredmedia":[{"embeddable":true,"href":"https:\/\/sgp.geodezja.org.pl\/en\/wp-json\/wp\/v2\/media\/903"}],"wp:attachment":[{"href":"https:\/\/sgp.geodezja.org.pl\/en\/wp-json\/wp\/v2\/media?parent=912"}],"wp:term":[{"taxonomy":"category","embeddable":true,"href":"https:\/\/sgp.geodezja.org.pl\/en\/wp-json\/wp\/v2\/categories?post=912"},{"taxonomy":"post_tag","embeddable":true,"href":"https:\/\/sgp.geodezja.org.pl\/en\/wp-json\/wp\/v2\/tags?post=912"}],"curies":[{"name":"wp","href":"https:\/\/api.w.org\/{rel}","templated":true}]}}