{"id":923,"date":"2015-09-18T21:10:48","date_gmt":"2015-09-18T19:10:48","guid":{"rendered":"https:\/\/2.budowaniestron.pl\/zebranie-zarzadu-oddzialu-stowarzyszenia-geodetow-polskich-w-bydgoszczy-7-wrzesnia-2015-r\/"},"modified":"2015-09-18T21:10:48","modified_gmt":"2015-09-18T19:10:48","slug":"zebranie-zarzadu-oddzialu-stowarzyszenia-geodetow-polskich-w-bydgoszczy-7-wrzesnia-2015-r","status":"publish","type":"post","link":"https:\/\/sgp.geodezja.org.pl\/en\/zebranie-zarzadu-oddzialu-stowarzyszenia-geodetow-polskich-w-bydgoszczy-7-wrzesnia-2015-r\/","title":{"rendered":"Zebranie Zarz\u0105du Oddzia\u0142u Stowarzyszenia Geodet\u00f3w Polskich w Bydgoszczy   7 wrze\u015bnia 2015 r."},"content":{"rendered":"<p style=\"text-align: justify;\">W dniu 7 wrze\u015bnia 2015\u00a0r. odby\u0142o si\u0119 zebranie Zarz\u0105du Oddzia\u0142u Stowarzyszenia Geodet\u00f3w Polskich w Bydgoszczy.\u00a0<\/p>\n<p>  <!--more-->  <\/p>\n<p style=\"text-align: justify;\">W dniu 7 wrze\u015bnia 2015\u00a0r. odby\u0142o si\u0119 zebranie Zarz\u0105du Oddzia\u0142u Stowarzyszenia Geodet\u00f3w Polskich w Bydgoszczy. Prezes Boles\u0142aw Krystowczyk otwieraj\u0105c spotkanie, przedstawi\u0142 go\u015bci: Boles\u0142awa Cieszy\u0144skiego prezesa SGP w Toruniu, Jana Ku\u017ami\u0144skiego wiceprezesa SGP w Toruniu, prof. Edwarda Kujawskiego, Stanis\u0142awa Marcina Wili\u0144skiego Cz\u0142onka Honorowego SGP, cz\u0142onka Zarz\u0105du G\u0142\u00f3wnego; powita\u0142 obecnych z Dariuszem Cie\u015blakiem przewodnicz\u0105cym Ko\u0142a SGP w \u017bninie oraz Krzysztofem Narewskim przewodnicz\u0105cym Ko\u0142a SGP we W\u0142oc\u0142awku. Zaproponowa\u0142, aby obrady poprowadzi\u0107 zgodnie z porz\u0105dkiem podanym w zaproszeniu na zebranie.<\/p>\n<p style=\"text-align: justify;\">W zebraniu uczestniczyli: Henryk Siuda, Stanis\u0142aw Marcin Wili\u0144ski, Boles\u0142aw Krystowczyk, Jerzy Chylewski, Krzysztof Narewski, Zbigniew Grzanka, Jerzy Gill, Beata Startek, Robert Cieszy\u0144ski, Bronis\u0142aw W\u0119glarz, Jan Ku\u017ami\u0144ski, Boles\u0142aw Cieszy\u0144ski, Maciej Lewandowska, Urszula Tomczak, Zenon Mi\u0119tkiewicz, Romuald Gill, Ryszard Cieszy\u0144ski, Hieronim Czarnowski, Dariusz Cie\u015blak, prof. Edward Kujawski, Ryszard Krzy\u017canowski, Grzegorz Pilarski, Grzegorz Marzol, Jaros\u0142aw Kaszewski.<\/p>\n<p>\u00a0<img loading=\"lazy\" decoding=\"async\" class=\"size-full wp-image-921\" style=\"margin-right: auto; margin-left: auto; display: block;\" src=\"https:\/\/sgp.geodezja.org.pl\/wp-content\/uploads\/2015\/09\/Zebranie_1.jpg\" alt=\"\" width=\"200\" height=\"101\" srcset=\"https:\/\/sgp.geodezja.org.pl\/wp-content\/uploads\/2015\/09\/Zebranie_1.jpg 1086w, https:\/\/sgp.geodezja.org.pl\/wp-content\/uploads\/2015\/09\/Zebranie_1-800x403.jpg 800w, https:\/\/sgp.geodezja.org.pl\/wp-content\/uploads\/2015\/09\/Zebranie_1-300x151.jpg 300w, https:\/\/sgp.geodezja.org.pl\/wp-content\/uploads\/2015\/09\/Zebranie_1-1024x516.jpg 1024w, https:\/\/sgp.geodezja.org.pl\/wp-content\/uploads\/2015\/09\/Zebranie_1-768x387.jpg 768w, https:\/\/sgp.geodezja.org.pl\/wp-content\/uploads\/2015\/09\/Zebranie_1-119x60.jpg 119w\" sizes=\"auto, (max-width: 200px) 100vw, 200px\" \/><\/p>\n<p style=\"text-align: justify;\">\u00a0\u00a0<\/p>\n<p><a href=\"https:\/\/sgp.geodezja.org.pl\/wp-content\/uploads\/2015\/09\/ZEBRANIE_ZO_07092015.pdf\" rel=\"alternate\">Obszerniejsza relacja &gt;&gt;&gt;<\/a><\/p>\n<p>Informacje i zdj\u0119cia Stanis\u0142aw Marcin Wili\u0144ski.\u00a0<\/p>\n<p style=\"text-align: right;\">VK<\/p>","protected":false},"excerpt":{"rendered":"<p>W dniu 7 wrze\u015bnia 2015\u00a0r. odby\u0142o si\u0119 zebranie Zarz\u0105du Oddzia\u0142u Stowarzyszenia Geodet\u00f3w Polskich w Bydgoszczy.\u00a0<\/p>","protected":false},"author":2,"featured_media":921,"comment_status":"open","ping_status":"open","sticky":false,"template":"","format":"standard","meta":{"two_page_speed":[],"footnotes":""},"categories":[10],"tags":[],"class_list":["post-923","post","type-post","status-publish","format-standard","has-post-thumbnail","hentry","category-informacje"],"_links":{"self":[{"href":"https:\/\/sgp.geodezja.org.pl\/en\/wp-json\/wp\/v2\/posts\/923","targetHints":{"allow":["GET"]}}],"collection":[{"href":"https:\/\/sgp.geodezja.org.pl\/en\/wp-json\/wp\/v2\/posts"}],"about":[{"href":"https:\/\/sgp.geodezja.org.pl\/en\/wp-json\/wp\/v2\/types\/post"}],"author":[{"embeddable":true,"href":"https:\/\/sgp.geodezja.org.pl\/en\/wp-json\/wp\/v2\/users\/2"}],"replies":[{"embeddable":true,"href":"https:\/\/sgp.geodezja.org.pl\/en\/wp-json\/wp\/v2\/comments?post=923"}],"version-history":[{"count":0,"href":"https:\/\/sgp.geodezja.org.pl\/en\/wp-json\/wp\/v2\/posts\/923\/revisions"}],"wp:featuredmedia":[{"embeddable":true,"href":"https:\/\/sgp.geodezja.org.pl\/en\/wp-json\/wp\/v2\/media\/921"}],"wp:attachment":[{"href":"https:\/\/sgp.geodezja.org.pl\/en\/wp-json\/wp\/v2\/media?parent=923"}],"wp:term":[{"taxonomy":"category","embeddable":true,"href":"https:\/\/sgp.geodezja.org.pl\/en\/wp-json\/wp\/v2\/categories?post=923"},{"taxonomy":"post_tag","embeddable":true,"href":"https:\/\/sgp.geodezja.org.pl\/en\/wp-json\/wp\/v2\/tags?post=923"}],"curies":[{"name":"wp","href":"https:\/\/api.w.org\/{rel}","templated":true}]}}