{"id":930,"date":"2015-09-27T20:47:24","date_gmt":"2015-09-27T18:47:24","guid":{"rendered":"https:\/\/2.budowaniestron.pl\/x-seminarium-z-cyklu-rozwoj-obszarow-wiejskich-28-pazdziernika-2015-r\/"},"modified":"2015-09-27T20:47:24","modified_gmt":"2015-09-27T18:47:24","slug":"x-seminarium-z-cyklu-rozwoj-obszarow-wiejskich-28-pazdziernika-2015-r","status":"publish","type":"post","link":"https:\/\/sgp.geodezja.org.pl\/en\/x-seminarium-z-cyklu-rozwoj-obszarow-wiejskich-28-pazdziernika-2015-r\/","title":{"rendered":"X Seminarium z cyklu \u201eRozw\u00f3j Obszar\u00f3w Wiejskich\u201d \u2013 28 pa\u017adziernika 2015 r."},"content":{"rendered":"<p>W dniu 28 pa\u017adziernika 2015 r. Stowarzyszenie Geodet\u00f3w Polskich, Uniwersytet Przyrodniczy w Poznaniu, Muzeum Narodowe Rolnictwa i Przemys\u0142u Rolno-Spo\u017cywczego w Szreniawie organizuj\u0105 kolejne:<\/p>\n<p style=\"text-align: center;\"><strong>X Seminarium z cyklu \u201eRozw\u00f3j Obszar\u00f3w Wiejskich\u201d<br \/><\/strong>na temat:<\/p>\n<p style=\"text-align: center;\"><strong>Przemiany strukturalne obszar\u00f3w wiejskich.<br \/><\/strong><strong>Problemy rozwojowe wsi.<br \/><\/strong><strong>Dziedzictwo &#8211; \u017ar\u00f3d\u0142o to\u017csamo\u015bci.<\/strong><\/p>\n<p>  <!--more-->  <\/p>\n<p style=\"text-align: left;\">\u00a0<\/p>\n<p>W dniu 28 pa\u017adziernika 2015 r. Stowarzyszenie Geodet\u00f3w Polskich, Uniwersytet Przyrodniczy w Poznaniu, Muzeum Narodowe Rolnictwa i Przemys\u0142u Rolno-Spo\u017cywczego w Szreniawie organizuj\u0105 kolejne:<\/p>\n<p style=\"text-align: center;\"><strong>X Seminarium z cyklu \u201eRozw\u00f3j Obszar\u00f3w Wiejskich\u201d<br \/><\/strong>na temat:<\/p>\n<p style=\"text-align: center;\"><strong>Przemiany strukturalne obszar\u00f3w wiejskich.<br \/><\/strong><strong>Problemy rozwojowe wsi.<br \/><\/strong><strong>Dziedzictwo &#8211; \u017ar\u00f3d\u0142o to\u017csamo\u015bci.<\/strong><\/p>\n<p style=\"text-align: justify;\">Seminaria te odbywaj\u0105 si\u0119 corocznie w Muzeum w Szreniawie k. Poznania i maj\u0105 charakter otwarty. Uczestnicz\u0105 w nich zainteresowani przedstawiciele r\u00f3\u017cnych bran\u017c i naukowcy. Prezentowana jest tematyka rozwoju obszar\u00f3w wiejskich. Prezentowane s\u0105 aktualne problemy ochrony grunt\u00f3w i ich zagospodarowywania.<\/p>\n<p>W szczeg\u00f3lno\u015bci dyskutowane s\u0105 zagadnienia np.:<\/p>\n<ul>\n<li>gospodarowania nieruchomo\u015bciami rolnymi<\/li>\n<li>rejestracji praw w\u0142asno\u015bci,<\/li>\n<li>wykorzystania historycznych dokument\u00f3w katastralnych,<\/li>\n<li>sprawy scale\u0144, wymiany oraz podzia\u0142\u00f3w grunt\u00f3w,<\/li>\n<li>przekszta\u0142ce\u0144 struktury obszar\u00f3w wiejskich i zmian u\u017cytkowania z uwzgl\u0119dnieniem wp\u0142ywu aglomeracji miejskich.<\/li>\n<\/ul>\n<p>Seminarium rozpoczyna si\u0119 o godz. 10 <sup>00<\/sup>, a zako\u0144czenie przewiduje si\u0119 o godz. 16\u00a0<sup>30<\/sup>. <strong>Udzia\u0142 w Seminarium jest bezp\u0142atny<\/strong>. Koszty obiadu \/25z\u0142\/ i dojazdu pokrywaj\u0105 uczestnicy we w\u0142asnym zakresie.<\/p>\n<p>Szczeg\u00f3\u0142owy program udost\u0119pnimy zainteresowanym w terminie p\u00f3\u017aniejszym.<\/p>\n<p>W imieniu organizator\u00f3w serdecznie zapraszam do udzia\u0142u w tegorocznym Seminarium.<\/p>\n<p>\u00a0<\/p>\n<p><strong>Informacji udzielaj\u0105:<\/strong><\/p>\n<p>Maria Jankowska\u00a0\u00a0\u00a0\u00a0\u00a0\u00a0\u00a0\u00a0\u00a0\u00a0\u00a0\u00a0\u00a0\u00a0\u00a0\u00a0\u00a0\u00a0\u00a0\u00a0\u00a0\u00a0\u00a0\u00a0\u00a0kom. 513\u00a0389 080\u00a0\u00a0\u00a0\u00a0\u00a0\u00a0\u00a0\u00a0\u00a0\u00a0\u00a0\u00a0 e-mail: <a href=\"mailto:maria.jankowska@vip.onet.pl\">maria.jankowska@vip.onet.pl<\/a><\/p>\n<p>Wojciech Mielewczyk\u00a0\u00a0 \u00a0\u00a0\u00a0\u00a0\u00a0\u00a0\u00a0\u00a0\u00a0\u00a0\u00a0\u00a0\u00a0\u00a0\u00a0 tel. 61\u00a0810 97 86\u00a0\u00a0\u00a0\u00a0\u00a0\u00a0\u00a0\u00a0\u00a0\u00a0\u00a0\u00a0\u00a0\u00a0 e-mail: <a href=\"mailto:w.mielewczyk@muzeum-szreniawa.pl\">w.mielewczyk@muzeum-szreniawa.pl<\/a><\/p>\n<p>Waldemar Sztukiewicz \u00a0\u00a0\u00a0\u00a0\u00a0\u00a0\u00a0\u00a0\u00a0\u00a0\u00a0\u00a0\u00a0\u00a0\u00a0 kom. 501\u00a0315 615\u00a0\u00a0\u00a0\u00a0\u00a0\u00a0\u00a0\u00a0\u00a0\u00a0\u00a0\u00a0 e-mail: <a href=\"mailto:w.sztukiewicz@onet.eu\">w.sztukiewicz@onet.eu<\/a><\/p>\n<p>\u00a0<\/p>\n<p>Waldemar Sztukiewicz<br \/>Prezes Zarz\u0105du Oddzia\u0142u Wielkopolskiego<br \/>Stowarzyszenia Geodet\u00f3w Polskich<\/p>\n<p><span style=\"color: #008000;\"><a href=\"https:\/\/sgp.geodezja.org.pl\/wp-content\/uploads\/2015\/09\/X_Seminarium_Szreniawa_20151028_komunikat_1.pdf\" rel=\"alternate\">Komunikat (PDF) &gt;&gt;&gt;<\/a><\/span><\/p>\n<p style=\"text-align: right;\">VK<\/p>\n<p>\u00a0<\/p>","protected":false},"excerpt":{"rendered":"<p>W dniu 28 pa\u017adziernika 2015 r. Stowarzyszenie Geodet\u00f3w Polskich, Uniwersytet Przyrodniczy w Poznaniu, Muzeum Narodowe Rolnictwa i Przemys\u0142u Rolno-Spo\u017cywczego w Szreniawie organizuj\u0105 kolejne: X Seminarium z cyklu \u201eRozw\u00f3j Obszar\u00f3w Wiejskich\u201dna temat: Przemiany strukturalne obszar\u00f3w wiejskich.Problemy rozwojowe wsi.Dziedzictwo &#8211; \u017ar\u00f3d\u0142o to\u017csamo\u015bci.<\/p>","protected":false},"author":2,"featured_media":0,"comment_status":"open","ping_status":"open","sticky":false,"template":"","format":"standard","meta":{"two_page_speed":[],"footnotes":""},"categories":[10],"tags":[],"class_list":["post-930","post","type-post","status-publish","format-standard","hentry","category-informacje"],"_links":{"self":[{"href":"https:\/\/sgp.geodezja.org.pl\/en\/wp-json\/wp\/v2\/posts\/930","targetHints":{"allow":["GET"]}}],"collection":[{"href":"https:\/\/sgp.geodezja.org.pl\/en\/wp-json\/wp\/v2\/posts"}],"about":[{"href":"https:\/\/sgp.geodezja.org.pl\/en\/wp-json\/wp\/v2\/types\/post"}],"author":[{"embeddable":true,"href":"https:\/\/sgp.geodezja.org.pl\/en\/wp-json\/wp\/v2\/users\/2"}],"replies":[{"embeddable":true,"href":"https:\/\/sgp.geodezja.org.pl\/en\/wp-json\/wp\/v2\/comments?post=930"}],"version-history":[{"count":0,"href":"https:\/\/sgp.geodezja.org.pl\/en\/wp-json\/wp\/v2\/posts\/930\/revisions"}],"wp:attachment":[{"href":"https:\/\/sgp.geodezja.org.pl\/en\/wp-json\/wp\/v2\/media?parent=930"}],"wp:term":[{"taxonomy":"category","embeddable":true,"href":"https:\/\/sgp.geodezja.org.pl\/en\/wp-json\/wp\/v2\/categories?post=930"},{"taxonomy":"post_tag","embeddable":true,"href":"https:\/\/sgp.geodezja.org.pl\/en\/wp-json\/wp\/v2\/tags?post=930"}],"curies":[{"name":"wp","href":"https:\/\/api.w.org\/{rel}","templated":true}]}}