{"id":934,"date":"2015-09-27T22:22:00","date_gmt":"2015-09-27T20:22:00","guid":{"rendered":"https:\/\/2.budowaniestron.pl\/seminarium-nt-zmiany-w-przepisach-prawa-dotyczacych-geodezji-i-kartografii-spala-22-24-pazdziernika-2015-r\/"},"modified":"2015-09-27T22:22:00","modified_gmt":"2015-09-27T20:22:00","slug":"seminarium-nt-zmiany-w-przepisach-prawa-dotyczacych-geodezji-i-kartografii-spala-22-24-pazdziernika-2015-r","status":"publish","type":"post","link":"https:\/\/sgp.geodezja.org.pl\/en\/seminarium-nt-zmiany-w-przepisach-prawa-dotyczacych-geodezji-i-kartografii-spala-22-24-pazdziernika-2015-r\/","title":{"rendered":"Seminarium nt.: Zmiany w przepisach prawa dotycz\u0105cych geodezji i kartografii, Spa\u0142a, 22 &#8211; 24 pa\u017adziernika 2015 r."},"content":{"rendered":"<p>Zarz\u0105d Oddzia\u0142u Stowarzyszenia Geodet\u00f3w Polskich w \u0141odzi zaprasza wykonawc\u00f3w prac geodezyjnych i pracownik\u00f3w administracji geodezyjnej do wzi\u0119cia udzia\u0142u w corocznym seminarium nt.:<\/p>\n<p style=\"text-align: center;\"><strong>Zmiany w przepisach prawa dotycz\u0105cych geodezji i kartografii.<\/strong> <br \/><strong>22 &#8211; 24 pa\u017adziernika 2015 r.<\/strong> (czwartek \u2013 sobota)<\/p>\n<p>  <!--more-->  <\/p>\n<p>Zarz\u0105d Oddzia\u0142u Stowarzyszenia Geodet\u00f3w Polskich w \u0141odzi zaprasza wykonawc\u00f3w prac geodezyjnych i pracownik\u00f3w administracji geodezyjnej do wzi\u0119cia udzia\u0142u w corocznym seminarium nt.:<\/p>\n<p style=\"text-align: center;\"><strong>Zmiany w przepisach prawa dotycz\u0105cych geodezji i kartografii.<\/strong> <br \/><strong>22 &#8211; 24 pa\u017adziernika 2015 r.<\/strong> (czwartek \u2013 sobota)<\/p>\n<p style=\"text-align: justify;\">Places: <a href=\"http:\/\/www.spala.pl\/noclegi\/zacisze\/\">O\u015brodek Konferencyjno-Szkoleniowy &#8222;ZACISZE&#8221; w Spale<\/a> &#8211; pi\u0119kna miejscowo\u015b\u0107 rekreacyjno-wypoczynkowa po\u0142o\u017cona nad rzek\u0105 Pilic\u0105, oko\u0142o 60 km od \u0141odzi, 106 km od Warszawy.<\/p>\n<p style=\"text-align: justify;\">Koszt uczestnictwa: 600 z\u0142 &#8211; dla cz\u0142onk\u00f3w Stowarzyszenia naszego Oddzia\u0142u z op\u0142aconymi sk\u0142adkami 750 z\u0142 &#8211; osoby niestowarzyszone. Koszt uczestnictwa obejmuje: uczestnictwo w seminarium, noclegi, posi\u0142ki oraz imprezy towarzysz\u0105ce.<\/p>\n<p style=\"text-align: justify;\">Zg\u0142oszenie udzia\u0142u w formie wype\u0142nionego Formularza Zg\u0142oszenia prosimy przes\u0142a\u0107 drog\u0105 pocztow\u0105 na adres:<\/p>\n<p style=\"text-align: justify;\">Zarz\u0105d Oddzia\u0142u Stowarzyszenia Geodet\u00f3w Polskich<br \/>pl. Komuny Paryskiej 5a (budynek NOT)<br \/>90-007 \u0141\u00f3d\u017a<\/p>\n<p style=\"text-align: justify;\">lub poczt\u0105 elektroniczn\u0105 na adres:<\/p>\n<p style=\"text-align: justify;\"><a href=\"mailto:lodz@sgp.geodezja.org.pl\">lodz@sgp.geodezja.org.pl<\/a><\/p>\n<p style=\"text-align: justify;\"><strong>do dnia: 4 pa\u017adziernika 2015 r. <\/strong><\/p>\n<p style=\"text-align: justify;\">Osoby do kontaktu:<\/p>\n<p style=\"text-align: justify;\">Teresa R\u017canek-Kmiecik tel. 604 062 010,<br \/> Ma\u0142gorzata \u017burkiewicz tel. 600 257 333<\/p>\n<p><a href=\"https:\/\/sgp.geodezja.org.pl\/wp-content\/uploads\/2015\/09\/Spala_2015_program.pdf\" rel=\"alternate\"><span style=\"color: #008000;\">Program (pdf) &gt;&gt;&gt;<\/span><\/a><\/p>\n<p><span style=\"color: #008000;\"><a href=\"https:\/\/sgp.geodezja.org.pl\/wp-content\/uploads\/2015\/09\/Spala_2015_zgloszenie.pdf\" rel=\"alternate\">Zg\u0142oszenie (pdf) &gt;&gt;&gt;<\/a><\/span><\/p>\n<p><a href=\"https:\/\/sgp.geodezja.org.pl\/wp-content\/uploads\/2015\/09\/Spala_2015_zgloszenie.doc\" rel=\"alternate\"><span style=\"color: #008000;\">Zg\u0142oszenie (doc) &gt;&gt;&gt;<\/span><\/a><\/p>\n<p style=\"text-align: right;\">VK<\/p>","protected":false},"excerpt":{"rendered":"<p>Zarz\u0105d Oddzia\u0142u Stowarzyszenia Geodet\u00f3w Polskich w \u0141odzi zaprasza wykonawc\u00f3w prac geodezyjnych i pracownik\u00f3w administracji geodezyjnej do wzi\u0119cia udzia\u0142u w corocznym seminarium nt.: Zmiany w przepisach prawa dotycz\u0105cych geodezji i kartografii. 22 &#8211; 24 pa\u017adziernika 2015 r. (czwartek \u2013 sobota)<\/p>","protected":false},"author":2,"featured_media":0,"comment_status":"open","ping_status":"open","sticky":false,"template":"","format":"standard","meta":{"two_page_speed":[],"footnotes":""},"categories":[10],"tags":[],"class_list":["post-934","post","type-post","status-publish","format-standard","hentry","category-informacje"],"_links":{"self":[{"href":"https:\/\/sgp.geodezja.org.pl\/en\/wp-json\/wp\/v2\/posts\/934","targetHints":{"allow":["GET"]}}],"collection":[{"href":"https:\/\/sgp.geodezja.org.pl\/en\/wp-json\/wp\/v2\/posts"}],"about":[{"href":"https:\/\/sgp.geodezja.org.pl\/en\/wp-json\/wp\/v2\/types\/post"}],"author":[{"embeddable":true,"href":"https:\/\/sgp.geodezja.org.pl\/en\/wp-json\/wp\/v2\/users\/2"}],"replies":[{"embeddable":true,"href":"https:\/\/sgp.geodezja.org.pl\/en\/wp-json\/wp\/v2\/comments?post=934"}],"version-history":[{"count":0,"href":"https:\/\/sgp.geodezja.org.pl\/en\/wp-json\/wp\/v2\/posts\/934\/revisions"}],"wp:attachment":[{"href":"https:\/\/sgp.geodezja.org.pl\/en\/wp-json\/wp\/v2\/media?parent=934"}],"wp:term":[{"taxonomy":"category","embeddable":true,"href":"https:\/\/sgp.geodezja.org.pl\/en\/wp-json\/wp\/v2\/categories?post=934"},{"taxonomy":"post_tag","embeddable":true,"href":"https:\/\/sgp.geodezja.org.pl\/en\/wp-json\/wp\/v2\/tags?post=934"}],"curies":[{"name":"wp","href":"https:\/\/api.w.org\/{rel}","templated":true}]}}