{"id":953,"date":"2015-10-17T22:06:54","date_gmt":"2015-10-17T20:06:54","guid":{"rendered":"https:\/\/2.budowaniestron.pl\/x-konferencja-techniczna-nt-koordynacji-usytuowania-projektowanych-sieci-uzbrojenia-terenu-legnica-15-16-pazdziernika-2015-r-relacja\/"},"modified":"2015-10-17T22:06:54","modified_gmt":"2015-10-17T20:06:54","slug":"x-konferencja-techniczna-nt-koordynacji-usytuowania-projektowanych-sieci-uzbrojenia-terenu-legnica-15-16-pazdziernika-2015-r-relacja","status":"publish","type":"post","link":"https:\/\/sgp.geodezja.org.pl\/en\/x-konferencja-techniczna-nt-koordynacji-usytuowania-projektowanych-sieci-uzbrojenia-terenu-legnica-15-16-pazdziernika-2015-r-relacja\/","title":{"rendered":"X Konferencja Techniczna nt. \u201cKoordynacji usytuowania projektowanych sieci uzbrojenia terenu\u201d Legnica, 15-16 pa\u017adziernika 2015 r. &#8211; relacja"},"content":{"rendered":"<p style=\"text-align: justify;\"><strong>O<\/strong>twieraj\u0105c dziesi\u0105t\u0105 konferencj\u0119 techniczn\u0105, kt\u00f3ra odby\u0142a si\u0119 w dniach 15 i 16 pa\u017adziernika 2015 roku w Legnicy, <em>Wies\u0142aw Firlici\u0144ski <\/em>Prezes Honorowy SGP w Legnicy powita\u0142 jej uczestnik\u00f3w i przedstawi\u0142 zaproszonych go\u015bci, w osobach: <em>Gra\u017cyny Sko\u0142bani, Anny Seremet, Jerzego Zieli\u0144skiego <\/em>reprezentant\u00f3w G\u0142\u00f3wnego Urz\u0119du Geodezji i Kartografii; <em>Alicji Meusz <\/em>Dolnoslaskiego Wojew\u00f3dzkiego Inspektora Nadzoru Geodezyjnego i Kartograficznego; <em>Roberta Pajkerta <\/em>Geodety Wojew\u00f3dztwa Dolno\u015bl\u0105skiego; <em>Stanis\u0142awa Cegielskiego <\/em>Prezesa Stowarzyszenia Geodet\u00f3w Polskich; <em>Jana Ceg\u0142y <\/em>Prezesa SGP w Kaliszu; <em>Stanis\u0142awa Talerzowskiego <\/em>Dyrektora Dolno\u015bl\u0105skiego Biura Geodezji i Teren\u00f3w Rolnych; <em>Stanis\u0142awa Sirojcia <\/em>reprezentuj\u0105cego NOT w Legnicy; <em>Ryszarda Raszkiewicza <\/em>Starosty Z\u0142otoryjskiego; <em>Janiny Mazur <\/em>Starosty Legnickiego; <em>Tadeusza Krzakowskiego <\/em>Prezydenta Miasta Legnicy.<\/p>\n<p>  <!--more-->  <\/p>\n<p style=\"text-align: justify;\"><strong>O<\/strong>twieraj\u0105c dziesi\u0105t\u0105 konferencj\u0119 techniczn\u0105, kt\u00f3ra odby\u0142a si\u0119 w dniach 15 i 16 pa\u017adziernika 2015 roku w Legnicy, <em>Wies\u0142aw Firlici\u0144ski <\/em>Prezes Honorowy SGP w Legnicy powita\u0142 jej uczestnik\u00f3w i przedstawi\u0142 zaproszonych go\u015bci, w osobach: <em>Gra\u017cyny Sko\u0142bani, Anny Seremet, Jerzego Zieli\u0144skiego <\/em>reprezentant\u00f3w G\u0142\u00f3wnego Urz\u0119du Geodezji i Kartografii; <em>Alicji Meusz <\/em>Dolnoslaskiego Wojew\u00f3dzkiego Inspektora Nadzoru Geodezyjnego i Kartograficznego; <em>Roberta Pajkerta <\/em>Geodety Wojew\u00f3dztwa Dolno\u015bl\u0105skiego; <em>Stanis\u0142awa Cegielskiego <\/em>Prezesa Stowarzyszenia Geodet\u00f3w Polskich; <em>Jana Ceg\u0142y <\/em>Prezesa SGP w Kaliszu; <em>Stanis\u0142awa Talerzowskiego <\/em>Dyrektora Dolno\u015bl\u0105skiego Biura Geodezji i Teren\u00f3w Rolnych; <em>Stanis\u0142awa Sirojcia <\/em>reprezentuj\u0105cego NOT w Legnicy; <em>Ryszarda Raszkiewicza <\/em>Starosty Z\u0142otoryjskiego; <em>Janiny Mazur <\/em>Starosty Legnickiego; <em>Tadeusza Krzakowskiego <\/em>Prezydenta Miasta Legnicy.<\/p>\n<p style=\"text-align: justify;\"><strong>P<\/strong>odzi\u0119kowa\u0142 tym osobom, kt\u00f3re zechcia\u0142y przyj\u0105\u0107 zaproszenie na konferencj\u0119 i <em>\u201es\u0105 z nami\u201d, <\/em> \u017cycz\u0105c owocnego udzia\u0142u w jej obradach.<\/p>\n<p><img loading=\"lazy\" decoding=\"async\" class=\"size-full wp-image-943\" style=\"margin-right: auto; margin-left: auto; display: block;\" src=\"https:\/\/sgp.geodezja.org.pl\/wp-content\/uploads\/2015\/10\/X_Konferencja_Legnica_2015_1.jpg\" alt=\"\" width=\"200\" height=\"141\" srcset=\"https:\/\/sgp.geodezja.org.pl\/wp-content\/uploads\/2015\/10\/X_Konferencja_Legnica_2015_1.jpg 1422w, https:\/\/sgp.geodezja.org.pl\/wp-content\/uploads\/2015\/10\/X_Konferencja_Legnica_2015_1-800x563.jpg 800w, https:\/\/sgp.geodezja.org.pl\/wp-content\/uploads\/2015\/10\/X_Konferencja_Legnica_2015_1-300x211.jpg 300w, https:\/\/sgp.geodezja.org.pl\/wp-content\/uploads\/2015\/10\/X_Konferencja_Legnica_2015_1-1024x720.jpg 1024w, https:\/\/sgp.geodezja.org.pl\/wp-content\/uploads\/2015\/10\/X_Konferencja_Legnica_2015_1-768x540.jpg 768w, https:\/\/sgp.geodezja.org.pl\/wp-content\/uploads\/2015\/10\/X_Konferencja_Legnica_2015_1-85x60.jpg 85w\" sizes=\"auto, (max-width: 200px) 100vw, 200px\" \/><\/p>\n<p style=\"text-align: center;\"><strong>Wies\u0142aw Firlici\u0144ski, Ryszard Raszkiewicz<\/strong><\/p>\n<p style=\"text-align: center;\"><strong><img loading=\"lazy\" decoding=\"async\" class=\"size-full wp-image-944\" src=\"https:\/\/sgp.geodezja.org.pl\/wp-content\/uploads\/2015\/10\/X_Konferencja_Legnica_2015_2.jpg\" alt=\"\" width=\"200\" height=\"153\" srcset=\"https:\/\/sgp.geodezja.org.pl\/wp-content\/uploads\/2015\/10\/X_Konferencja_Legnica_2015_2.jpg 1308w, https:\/\/sgp.geodezja.org.pl\/wp-content\/uploads\/2015\/10\/X_Konferencja_Legnica_2015_2-800x612.jpg 800w, https:\/\/sgp.geodezja.org.pl\/wp-content\/uploads\/2015\/10\/X_Konferencja_Legnica_2015_2-300x229.jpg 300w, https:\/\/sgp.geodezja.org.pl\/wp-content\/uploads\/2015\/10\/X_Konferencja_Legnica_2015_2-1024x783.jpg 1024w, https:\/\/sgp.geodezja.org.pl\/wp-content\/uploads\/2015\/10\/X_Konferencja_Legnica_2015_2-768x587.jpg 768w\" sizes=\"auto, (max-width: 200px) 100vw, 200px\" \/><\/strong><\/p>\n<p style=\"text-align: center;\"><strong>Tadeusz Krzakowski, Janina Mazur<\/strong><\/p>\n<p><strong><em>J<\/em><\/strong><em>olanta Kaleta <\/em>przedstawi\u0142a rys historyczny koordynowania usytuowania projektowanych sieci uzbrojenia podziemnego terenu, przywo\u0142uj\u0105c ludzi zas\u0142u\u017conych w tym dziele. Konferencja techniczna w Legnicy po\u015bwi\u0119conych tej tematyce zosta\u0142a zapocz\u0105tkowana w 2005 roku.<\/p>\n<p style=\"text-align: center;\"><img loading=\"lazy\" decoding=\"async\" class=\"size-full wp-image-945\" style=\"margin-right: auto; margin-left: auto; display: block;\" src=\"https:\/\/sgp.geodezja.org.pl\/wp-content\/uploads\/2015\/10\/X_Konferencja_Legnica_2015_3.jpg\" alt=\"\" width=\"185\" height=\"200\" srcset=\"https:\/\/sgp.geodezja.org.pl\/wp-content\/uploads\/2015\/10\/X_Konferencja_Legnica_2015_3.jpg 927w, https:\/\/sgp.geodezja.org.pl\/wp-content\/uploads\/2015\/10\/X_Konferencja_Legnica_2015_3-800x863.jpg 800w, https:\/\/sgp.geodezja.org.pl\/wp-content\/uploads\/2015\/10\/X_Konferencja_Legnica_2015_3-278x300.jpg 278w, https:\/\/sgp.geodezja.org.pl\/wp-content\/uploads\/2015\/10\/X_Konferencja_Legnica_2015_3-768x828.jpg 768w\" sizes=\"auto, (max-width: 185px) 100vw, 185px\" \/><\/p>\n<p style=\"text-align: center;\"><strong><em>Jolanta Kaleta<\/em><\/strong><\/p>\n<p style=\"text-align: center;\"><strong><em><img loading=\"lazy\" decoding=\"async\" class=\"size-full wp-image-946\" src=\"https:\/\/sgp.geodezja.org.pl\/wp-content\/uploads\/2015\/10\/X_Konferencja_Legnica_2015_4.jpg\" alt=\"\" width=\"186\" height=\"200\" srcset=\"https:\/\/sgp.geodezja.org.pl\/wp-content\/uploads\/2015\/10\/X_Konferencja_Legnica_2015_4.jpg 928w, https:\/\/sgp.geodezja.org.pl\/wp-content\/uploads\/2015\/10\/X_Konferencja_Legnica_2015_4-800x862.jpg 800w, https:\/\/sgp.geodezja.org.pl\/wp-content\/uploads\/2015\/10\/X_Konferencja_Legnica_2015_4-278x300.jpg 278w, https:\/\/sgp.geodezja.org.pl\/wp-content\/uploads\/2015\/10\/X_Konferencja_Legnica_2015_4-768x828.jpg 768w\" sizes=\"auto, (max-width: 186px) 100vw, 186px\" \/><\/em><\/strong><\/p>\n<p style=\"text-align: center;\"><strong><em>Wies\u0142aw Firlici\u0144ski<\/em><\/strong><\/p>\n<p style=\"text-align: justify;\"><strong><em>T<\/em><\/strong><em>adeusz Krzakowski<\/em> podzi\u0119kowa\u0142 za trwa\u0142\u0105 obecno\u015b\u0107 konferencji w Legnicy, bo <em>\u201emi\u0142o nam, \u017ce jeste\u015bcie i zechciejcie poznawa\u0107 walory architektoniczne i turystyczne miasta. \u017bycz\u0119 konferencji pomy\u015blnych obrad\u201d. Janina Mazur<\/em> dzi\u0119kowa\u0142a za <em>\u201ekszta\u0142tuj\u0105c\u0105 si\u0119 i utrwalaj\u0105c\u0105 tu tradycj\u0119 konferencji geodezyjnych\u201d. <\/em>Zapraszaj\u0105c do udzia\u0142u w przysz\u0142orocznej konferencji wyrazi\u0142a nadziej\u0119 na takie jej zorganizowanie, aby w programie znalaz\u0142 si\u0119 czas na bli\u017csze poznanie pi\u0119kna legnickiej ziemi. Inni go\u015bcie konferencji tak\u017ce dzi\u0119kowali za mo\u017cliwo\u015b\u0107 uczestniczenia w niej i \u017cyczyli, aby spe\u0142ni\u0142a wszystkie oczekiwania i wyznaczone cele.<\/p>\n<p style=\"text-align: justify;\"><img loading=\"lazy\" decoding=\"async\" class=\"size-full wp-image-947\" style=\"margin-right: auto; margin-left: auto; display: block;\" src=\"https:\/\/sgp.geodezja.org.pl\/wp-content\/uploads\/2015\/10\/X_Konferencja_Legnica_2015_5.jpg\" alt=\"\" width=\"200\" height=\"87\" srcset=\"https:\/\/sgp.geodezja.org.pl\/wp-content\/uploads\/2015\/10\/X_Konferencja_Legnica_2015_5.jpg 1500w, https:\/\/sgp.geodezja.org.pl\/wp-content\/uploads\/2015\/10\/X_Konferencja_Legnica_2015_5-800x346.jpg 800w, https:\/\/sgp.geodezja.org.pl\/wp-content\/uploads\/2015\/10\/X_Konferencja_Legnica_2015_5-300x130.jpg 300w, https:\/\/sgp.geodezja.org.pl\/wp-content\/uploads\/2015\/10\/X_Konferencja_Legnica_2015_5-1024x443.jpg 1024w, https:\/\/sgp.geodezja.org.pl\/wp-content\/uploads\/2015\/10\/X_Konferencja_Legnica_2015_5-768x332.jpg 768w\" sizes=\"auto, (max-width: 200px) 100vw, 200px\" \/><\/p>\n<p style=\"text-align: center;\"><strong>Uczestnicy konferencji na sali obrad, od prawej: Jadwiga \u0141opusiewicz, Anna Seremet, Gra\u017cyna Sko\u0142bania, Stanis\u0142aw Talerzowski<\/strong><\/p>\n<p style=\"text-align: justify;\"><strong>W <\/strong>wyg\u0142aszanych referatach ich autorzy g\u0142\u00f3wny nacisk po\u0142o\u017cyli na stosowanie przepis\u00f3w prawa, zawartych w ustawie <em>Prawo geodezyjne i kartograficzne <\/em>i ustawie <em>Prawo budowlane. <\/em>Przedmiotem mocno akcentowanym by\u0142y pewne niedopracowania w nowelizacjach tych ustaw oraz przepisach wykonawczych do obu, jak i pomini\u0119cia roli geodety w procesie inwestycyjnym.<\/p>\n<p style=\"text-align: center;\"><img loading=\"lazy\" decoding=\"async\" class=\"size-full wp-image-948\" style=\"margin-right: auto; margin-left: auto; display: block;\" src=\"https:\/\/sgp.geodezja.org.pl\/wp-content\/uploads\/2015\/10\/X_Konferencja_Legnica_2015_6.jpg\" alt=\"\" width=\"179\" height=\"200\" srcset=\"https:\/\/sgp.geodezja.org.pl\/wp-content\/uploads\/2015\/10\/X_Konferencja_Legnica_2015_6.jpg 893w, https:\/\/sgp.geodezja.org.pl\/wp-content\/uploads\/2015\/10\/X_Konferencja_Legnica_2015_6-800x896.jpg 800w, https:\/\/sgp.geodezja.org.pl\/wp-content\/uploads\/2015\/10\/X_Konferencja_Legnica_2015_6-268x300.jpg 268w, https:\/\/sgp.geodezja.org.pl\/wp-content\/uploads\/2015\/10\/X_Konferencja_Legnica_2015_6-768x860.jpg 768w\" sizes=\"auto, (max-width: 179px) 100vw, 179px\" \/><\/p>\n<p style=\"text-align: center;\"><strong><em>Jerzy Zieli\u0144ski<\/em><\/strong><\/p>\n<p><img loading=\"lazy\" decoding=\"async\" class=\"size-full wp-image-949\" style=\"margin-right: auto; margin-left: auto; display: block;\" src=\"https:\/\/sgp.geodezja.org.pl\/wp-content\/uploads\/2015\/10\/X_Konferencja_Legnica_2015_7.jpg\" alt=\"\" width=\"200\" height=\"140\" srcset=\"https:\/\/sgp.geodezja.org.pl\/wp-content\/uploads\/2015\/10\/X_Konferencja_Legnica_2015_7.jpg 1427w, https:\/\/sgp.geodezja.org.pl\/wp-content\/uploads\/2015\/10\/X_Konferencja_Legnica_2015_7-800x561.jpg 800w, https:\/\/sgp.geodezja.org.pl\/wp-content\/uploads\/2015\/10\/X_Konferencja_Legnica_2015_7-300x210.jpg 300w, https:\/\/sgp.geodezja.org.pl\/wp-content\/uploads\/2015\/10\/X_Konferencja_Legnica_2015_7-1024x718.jpg 1024w, https:\/\/sgp.geodezja.org.pl\/wp-content\/uploads\/2015\/10\/X_Konferencja_Legnica_2015_7-768x538.jpg 768w\" sizes=\"auto, (max-width: 200px) 100vw, 200px\" \/><\/p>\n<p style=\"text-align: center;\"><strong><em>Stanis\u0142aw Cegielski<\/em><\/strong><\/p>\n<p style=\"text-align: justify;\"><strong><em>J<\/em><\/strong><em>erzy Zieli\u0144ski<\/em> zarysowa\u0142 strategi\u0119 G\u0142\u00f3wnego Urz\u0119du Geodezji i Kartografii i wskaza\u0142 na praktyczne k\u0142opoty, wynikaj\u0105ce z prowadzenia procedur informatyzacyjnych w powiatach, za pomoc\u0105 wielce zr\u00f3\u017cnicowanego oprogramowania, r\u00f3\u017cnie opisuj\u0105cego obiekty i dane przestrzenne. Ten stan prowadzi do przekonania o konieczno\u015bci zbudowania <em>\u201emodelu jako\u015bci\u201d<\/em>. D\u0105\u017cenie do poprawy sp\u00f3jno\u015bci danych zawartych w bazach danych i rejestrach publicznych powinny by\u0107 prowadzone w <em>bazie zintegrowanej<\/em>.<\/p>\n<p style=\"text-align: justify;\"><strong>N<\/strong>a pytania i w\u0105tpliwo\u015bci powodowane stosowaniem nowych przepis\u00f3w prawa geodezyjnego odpowiada\u0142a <em>Anna Seremet.<\/em><\/p>\n<p style=\"text-align: justify;\"><strong><em>G<\/em><\/strong><em>ra\u017cyna Sko\u0142bania <\/em>wskazywa\u0142a na wielo\u015b\u0107 przepis\u00f3w, kt\u00f3re winien przyswoi\u0107 sobie geodeta, aby m\u00f3g\u0142 dobrze prowadzi\u0107 prace. Istotnym czynnikiem jest tu te\u017c ogrom i dynamika zmian w uregulowaniach, kt\u00f3re musi respektowa\u0107.<\/p>\n<p style=\"text-align: justify;\"><strong><em>G<\/em><\/strong><em>rzegorz Olejarz <\/em>(Geomatyka w Krakowie) w prezentacji na \u017cywo przedstawi\u0142 oprogramowanie pozwalaj\u0105ce na prowadzenie koordynacji sytuowania uzbrojenia podziemnego terenu. Prezentowane opracowanie zawiera portal prowadz\u0105cego narad\u0119, portal projektanta i bran\u017cysty.<\/p>\n<p style=\"text-align: justify;\"><strong><em>J<\/em><\/strong><em>adwiga \u0141opusiewicz<\/em> (Architekt Miasta Legnicy) wskaza\u0142a na zmiany, jakie przesz\u0142a geodezja (nowe narz\u0119dzia do pozyskiwania danych, a zw\u0142aszcza technologie fotogrametryczne pozyskiwania danych przestrzennych), zmiany w przepisach obowi\u0105zuj\u0105cych w geodezji oraz budownictwie i odnios\u0142a si\u0119 do skutk\u00f3w ich stosowania. Nie zawsze s\u0105 one zbie\u017cne z oczekiwaniami zainteresowanych. Uzna\u0142a, \u017ce mocno niezadowalaj\u0105co jest okre\u015blona procedura narady koordynacyjnej zwo\u0142ywanej przez starost\u0119, w celu wsparcia zamys\u0142u projektant\u00f3w w sytuowaniu planowanego przebiegu uzbrojenia podziemnego terenu.<\/p>\n<p><img loading=\"lazy\" decoding=\"async\" class=\"size-full wp-image-950\" style=\"margin-right: auto; margin-left: auto; display: block;\" src=\"https:\/\/sgp.geodezja.org.pl\/wp-content\/uploads\/2015\/10\/X_Konferencja_Legnica_2015_8.jpg\" alt=\"\" width=\"200\" height=\"107\" srcset=\"https:\/\/sgp.geodezja.org.pl\/wp-content\/uploads\/2015\/10\/X_Konferencja_Legnica_2015_8.jpg 1500w, https:\/\/sgp.geodezja.org.pl\/wp-content\/uploads\/2015\/10\/X_Konferencja_Legnica_2015_8-800x430.jpg 800w, https:\/\/sgp.geodezja.org.pl\/wp-content\/uploads\/2015\/10\/X_Konferencja_Legnica_2015_8-300x161.jpg 300w, https:\/\/sgp.geodezja.org.pl\/wp-content\/uploads\/2015\/10\/X_Konferencja_Legnica_2015_8-1024x550.jpg 1024w, https:\/\/sgp.geodezja.org.pl\/wp-content\/uploads\/2015\/10\/X_Konferencja_Legnica_2015_8-768x413.jpg 768w\" sizes=\"auto, (max-width: 200px) 100vw, 200px\" \/><\/p>\n<p style=\"text-align: center;\"><strong><em>&#8230;na wsp\u00f3lnej fotografii przed wej\u015bciem do budynku, w kt\u00f3rym toczy\u0142y si\u0119 obrady konferencji &#8230;<\/em><\/strong><\/p>\n<p style=\"text-align: justify;\"><strong><em>B<\/em><\/strong><em>eata Wiktorowska <\/em>(Urz\u0105d Miasta \u0141odzi) przedstawi\u0142a stan zinformatyzowania zasobu geodezyjnego oraz sposobu \u015bwiadczenia us\u0142ug geodezyjnych i kartograficznych zainteresowanym informacj\u0105 przestrzenn\u0105. Do wykonywania tych prac jest zaanga\u017cowanych 150 os\u00f3b.<\/p>\n<p style=\"text-align: justify;\"><strong><em>M<\/em><\/strong><em>arcin Sosi\u0144ski<\/em> (Starostwo Powiatowe w Wo\u0142ominie) dzieli\u0142 si\u0119 swoim sposobem radzenia sobie z trudnym respektowaniem niezbyt jasno sformu\u0142owanych norm zawartych w przepisach prawa, kt\u00f3rym musi podporz\u0105dkowa\u0107 si\u0119 geodeta.<\/p>\n<p style=\"text-align: justify;\"><strong><em>A<\/em><\/strong><em>licja Meusz<\/em> zarysowa\u0142a obowi\u0105zki s\u0142u\u017cby geodezyjnej szczebla powiatowego oraz odpowiedzialno\u015b\u0107 geodety za wyniki swej pracy. Bardzo mocno akcentowa\u0142a konieczno\u015b\u0107 rzetelnego traktowania przez geodet\u0119 tych obowi\u0105zk\u00f3w.<\/p>\n<p style=\"text-align: justify;\"><strong><em>J<\/em><\/strong><em>olanta Kaleta<\/em> prowadz\u0105ca dyskusj\u0119, w kt\u00f3rej dominowa\u0142y pytania wynikaj\u0105ce z w\u0105tpliwo\u015bci w sposobie prowadzenia narady koordynacyjnej przywo\u0142ywa\u0142a <em>\u201edobre praktyki\u201d <\/em>w radzeniu sobie z problemami pojawiaj\u0105cymi si\u0119 w urz\u0119dzie legnickim. Przy tym akcentowa\u0142a znaczenie jako\u015bci i aktualno\u015bci danych opisuj\u0105cych elementy sieci uzbrojenia terenu, jak te\u017c punkt\u00f3w osnowy geodezyjnej dla najbardziej wiarygodnego wsparcia projektanta.<\/p>\n<p style=\"text-align: justify;\"><strong><em>S<\/em><\/strong><em>tanis\u0142aw Cegielski<\/em> odnosz\u0105c si\u0119 do wypowiedzi dyskutuj\u0105cych os\u00f3b zaproponowa\u0142, aby konferencja zechcia\u0142a przyj\u0105\u0107 wniosek o powo\u0142anie zespo\u0142u, w kt\u00f3rym geodeci, projektanci i administratorzy sieci mogli przedyskutowa\u0107 w\u0105tpliwo\u015bci jakie dostrzegaj\u0105 w obowi\u0105zuj\u0105cych przepisach prawa i wskaza\u0107 \u015bcie\u017cki poprawy niezadowalaj\u0105cych ustale\u0144.<\/p>\n<p style=\"text-align: justify;\"><strong>K<\/strong>onferencja stanowi\u0142a tak\u017ce okazj\u0119 do wypoczynku w czwartkowy wiecz\u00f3r, podczas kt\u00f3rego mo\u017cna by\u0142o podziwia\u0107 popisy wokalne i taneczne zespo\u0142u folklorystycznego i par prezentuj\u0105cych ta\u0144ce towarzyskie. Znalaz\u0142o si\u0119 nieco czasu na zwiedzanie miasta i odwiedziny w muzeum.<\/p>\n<p>Tekst i zdj\u0119cia Stanis\u0142aw Marcin Wili\u0144ski<\/p>\n<p><a href=\"https:\/\/sgp.geodezja.org.pl\/wp-content\/uploads\/2015\/10\/PG_Legnica_X_konferencja_2015.pdf\" rel=\"alternate\"><span style=\"color: #008000;\">Relacja (pdf) &gt;&gt;&gt;<\/span><\/a><\/p>\n<p><a href=\"https:\/\/sgp.geodezja.org.pl\/wp-content\/uploads\/2015\/10\/PG_Legnica_X_konferencja_2015_obszerna.pdf\" rel=\"alternate\">Pe\u0142ne sprawozdanie z konferencji &gt;&gt;&gt;<\/a><\/p>\n<p style=\"text-align: right;\">VK<\/p>\n<p>\u00a0<\/p>","protected":false},"excerpt":{"rendered":"<p>Otwieraj\u0105c dziesi\u0105t\u0105 konferencj\u0119 techniczn\u0105, kt\u00f3ra odby\u0142a si\u0119 w dniach 15 i 16 pa\u017adziernika 2015 roku w Legnicy, Wies\u0142aw Firlici\u0144ski Prezes Honorowy SGP w Legnicy powita\u0142 jej uczestnik\u00f3w i przedstawi\u0142 zaproszonych go\u015bci, w osobach: Gra\u017cyny Sko\u0142bani, Anny Seremet, Jerzego Zieli\u0144skiego reprezentant\u00f3w G\u0142\u00f3wnego Urz\u0119du Geodezji i Kartografii; Alicji Meusz Dolnoslaskiego Wojew\u00f3dzkiego Inspektora Nadzoru Geodezyjnego i Kartograficznego; Roberta [&hellip;]<\/p>\n","protected":false},"author":2,"featured_media":943,"comment_status":"open","ping_status":"open","sticky":false,"template":"","format":"standard","meta":{"two_page_speed":[],"footnotes":""},"categories":[10],"tags":[],"class_list":["post-953","post","type-post","status-publish","format-standard","has-post-thumbnail","hentry","category-informacje"],"_links":{"self":[{"href":"https:\/\/sgp.geodezja.org.pl\/en\/wp-json\/wp\/v2\/posts\/953","targetHints":{"allow":["GET"]}}],"collection":[{"href":"https:\/\/sgp.geodezja.org.pl\/en\/wp-json\/wp\/v2\/posts"}],"about":[{"href":"https:\/\/sgp.geodezja.org.pl\/en\/wp-json\/wp\/v2\/types\/post"}],"author":[{"embeddable":true,"href":"https:\/\/sgp.geodezja.org.pl\/en\/wp-json\/wp\/v2\/users\/2"}],"replies":[{"embeddable":true,"href":"https:\/\/sgp.geodezja.org.pl\/en\/wp-json\/wp\/v2\/comments?post=953"}],"version-history":[{"count":0,"href":"https:\/\/sgp.geodezja.org.pl\/en\/wp-json\/wp\/v2\/posts\/953\/revisions"}],"wp:featuredmedia":[{"embeddable":true,"href":"https:\/\/sgp.geodezja.org.pl\/en\/wp-json\/wp\/v2\/media\/943"}],"wp:attachment":[{"href":"https:\/\/sgp.geodezja.org.pl\/en\/wp-json\/wp\/v2\/media?parent=953"}],"wp:term":[{"taxonomy":"category","embeddable":true,"href":"https:\/\/sgp.geodezja.org.pl\/en\/wp-json\/wp\/v2\/categories?post=953"},{"taxonomy":"post_tag","embeddable":true,"href":"https:\/\/sgp.geodezja.org.pl\/en\/wp-json\/wp\/v2\/tags?post=953"}],"curies":[{"name":"wp","href":"https:\/\/api.w.org\/{rel}","templated":true}]}}