{"id":964,"date":"2015-10-25T20:40:58","date_gmt":"2015-10-25T19:40:58","guid":{"rendered":"https:\/\/2.budowaniestron.pl\/ii-mistrzostwa-polski-geodetow-w-tenisie-stolowym-w-kazimierzy-wielkiej-rozegrane\/"},"modified":"2015-10-25T20:40:58","modified_gmt":"2015-10-25T19:40:58","slug":"ii-mistrzostwa-polski-geodetow-w-tenisie-stolowym-w-kazimierzy-wielkiej-rozegrane","status":"publish","type":"post","link":"https:\/\/sgp.geodezja.org.pl\/en\/ii-mistrzostwa-polski-geodetow-w-tenisie-stolowym-w-kazimierzy-wielkiej-rozegrane\/","title":{"rendered":"II Mistrzostwa Polski Geodet\u00f3w w Tenisie Sto\u0142owym w Kazimierzy Wielkiej rozegrane"},"content":{"rendered":"<p style=\"text-align: justify;\">W dniach 3-4 pa\u017adziernika 2015 roku w Kazimierskim O\u015brodku Sportowym odby\u0142y si\u0119 <strong>II Mistrzostwa Polski Geodet\u00f3w w Tenisie Sto\u0142owym<\/strong>. Organizacja Mistrzostw Polski mia\u0142a na celu promowanie i upowszechnianie aktywno\u015bci sportowej w \u015brodowisku geodet\u00f3w, popularyzacj\u0119 tenisa sto\u0142owego, integracj\u0119 geodet\u00f3w z ca\u0142ej Polski oraz promocj\u0119 wojew\u00f3dztwa \u015bwi\u0119tokrzyskiego.<\/p>\n<p>  <!--more-->  <\/p>\n<p style=\"text-align: justify;\">\u00a0<\/p>\n<p style=\"text-align: justify;\">W dniach 3-4 pa\u017adziernika 2015 roku w Kazimierskim O\u015brodku Sportowym odby\u0142y si\u0119 <strong>II Mistrzostwa Polski Geodet\u00f3w w Tenisie Sto\u0142owym<\/strong>. Organizacja Mistrzostw Polski mia\u0142a na celu promowanie i upowszechnianie aktywno\u015bci sportowej w \u015brodowisku geodet\u00f3w, popularyzacj\u0119 tenisa sto\u0142owego, integracj\u0119 geodet\u00f3w z ca\u0142ej Polski oraz promocj\u0119 wojew\u00f3dztwa \u015bwi\u0119tokrzyskiego.<\/p>\n<p><strong>Tego zadania podj\u0105\u0142 si\u0119 Komitet Organizacyjny w sk\u0142adzie:<\/strong><\/p>\n<ol>\n<li>Stefan Marzec \u2013 Prezes Kazimierskiego O\u015brodka Sportowego w Kazimierzy Wielkiej \u2013 Kierownik Mistrzostw<\/li>\n<li>Tadeusz P\u0119ski \u2013 Prezes Oddzia\u0142u SGP w Kazimierzy\u00a0 Wielkiej \u2013 z-ca Kierownika Mistrzostw,<\/li>\n<li>Jerzy Bara\u0144ski \u2013 Prezes \u015awi\u0119tokrzyskiego Oddzia\u0142u SGP,<\/li>\n<li>Krzysztof Tomasik \u2013 Vice Prezes \u015awi\u0119tokrzyskiego Oddzia\u0142u SGP,<\/li>\n<li>Danuta Bil \u2013 Vice Prezes \u015awi\u0119tokrzyskiego Oddzia\u0142u SGP.<\/li>\n<\/ol>\n<p><strong>Patronat honorowy obj\u0119li:<\/strong><\/p>\n<ul>\n<li>G\u0142\u00f3wny Geodeta Kraju \u2013 Kazimierz Bujakowski,<\/li>\n<li>Prezes Stowarzyszenia Geodet\u00f3w Polskich \u2013 Stanis\u0142aw Cegielski,<\/li>\n<li>Wojewoda \u015awi\u0119tokrzyski \u2013 Bo\u017centyna Pa\u0142ka- Koruba,<\/li>\n<li>Marsza\u0142ek Wojew\u00f3dztwa \u015awi\u0119tokrzyskiego \u2013 Adam Jarubas,<\/li>\n<li>\u015awi\u0119tokrzyski Wojew\u00f3dzki Inspektor Nadzoru Geodezyjnego\u00a0 i Kartograficznego \u2013 Andrzej Reczy\u0144ski,<\/li>\n<li>Starosta Kazimierski \u2013 Jan Nowak,<\/li>\n<li>Burmistrz Miasta i Gminy w Kazimierzy Wielkiej \u2013 Adam Bodzioch.<\/li>\n<\/ul>\n<p><strong>Patronat medialny obj\u0119li:<\/strong><\/p>\n<p style=\"padding-left: 30px;\">Przegl\u0105d Geodezyjny, TVP Kielce, Radio Kielce i Echo Dnia.<\/p>\n<p>Do turnieju zg\u0142osi\u0142o si\u0119 9 kobiet i\u00a0 31 m\u0119\u017cczyzn.\u00a0 S\u0119dzi\u0105 G\u0142\u00f3wnym zawod\u00f3w by\u0142a Karolina Marzec.<\/p>\n<p><strong>Swoj\u0105 obecno\u015bci\u0105 zawody zaszczycili:<\/strong><\/p>\n<ul>\n<li>Wiceprzewodnicz\u0105cy Sejmiku \u015awi\u0119tokrzyskiego \u2013 Tadeusz Kowalczyk,<\/li>\n<li>\u015awi\u0119tokrzyski Wojew\u00f3dzki Inspektor Nadzoru Geodezyjnego\u00a0 i Kartograficznego \u2013 Andrzej Reczy\u0144ski,<\/li>\n<li>Starosta Kazimierski \u2013 Jan Nowak,<\/li>\n<li>V-ce Starosta Kazimierski \u2013 Micha\u0142 Bucki,<\/li>\n<li>Zast\u0119pca Burmistrz Miasta i Gminy w Kazimierzy Wielkiej \u2013 \u0141ukasz Maderak.<\/li>\n<\/ul>\n<p>G\u0142\u00f3wny Geodeta Kraju \u2013 Kazimierz Bujakowski przys\u0142a\u0142 list gratulacyjny.<\/p>\n<p><img loading=\"lazy\" decoding=\"async\" class=\"size-full wp-image-962\" style=\"margin-right: auto; margin-left: auto; display: block;\" src=\"https:\/\/sgp.geodezja.org.pl\/wp-content\/uploads\/2015\/10\/Tenis_stolowy_Kielce_1_s.jpg\" alt=\"\" width=\"200\" height=\"113\" srcset=\"https:\/\/sgp.geodezja.org.pl\/wp-content\/uploads\/2015\/10\/Tenis_stolowy_Kielce_1_s.jpg 1500w, https:\/\/sgp.geodezja.org.pl\/wp-content\/uploads\/2015\/10\/Tenis_stolowy_Kielce_1_s-800x450.jpg 800w, https:\/\/sgp.geodezja.org.pl\/wp-content\/uploads\/2015\/10\/Tenis_stolowy_Kielce_1_s-300x169.jpg 300w, https:\/\/sgp.geodezja.org.pl\/wp-content\/uploads\/2015\/10\/Tenis_stolowy_Kielce_1_s-1024x576.jpg 1024w, https:\/\/sgp.geodezja.org.pl\/wp-content\/uploads\/2015\/10\/Tenis_stolowy_Kielce_1_s-768x432.jpg 768w, https:\/\/sgp.geodezja.org.pl\/wp-content\/uploads\/2015\/10\/Tenis_stolowy_Kielce_1_s-107x60.jpg 107w\" sizes=\"auto, (max-width: 200px) 100vw, 200px\" \/><\/p>\n<p style=\"text-align: justify;\">Test Wiedzy o Tenisie Sto\u0142owym opracowany przez Ludmi\u0142\u0119 Pietrzak \u2013 Wiceprezesa Stowarzyszenia Geodet\u00f3w Polskich oraz Micha\u0142a Wolnego \u2013 S\u0119dziego Mi\u0119dzynarodowego Tenisa Sto\u0142owego najlepiej rozwi\u0105za\u0142 Jakub B\u0142ahut i Monika Ka\u0142muk<\/p>\n<p style=\"text-align: justify;\">Zwyci\u0119zcy otrzymali: medale, puchary oraz nagrody rzeczowe.<\/p>\n<p style=\"text-align: justify;\">Ka\u017cdy uczestnik zawod\u00f3w otrzyma\u0142 pami\u0105tkowy dyplom oraz medal i koszulk\u0119 specjalnie zaprojektowan\u0105 na Mistrzostwa.<\/p>\n<p style=\"text-align: justify;\"><strong>Nagrod\u0119 specjaln\u0105 \u2013 Puchar Przegl\u0105du Geodezyjnego<\/strong> &#8211; za SUPER PING-PONG &#8211; kapitu\u0142a przyzna\u0142a Stefanowi Marzec.<\/p>\n<p><img loading=\"lazy\" decoding=\"async\" class=\"size-full wp-image-963\" style=\"margin-right: auto; margin-left: auto; display: block;\" src=\"https:\/\/sgp.geodezja.org.pl\/wp-content\/uploads\/2015\/10\/Tenis_stolowy_Kielce_2_s.jpg\" alt=\"\" width=\"200\" height=\"50\" srcset=\"https:\/\/sgp.geodezja.org.pl\/wp-content\/uploads\/2015\/10\/Tenis_stolowy_Kielce_2_s.jpg 1500w, https:\/\/sgp.geodezja.org.pl\/wp-content\/uploads\/2015\/10\/Tenis_stolowy_Kielce_2_s-800x201.jpg 800w, https:\/\/sgp.geodezja.org.pl\/wp-content\/uploads\/2015\/10\/Tenis_stolowy_Kielce_2_s-300x75.jpg 300w, https:\/\/sgp.geodezja.org.pl\/wp-content\/uploads\/2015\/10\/Tenis_stolowy_Kielce_2_s-1024x257.jpg 1024w, https:\/\/sgp.geodezja.org.pl\/wp-content\/uploads\/2015\/10\/Tenis_stolowy_Kielce_2_s-768x193.jpg 768w\" sizes=\"auto, (max-width: 200px) 100vw, 200px\" \/><\/p>\n<p>Wyniki:<\/p>\n<p style=\"text-align: center;\"><strong>Kategoria: Kobiety<\/strong><\/p>\n<table class=\"tabelka\" style=\"margin-right: auto; margin-left: auto;\">\n<tbody>\n<tr>\n<td>\n<p><strong>L.p.<\/strong><\/p>\n<\/td>\n<td width=\"281\">\n<p><strong>Nazwisko i Imi\u0119<\/strong><\/p>\n<\/td>\n<td width=\"65\">\n<p><strong>Miejsce<\/strong><\/p>\n<\/td>\n<\/tr>\n<tr>\n<td>\n<p>1<\/p>\n<\/td>\n<td width=\"281\">\n<p>Wr\u00f3bel Karolina \/InterTIM\/<\/p>\n<\/td>\n<td width=\"65\">\n<p>I<\/p>\n<\/td>\n<\/tr>\n<tr>\n<td>\n<p>2<\/p>\n<\/td>\n<td width=\"281\">\n<p>Szyma\u0144ska Barbara \/Kielce\/<\/p>\n<\/td>\n<td width=\"65\">\n<p>II<\/p>\n<\/td>\n<\/tr>\n<tr>\n<td>\n<p>3<\/p>\n<\/td>\n<td width=\"281\">\n<p>Lipiec &#8211; Chamera Agnieszka\/Ostrowiec\/<\/p>\n<\/td>\n<td width=\"65\">\n<p>III<\/p>\n<\/td>\n<\/tr>\n<tr>\n<td>\n<p>4<\/p>\n<\/td>\n<td width=\"281\">\n<p>Kasprzyk El\u017cbieta \/Kielce\/<\/p>\n<\/td>\n<td width=\"65\">\n<p>IV<\/p>\n<\/td>\n<\/tr>\n<\/tbody>\n<\/table>\n<p style=\"text-align: center;\"><strong>Kategoria: M\u0119\u017cczy\u017ani do 40 lat<\/strong><\/p>\n<table class=\"tabelka\" style=\"margin-right: auto; margin-left: auto;\">\n<tbody>\n<tr>\n<td>\n<p><strong>L.p.<\/strong><\/p>\n<\/td>\n<td width=\"281\">\n<p><strong>Nazwisko i Imi\u0119<\/strong><\/p>\n<\/td>\n<td width=\"65\">\n<p><strong>Miejsce<\/strong><\/p>\n<\/td>\n<\/tr>\n<tr>\n<td>\n<p>1<\/p>\n<\/td>\n<td width=\"281\">\n<p>B\u0142ahut Jakub \/Rzesz\u00f3w\/<\/p>\n<\/td>\n<td width=\"65\">\n<p>I<\/p>\n<\/td>\n<\/tr>\n<tr>\n<td>\n<p>2<\/p>\n<\/td>\n<td width=\"281\">\n<p>Starzomski Adrian \/Ostrowiec\/<\/p>\n<\/td>\n<td width=\"65\">\n<p>II<\/p>\n<\/td>\n<\/tr>\n<tr>\n<td>\n<p>3<\/p>\n<\/td>\n<td width=\"281\">\n<p>Pud\u0142o Adrian \/Ruda \u015al\u0105ska\/<\/p>\n<\/td>\n<td width=\"65\">\n<p>III<\/p>\n<\/td>\n<\/tr>\n<tr>\n<td>\n<p>4<\/p>\n<\/td>\n<td width=\"281\">\n<p>Kasperczyk Kamil \/Busko Zdr\u00f3j\/<\/p>\n<\/td>\n<td width=\"65\">\n<p>IV<\/p>\n<\/td>\n<\/tr>\n<\/tbody>\n<\/table>\n<p style=\"text-align: center;\"><strong>Kategoria: M\u0119\u017cczy\u017ani 41-60 lat<\/strong><\/p>\n<table class=\"tabelka\" style=\"margin-right: auto; margin-left: auto;\">\n<tbody>\n<tr>\n<td>\n<p><strong>L.p.<\/strong><\/p>\n<\/td>\n<td width=\"281\">\n<p><strong>Nazwisko i Imi\u0119<\/strong><\/p>\n<\/td>\n<td width=\"65\">\n<p><strong>Miejsce<\/strong><\/p>\n<\/td>\n<\/tr>\n<tr>\n<td>\n<p>1<\/p>\n<\/td>\n<td width=\"281\">\n<p>Zaborowski Robert \/Olsztyn\/<\/p>\n<\/td>\n<td width=\"65\">\n<p>I<\/p>\n<\/td>\n<\/tr>\n<tr>\n<td>\n<p>2<\/p>\n<\/td>\n<td width=\"281\">\n<p>Brylowski Dariusz \/E\u0142k\/<\/p>\n<\/td>\n<td width=\"65\">\n<p>II<\/p>\n<\/td>\n<\/tr>\n<tr>\n<td>\n<p>3<\/p>\n<\/td>\n<td width=\"281\">\n<p>Pilip Zbigniew \/Lipsko- Zamo\u015b\u0107\/<\/p>\n<\/td>\n<td width=\"65\">\n<p>III<\/p>\n<\/td>\n<\/tr>\n<tr>\n<td>\n<p>4<\/p>\n<\/td>\n<td width=\"281\">\n<p>Wi\u015bniewski Stanis\u0142aw \/Brodnica\/<\/p>\n<\/td>\n<td width=\"65\">\n<p>IV<\/p>\n<\/td>\n<\/tr>\n<\/tbody>\n<\/table>\n<p style=\"text-align: center;\"><strong>Kategoria: M\u0119\u017cczy\u017ani pow. 60 lat<\/strong><\/p>\n<table class=\"tabelka\" style=\"margin-right: auto; margin-left: auto;\">\n<tbody>\n<tr>\n<td>\n<p><strong>L.p.<\/strong><\/p>\n<\/td>\n<td width=\"281\">\n<p><strong>Nazwisko i Imi\u0119<\/strong><\/p>\n<\/td>\n<td width=\"65\">\n<p><strong>Miejsce<\/strong><\/p>\n<\/td>\n<\/tr>\n<tr>\n<td>\n<p>1<\/p>\n<\/td>\n<td width=\"281\">\n<p>Wolny Micha\u0142 \/Ruda \u015al\u0105ska\/<\/p>\n<\/td>\n<td width=\"65\">\n<p>I<\/p>\n<\/td>\n<\/tr>\n<tr>\n<td>\n<p>2<\/p>\n<\/td>\n<td width=\"281\">\n<p>Marzec Stefan \/Kazimierza Wielka\/<\/p>\n<\/td>\n<td width=\"65\">\n<p>II<\/p>\n<\/td>\n<\/tr>\n<tr>\n<td>\n<p>3<\/p>\n<\/td>\n<td width=\"281\">\n<p>Buczek Alfred \/Lublin\/<\/p>\n<\/td>\n<td width=\"65\">\n<p>III<\/p>\n<\/td>\n<\/tr>\n<tr>\n<td>\n<p>4<\/p>\n<\/td>\n<td width=\"281\">\n<p>W\u00f3jcik Wies\u0142aw \/Lublin\/<\/p>\n<\/td>\n<td width=\"65\">\n<p>IV<\/p>\n<\/td>\n<\/tr>\n<\/tbody>\n<\/table>\n<p style=\"text-align: center;\"><strong>Kategoria: Debel Kobiet<\/strong><\/p>\n<table class=\"tabelka\" style=\"height: 211px; margin-right: auto; margin-left: auto;\" width=\"450\">\n<tbody>\n<tr>\n<td>\n<p><strong>L.p.<\/strong><\/p>\n<\/td>\n<td>\n<p><strong>Nazwisko i Imi\u0119<\/strong><\/p>\n<\/td>\n<td>\n<p><strong>Miejsce<\/strong><\/p>\n<\/td>\n<\/tr>\n<tr>\n<td>\n<p>1<\/p>\n<\/td>\n<td>\n<p>Wr\u00f3bel Karolina &#8211; Nizio Gabriela<\/p>\n<\/td>\n<td>\n<p>I<\/p>\n<\/td>\n<\/tr>\n<tr>\n<td>\n<p>2<\/p>\n<\/td>\n<td>\n<p>Kasprzyk El\u017cbieta &#8211; Szyma\u0144ska Barbara<\/p>\n<\/td>\n<td>\n<p>II<\/p>\n<\/td>\n<\/tr>\n<tr>\n<td>\n<p>3<\/p>\n<\/td>\n<td>\n<p>Ka\u0142muk Monika &#8211; Lipiec-Chamera Agnieszka<\/p>\n<\/td>\n<td>\n<p>III<\/p>\n<\/td>\n<\/tr>\n<tr>\n<td>\n<p>4<\/p>\n<\/td>\n<td>\n<p>Pietrzak Ludmi\u0142a &#8211; Podg\u00f3rna-\u0106wik Dorota<\/p>\n<\/td>\n<td>\n<p>IV<\/p>\n<\/td>\n<\/tr>\n<\/tbody>\n<\/table>\n<p style=\"text-align: center;\"><strong>Kategoria: Debel M\u0119\u017cczyzn<\/strong><\/p>\n<table class=\"tabelka\" style=\"margin-right: auto; margin-left: auto;\">\n<tbody>\n<tr>\n<td>\n<p><strong>L.p.<\/strong><\/p>\n<\/td>\n<td width=\"338\">\n<p><strong>Nazwisko i Imi\u0119<\/strong><\/p>\n<\/td>\n<td width=\"65\">\n<p><strong>Miejsce<\/strong><\/p>\n<\/td>\n<\/tr>\n<tr>\n<td>\n<p>1<\/p>\n<\/td>\n<td width=\"338\">\n<p>Wolny Micha\u0142 &#8211; Koniuch Jan<\/p>\n<\/td>\n<td width=\"65\">\n<p>I<\/p>\n<\/td>\n<\/tr>\n<tr>\n<td>\n<p>2<\/p>\n<\/td>\n<td width=\"338\">\n<p>Zaborowski Robert &#8211; Wi\u015bniewski Stanis\u0142aw<\/p>\n<\/td>\n<td width=\"65\">\n<p>II<\/p>\n<\/td>\n<\/tr>\n<tr>\n<td>\n<p>3<\/p>\n<\/td>\n<td width=\"338\">\n<p>Brylowski Dariusz &#8211; Pi\u00f3rkowski Marcin<\/p>\n<\/td>\n<td width=\"65\">\n<p>III<\/p>\n<\/td>\n<\/tr>\n<tr>\n<td>\n<p>4<\/p>\n<\/td>\n<td width=\"338\">\n<p>Buczek Alfred &#8211; W\u00f3jcik Wies\u0142aw<\/p>\n<\/td>\n<td width=\"65\">\n<p>IV<\/p>\n<\/td>\n<\/tr>\n<\/tbody>\n<\/table>\n<p style=\"text-align: center;\"><strong>Kategoria: Mikst<\/strong><\/p>\n<table class=\"tabelka\" style=\"height: 211px; margin-right: auto; margin-left: auto;\" width=\"442\">\n<tbody>\n<tr>\n<td>\n<p><strong>L.p.<\/strong><\/p>\n<\/td>\n<td>\n<p><strong>Nazwisko i Imi\u0119<\/strong><\/p>\n<\/td>\n<td>\n<p><strong>Miejsce<\/strong><\/p>\n<\/td>\n<\/tr>\n<tr>\n<td>\n<p>1<\/p>\n<\/td>\n<td>\n<p>Wr\u00f3bel Karolina &#8211; Brylowski Dariusz<\/p>\n<\/td>\n<td>\n<p>I<\/p>\n<\/td>\n<\/tr>\n<tr>\n<td>\n<p>2<\/p>\n<\/td>\n<td>\n<p>Kasprzyk El\u017cbieta &#8211; Marzec Stefan<\/p>\n<\/td>\n<td>\n<p>II<\/p>\n<\/td>\n<\/tr>\n<tr>\n<td>\n<p>3<\/p>\n<\/td>\n<td>\n<p>Ka\u0142muk Monika &#8211; Buczek Alfred<\/p>\n<\/td>\n<td>\n<p>III<\/p>\n<\/td>\n<\/tr>\n<tr>\n<td>\n<p>4<\/p>\n<\/td>\n<td>\n<p>Lipiec \u2013 Chamera Agnieszka &#8211; Kwasiborski Stanis\u0142aw<\/p>\n<\/td>\n<td>\n<p>IV<\/p>\n<\/td>\n<\/tr>\n<\/tbody>\n<\/table>\n<p style=\"text-align: center;\"><strong>Kategoria: Open M\u0119\u017cczyzn<\/strong><\/p>\n<table class=\"tabelka\" style=\"margin-right: auto; margin-left: auto;\" width=\"268\">\n<tbody>\n<tr>\n<td width=\"30\">\n<p><strong>L.p.<\/strong><\/p>\n<\/td>\n<td width=\"155\">\n<p><strong>Nazwisko i Imi\u0119<\/strong><\/p>\n<\/td>\n<td width=\"79\">\n<p><strong>Miejsce<\/strong><\/p>\n<\/td>\n<\/tr>\n<tr>\n<td width=\"30\">\n<p>1<\/p>\n<\/td>\n<td width=\"155\">\n<p>Wolny Micha\u0142<\/p>\n<\/td>\n<td width=\"79\">\n<p>I<\/p>\n<\/td>\n<\/tr>\n<tr>\n<td width=\"30\">\n<p>2<\/p>\n<\/td>\n<td width=\"155\">\n<p>Marzec Stefan<\/p>\n<\/td>\n<td width=\"79\">\n<p>II<\/p>\n<\/td>\n<\/tr>\n<tr>\n<td width=\"30\">\n<p>3<\/p>\n<\/td>\n<td width=\"155\">\n<p>Zaborowski Robert<\/p>\n<\/td>\n<td width=\"79\">\n<p>III<\/p>\n<\/td>\n<\/tr>\n<tr>\n<td width=\"30\">\n<p>4<\/p>\n<\/td>\n<td width=\"155\">\n<p>Pilip Zbigniew<\/p>\n<\/td>\n<td width=\"79\">\n<p>IV<\/p>\n<\/td>\n<\/tr>\n<\/tbody>\n<\/table>\n<p style=\"text-align: center;\"><strong>Kategoria: Oddzia\u0142y SGP<\/strong><\/p>\n<table class=\"tabelka\" style=\"margin-right: auto; margin-left: auto;\" width=\"268\">\n<tbody>\n<tr>\n<td width=\"32\">\n<p><strong>L.p.<\/strong><\/p>\n<\/td>\n<td width=\"158\">\n<p><strong>Oddzia\u0142 SGP<\/strong><\/p>\n<\/td>\n<td width=\"74\">\n<p><strong>Miejsce<\/strong><\/p>\n<\/td>\n<\/tr>\n<tr>\n<td width=\"32\">\n<p>1<\/p>\n<\/td>\n<td width=\"158\">\n<p>Kielce<\/p>\n<\/td>\n<td width=\"74\">\n<p>I<\/p>\n<\/td>\n<\/tr>\n<tr>\n<td width=\"32\">\n<p>2<\/p>\n<\/td>\n<td width=\"158\">\n<p>Suwa\u0142ki<\/p>\n<\/td>\n<td width=\"74\">\n<p>II<\/p>\n<\/td>\n<\/tr>\n<tr>\n<td width=\"32\">\n<p>3<\/p>\n<\/td>\n<td width=\"158\">\n<p>Lublin<\/p>\n<\/td>\n<td width=\"74\">\n<p>III<\/p>\n<\/td>\n<\/tr>\n<tr>\n<td width=\"32\">\n<p>4<\/p>\n<\/td>\n<td width=\"158\">\n<p>Rzesz\u00f3w<\/p>\n<\/td>\n<td width=\"74\">\n<p>IV<\/p>\n<\/td>\n<\/tr>\n<\/tbody>\n<\/table>\n<p style=\"text-align: center;\"><strong>Kategoria: Ko\u0142a SGP<\/strong><\/p>\n<table class=\"tabelka\" style=\"margin-right: auto; margin-left: auto;\" width=\"268\">\n<tbody>\n<tr>\n<td width=\"32\">\n<p><strong>L.p.<\/strong><\/p>\n<\/td>\n<td width=\"158\">\n<p><strong>Ko\u0142a SGP<\/strong><\/p>\n<\/td>\n<td width=\"74\">\n<p><strong>Miejsce<\/strong><\/p>\n<\/td>\n<\/tr>\n<tr>\n<td width=\"32\">\n<p>1<\/p>\n<\/td>\n<td width=\"158\">\n<p>InterTIM Suwa\u0142ki<\/p>\n<\/td>\n<td width=\"74\">\n<p>I<\/p>\n<\/td>\n<\/tr>\n<tr>\n<td width=\"32\">\n<p>2<\/p>\n<\/td>\n<td width=\"158\">\n<p>Kielce<\/p>\n<\/td>\n<td width=\"74\">\n<p>II<\/p>\n<\/td>\n<\/tr>\n<tr>\n<td width=\"32\">\n<p>3<\/p>\n<\/td>\n<td width=\"158\">\n<p>Kazimierza Wielka<\/p>\n<\/td>\n<td width=\"74\">\n<p>III<\/p>\n<\/td>\n<\/tr>\n<tr>\n<td width=\"32\">\n<p>4<\/p>\n<\/td>\n<td width=\"158\">\n<p>Lublin<\/p>\n<\/td>\n<td width=\"74\">\n<p>IV<\/p>\n<\/td>\n<\/tr>\n<\/tbody>\n<\/table>\n<p>\u00a0<\/p>\n<p>Pe\u0142ne wyniki i relacje na stronie: <a href=\"http:\/\/test.kazimierzakos.pl\/index.php\/hala\/18-tenis-stolowy\/194-geod2015\" rel=\"alternate\"><span style=\"color: #008000;\">www.kazimierzakos.pl<\/span><\/a><\/p>\n<p><span style=\"color: #008000;\"><a style=\"color: #008000;\" href=\"http:\/\/pilarscy.eu\/index.php?\/category\/203\" rel=\"alternate\">Zobacz zdj\u0119cia udost\u0119pnione przez Dorot\u0119 i Zdzis\u0142awa Pilarskich &gt;&gt;&gt;<\/a><\/span><\/p>\n<p><span style=\"color: #008000;\"><a href=\"https:\/\/www.youtube.com\/watch?v=7kCSTUt7jIE&amp;list=UUTT7wlQB_2jFEXP-DG98Vmw&amp;index=2\" rel=\"alternate\">Zobacz film udost\u0119pniony przez Antoniego Kocel\u0119 &gt;&gt;&gt;<\/a><\/span><\/p>\n<p>Tekst Stefan Marzec, Tadeusz P\u0119ski.<\/p>\n<p style=\"text-align: right;\">VK<\/p>\n<p style=\"text-align: justify;\">\u00a0<\/p>","protected":false},"excerpt":{"rendered":"<p>W dniach 3-4 pa\u017adziernika 2015 roku w Kazimierskim O\u015brodku Sportowym odby\u0142y si\u0119 II Mistrzostwa Polski Geodet\u00f3w w Tenisie Sto\u0142owym. Organizacja Mistrzostw Polski mia\u0142a na celu promowanie i upowszechnianie aktywno\u015bci sportowej w \u015brodowisku geodet\u00f3w, popularyzacj\u0119 tenisa sto\u0142owego, integracj\u0119 geodet\u00f3w z ca\u0142ej Polski oraz promocj\u0119 wojew\u00f3dztwa \u015bwi\u0119tokrzyskiego.<\/p>","protected":false},"author":2,"featured_media":962,"comment_status":"open","ping_status":"open","sticky":false,"template":"","format":"standard","meta":{"two_page_speed":[],"footnotes":""},"categories":[10],"tags":[],"class_list":["post-964","post","type-post","status-publish","format-standard","has-post-thumbnail","hentry","category-informacje"],"_links":{"self":[{"href":"https:\/\/sgp.geodezja.org.pl\/en\/wp-json\/wp\/v2\/posts\/964","targetHints":{"allow":["GET"]}}],"collection":[{"href":"https:\/\/sgp.geodezja.org.pl\/en\/wp-json\/wp\/v2\/posts"}],"about":[{"href":"https:\/\/sgp.geodezja.org.pl\/en\/wp-json\/wp\/v2\/types\/post"}],"author":[{"embeddable":true,"href":"https:\/\/sgp.geodezja.org.pl\/en\/wp-json\/wp\/v2\/users\/2"}],"replies":[{"embeddable":true,"href":"https:\/\/sgp.geodezja.org.pl\/en\/wp-json\/wp\/v2\/comments?post=964"}],"version-history":[{"count":0,"href":"https:\/\/sgp.geodezja.org.pl\/en\/wp-json\/wp\/v2\/posts\/964\/revisions"}],"wp:featuredmedia":[{"embeddable":true,"href":"https:\/\/sgp.geodezja.org.pl\/en\/wp-json\/wp\/v2\/media\/962"}],"wp:attachment":[{"href":"https:\/\/sgp.geodezja.org.pl\/en\/wp-json\/wp\/v2\/media?parent=964"}],"wp:term":[{"taxonomy":"category","embeddable":true,"href":"https:\/\/sgp.geodezja.org.pl\/en\/wp-json\/wp\/v2\/categories?post=964"},{"taxonomy":"post_tag","embeddable":true,"href":"https:\/\/sgp.geodezja.org.pl\/en\/wp-json\/wp\/v2\/tags?post=964"}],"curies":[{"name":"wp","href":"https:\/\/api.w.org\/{rel}","templated":true}]}}