{"id":983,"date":"2015-11-02T12:45:12","date_gmt":"2015-11-02T11:45:12","guid":{"rendered":"https:\/\/2.budowaniestron.pl\/x-seminarium-z-cyklu-rozwoj-obszarow-wiejskich-28-pazdziernika-2015-r-relacja\/"},"modified":"2015-11-02T12:45:12","modified_gmt":"2015-11-02T11:45:12","slug":"x-seminarium-z-cyklu-rozwoj-obszarow-wiejskich-28-pazdziernika-2015-r-relacja","status":"publish","type":"post","link":"https:\/\/sgp.geodezja.org.pl\/en\/x-seminarium-z-cyklu-rozwoj-obszarow-wiejskich-28-pazdziernika-2015-r-relacja\/","title":{"rendered":"X Seminarium z cyklu \u201eRozw\u00f3j Obszar\u00f3w Wiejskich\u201d, 28 pa\u017adziernika 2015 r. &#8211; relacja"},"content":{"rendered":"<p><strong>W Szreniawie po raz dziesi\u0105ty &#8230;<\/strong><\/p>\n<p style=\"text-align: justify;\">Odbywaj\u0105ce si\u0119, w dniu 28 pa\u017adziernika 2015 roku, w Szreniawie seminarium z cyklu \u201eRozw\u00f3j obszar\u00f3w wiejskich\u201d by\u0142o dziesi\u0105tym i rozpocz\u0119\u0142o si\u0119 w bardziej podnios\u0142ym nastroju. Witaj\u0105c przyby\u0142ych na spotkanie Jan Ma\u0107kowiak Dyrektor Muzeum Narodowego Rolnictwa i Przemys\u0142u Rolno-Spo\u017cywczego w Szreniawie przedstawi\u0142 go\u015bci seminarium w osobach Jana Biela\u0144skiego by\u0142ego Dyrektora Departamentu Gospodark\u0105 Ziemi\u0105 Ministerstwa Rolnictwa i Rozwoju Wsi, Jerzego Koz\u0142owskiego Naczelnika Wydzia\u0142u Geodezji i Klasyfikacji Grunt\u00f3w Ministerstwa Rolnictwa i Rozwoju Wsi; Stanis\u0142awa Cegielskiego Prezesa Stowarzyszenia Geodet\u00f3w Polskich; prof. Ann\u0119 Ko\u0142odziejczak UAM w Poznaniu; Tadeusza Ko\u015bk\u0119 Politechnika \u0141\u00f3dzka; Zbigniewa Augustyniaka Prezesa CUTOB PZITB w Poznaniu.\u00a0<\/p>\n<p>  <!--more-->  <\/p>\n<p><strong>W Szreniawie po raz dziesi\u0105ty &#8230;<\/strong><\/p>\n<p style=\"text-align: justify;\">Odbywaj\u0105ce si\u0119, w dniu 28 pa\u017adziernika 2015 roku, w Szreniawie seminarium z cyklu \u201eRozw\u00f3j obszar\u00f3w wiejskich\u201d by\u0142o dziesi\u0105tym i rozpocz\u0119\u0142o si\u0119 w bardziej podnios\u0142ym nastroju.<\/p>\n<p style=\"text-align: center;\"><img loading=\"lazy\" decoding=\"async\" class=\"size-full wp-image-965\" style=\"margin-right: auto; margin-left: auto; display: block;\" src=\"https:\/\/sgp.geodezja.org.pl\/wp-content\/uploads\/2015\/11\/Szreniawa_2015_s_1.jpg\" alt=\"\" width=\"200\" height=\"119\" srcset=\"https:\/\/sgp.geodezja.org.pl\/wp-content\/uploads\/2015\/11\/Szreniawa_2015_s_1.jpg 1500w, https:\/\/sgp.geodezja.org.pl\/wp-content\/uploads\/2015\/11\/Szreniawa_2015_s_1-800x476.jpg 800w, https:\/\/sgp.geodezja.org.pl\/wp-content\/uploads\/2015\/11\/Szreniawa_2015_s_1-300x178.jpg 300w, https:\/\/sgp.geodezja.org.pl\/wp-content\/uploads\/2015\/11\/Szreniawa_2015_s_1-1024x609.jpg 1024w, https:\/\/sgp.geodezja.org.pl\/wp-content\/uploads\/2015\/11\/Szreniawa_2015_s_1-768x457.jpg 768w, https:\/\/sgp.geodezja.org.pl\/wp-content\/uploads\/2015\/11\/Szreniawa_2015_s_1-101x60.jpg 101w\" sizes=\"auto, (max-width: 200px) 100vw, 200px\" \/><\/p>\n<p style=\"text-align: center;\"><em><strong>\u2026 w oczekiwaniu na uczestnik\u00f3w seminarium: Waldemar Sztukiewicz, Jan Ma\u0107kowiak<\/strong><\/em><\/p>\n<p style=\"text-align: center;\"><em><strong><img loading=\"lazy\" decoding=\"async\" class=\"size-full wp-image-966\" src=\"https:\/\/sgp.geodezja.org.pl\/wp-content\/uploads\/2015\/11\/Szreniawa_2015_s_2.jpg\" alt=\"\" width=\"166\" height=\"200\" srcset=\"https:\/\/sgp.geodezja.org.pl\/wp-content\/uploads\/2015\/11\/Szreniawa_2015_s_2.jpg 828w, https:\/\/sgp.geodezja.org.pl\/wp-content\/uploads\/2015\/11\/Szreniawa_2015_s_2-800x966.jpg 800w, https:\/\/sgp.geodezja.org.pl\/wp-content\/uploads\/2015\/11\/Szreniawa_2015_s_2-248x300.jpg 248w, https:\/\/sgp.geodezja.org.pl\/wp-content\/uploads\/2015\/11\/Szreniawa_2015_s_2-768x928.jpg 768w\" sizes=\"auto, (max-width: 166px) 100vw, 166px\" \/><\/strong><\/em><\/p>\n<p style=\"text-align: center;\"><em><strong>Jan Ma\u0107kowiak wita przyby\u0142ych na spotkanie<\/strong><\/em><\/p>\n<p style=\"text-align: justify;\">Witaj\u0105c przyby\u0142ych na spotkanie Jan Ma\u0107kowiak Dyrektor Muzeum Narodowego Rolnictwa i Przemys\u0142u Rolno-Spo\u017cywczego w Szreniawie przedstawi\u0142 go\u015bci seminarium w osobach Jana Biela\u0144skiego by\u0142ego Dyrektora Departamentu Gospodark\u0105 Ziemi\u0105 Ministerstwa Rolnictwa i Rozwoju Wsi, Jerzego Koz\u0142owskiego Naczelnika Wydzia\u0142u Geodezji i Klasyfikacji Grunt\u00f3w Ministerstwa Rolnictwa i Rozwoju Wsi; Stanis\u0142awa Cegielskiego Prezesa Stowarzyszenia Geodet\u00f3w Polskich; prof. Ann\u0119 Ko\u0142odziejczak UAM w Poznaniu; Tadeusza Ko\u015bk\u0119 Politechnika \u0141\u00f3dzka; Zbigniewa Augustyniaka Prezesa CUTOB PZITB w Poznaniu.\u00a0Wyst\u0105pienie ko\u0144czy\u0142y bardzo serdeczne \u017cyczenia kierowane do Waldemara Sztukiewicza, wzmocnione przekazanym mu uroczystym adresem i albumem \u201eTERRA\u201d.<\/p>\n<p style=\"text-align: center;\"><img loading=\"lazy\" decoding=\"async\" class=\"size-full wp-image-967\" style=\"margin-right: auto; margin-left: auto; display: block;\" src=\"https:\/\/sgp.geodezja.org.pl\/wp-content\/uploads\/2015\/11\/Szreniawa_2015_s_3.jpg\" alt=\"\" width=\"200\" height=\"165\" srcset=\"https:\/\/sgp.geodezja.org.pl\/wp-content\/uploads\/2015\/11\/Szreniawa_2015_s_3.jpg 1214w, https:\/\/sgp.geodezja.org.pl\/wp-content\/uploads\/2015\/11\/Szreniawa_2015_s_3-800x659.jpg 800w, https:\/\/sgp.geodezja.org.pl\/wp-content\/uploads\/2015\/11\/Szreniawa_2015_s_3-300x247.jpg 300w, https:\/\/sgp.geodezja.org.pl\/wp-content\/uploads\/2015\/11\/Szreniawa_2015_s_3-1024x843.jpg 1024w, https:\/\/sgp.geodezja.org.pl\/wp-content\/uploads\/2015\/11\/Szreniawa_2015_s_3-768x633.jpg 768w\" sizes=\"auto, (max-width: 200px) 100vw, 200px\" \/><\/p>\n<p style=\"text-align: center;\"><em><strong>Medal \u201eAmigo societas\u201d Janowi Ma\u0107kowiakowi wr\u0119cza Stanis\u0142aw Cegielski<\/strong><\/em><\/p>\n<p style=\"text-align: center;\"><em><strong><img loading=\"lazy\" decoding=\"async\" class=\"size-full wp-image-968\" style=\"margin-right: auto; margin-left: auto; display: block;\" src=\"https:\/\/sgp.geodezja.org.pl\/wp-content\/uploads\/2015\/11\/Szreniawa_2015_s_4.jpg\" alt=\"\" width=\"200\" height=\"135\" srcset=\"https:\/\/sgp.geodezja.org.pl\/wp-content\/uploads\/2015\/11\/Szreniawa_2015_s_4.jpg 1482w, https:\/\/sgp.geodezja.org.pl\/wp-content\/uploads\/2015\/11\/Szreniawa_2015_s_4-800x540.jpg 800w, https:\/\/sgp.geodezja.org.pl\/wp-content\/uploads\/2015\/11\/Szreniawa_2015_s_4-300x202.jpg 300w, https:\/\/sgp.geodezja.org.pl\/wp-content\/uploads\/2015\/11\/Szreniawa_2015_s_4-1024x691.jpg 1024w, https:\/\/sgp.geodezja.org.pl\/wp-content\/uploads\/2015\/11\/Szreniawa_2015_s_4-768x518.jpg 768w\" sizes=\"auto, (max-width: 200px) 100vw, 200px\" \/><\/strong><\/em><\/p>\n<p style=\"text-align: center;\"><em><strong>Z\u0142ot\u0105 Honorow\u0105 Odznak\u0119 SGP Marii Jankowskiej wr\u0119cza Stanis\u0142aw Cegielski<\/strong><\/em><\/p>\n<p style=\"text-align: center;\"><em><strong><img loading=\"lazy\" decoding=\"async\" class=\"size-full wp-image-969\" src=\"https:\/\/sgp.geodezja.org.pl\/wp-content\/uploads\/2015\/11\/Szreniawa_2015_s_5.jpg\" alt=\"\" width=\"200\" height=\"54\" srcset=\"https:\/\/sgp.geodezja.org.pl\/wp-content\/uploads\/2015\/11\/Szreniawa_2015_s_5.jpg 1500w, https:\/\/sgp.geodezja.org.pl\/wp-content\/uploads\/2015\/11\/Szreniawa_2015_s_5-800x216.jpg 800w, https:\/\/sgp.geodezja.org.pl\/wp-content\/uploads\/2015\/11\/Szreniawa_2015_s_5-300x81.jpg 300w, https:\/\/sgp.geodezja.org.pl\/wp-content\/uploads\/2015\/11\/Szreniawa_2015_s_5-1024x276.jpg 1024w, https:\/\/sgp.geodezja.org.pl\/wp-content\/uploads\/2015\/11\/Szreniawa_2015_s_5-768x207.jpg 768w\" sizes=\"auto, (max-width: 200px) 100vw, 200px\" \/><\/strong><\/em><\/p>\n<p style=\"text-align: center;\"><em><strong>na sali obrad, od prawej Arkadiusz Je\u0142owicki, El\u017cbieta Wycza\u0142ek, Ireneusz Wycza\u0142ek, Zbigniew Augustyniak, Jerzy Koz\u0142owski<\/strong><\/em><\/p>\n<p style=\"text-align: justify;\">Waldemar Sztukiewicz Prezes Stowarzyszenia Geodet\u00f3w w Poznaniu powita\u0142 obecnych i wzruszony wyrazi\u0142 wielkie zadowolenie, \u017ce \u201eju\u017c po raz dziesi\u0105ty spotykamy si\u0119 tu, w miejscu wielce \u017cyczliwych nam ludzi\u201d. Dyrektorowi Muzeum Janowi Ma\u0107kowiakowi, znakomitemu muzealnikowi dzi\u0119kowa\u0142 za \u201emobilizowanie, sta\u0142e zach\u0119canie do wytrwa\u0142o\u015bci i utwierdzanie nas do kontynuowania postanowienia podj\u0119tego dziewi\u0119\u0107 lat temu\u201d.<\/p>\n<p><img loading=\"lazy\" decoding=\"async\" class=\"size-full wp-image-970\" style=\"margin-right: auto; margin-left: auto; display: block;\" src=\"https:\/\/sgp.geodezja.org.pl\/wp-content\/uploads\/2015\/11\/Szreniawa_2015_s_6.jpg\" alt=\"\" width=\"200\" height=\"97\" srcset=\"https:\/\/sgp.geodezja.org.pl\/wp-content\/uploads\/2015\/11\/Szreniawa_2015_s_6.jpg 1500w, https:\/\/sgp.geodezja.org.pl\/wp-content\/uploads\/2015\/11\/Szreniawa_2015_s_6-800x389.jpg 800w, https:\/\/sgp.geodezja.org.pl\/wp-content\/uploads\/2015\/11\/Szreniawa_2015_s_6-300x146.jpg 300w, https:\/\/sgp.geodezja.org.pl\/wp-content\/uploads\/2015\/11\/Szreniawa_2015_s_6-1024x498.jpg 1024w, https:\/\/sgp.geodezja.org.pl\/wp-content\/uploads\/2015\/11\/Szreniawa_2015_s_6-768x373.jpg 768w\" sizes=\"auto, (max-width: 200px) 100vw, 200px\" \/><\/p>\n<p style=\"text-align: center;\"><strong><em>Podzi\u0119kowanie za \u201etrwanie\u201d odbiera Tadeusz Ko\u015bka, od lewej: Waldemar Sztukiewicz, Maria Jankowska, Stanis\u0142aw Cegielski, Jan Ma\u0107kowiak<\/em><\/strong><\/p>\n<p style=\"text-align: center;\"><img loading=\"lazy\" decoding=\"async\" class=\"size-full wp-image-971\" style=\"margin-right: auto; margin-left: auto; display: block;\" src=\"https:\/\/sgp.geodezja.org.pl\/wp-content\/uploads\/2015\/11\/Szreniawa_2015_s_7.jpg\" alt=\"\" width=\"151\" height=\"200\" srcset=\"https:\/\/sgp.geodezja.org.pl\/wp-content\/uploads\/2015\/11\/Szreniawa_2015_s_7.jpg 756w, https:\/\/sgp.geodezja.org.pl\/wp-content\/uploads\/2015\/11\/Szreniawa_2015_s_7-227x300.jpg 227w\" sizes=\"auto, (max-width: 151px) 100vw, 151px\" \/><\/p>\n<p style=\"text-align: center;\"><strong><em>Waldemar Sztukiewicz otwiera obrady<\/em><\/strong><\/p>\n<p style=\"text-align: justify;\">Zarz\u0105d G\u0142\u00f3wny Stowarzyszenia Geodet\u00f3w Polskich, daj\u0105c wyraz uznania \u017cyczliwej przychylno\u015bci i ci\u0105g\u0142ego wspierania dzia\u0142a\u0144 stowarzyszeniowych geodet\u00f3w w Szreniawie, nada\u0142 Janowi Ma\u0107kowiakowi medal \u201eAmigo societas\u201d. Prezydium Zarz\u0105du G\u0142\u00f3wnego SGP nada\u0142o Z\u0142ot\u0105 Honorow\u0105 Odznak\u0105 SGP Marii Jankowskiej za ogromn\u0105 prac\u0119 dla wielkopolskiego Stowarzyszenia. Odznaczenia wr\u0119czy\u0142 Prezes Stanis\u0142aw Cegielski.<\/p>\n<p style=\"text-align: center;\"><img loading=\"lazy\" decoding=\"async\" class=\"size-full wp-image-972\" style=\"margin-right: auto; margin-left: auto; display: block;\" src=\"https:\/\/sgp.geodezja.org.pl\/wp-content\/uploads\/2015\/11\/Szreniawa_2015_s_8.jpg\" alt=\"\" width=\"185\" height=\"200\" srcset=\"https:\/\/sgp.geodezja.org.pl\/wp-content\/uploads\/2015\/11\/Szreniawa_2015_s_8.jpg 926w, https:\/\/sgp.geodezja.org.pl\/wp-content\/uploads\/2015\/11\/Szreniawa_2015_s_8-800x864.jpg 800w, https:\/\/sgp.geodezja.org.pl\/wp-content\/uploads\/2015\/11\/Szreniawa_2015_s_8-278x300.jpg 278w, https:\/\/sgp.geodezja.org.pl\/wp-content\/uploads\/2015\/11\/Szreniawa_2015_s_8-768x829.jpg 768w\" sizes=\"auto, (max-width: 185px) 100vw, 185px\" \/><\/p>\n<p style=\"text-align: center;\"><strong><em>Prof. Anna Ko\u0142odziejczak<\/em><\/strong><\/p>\n<p><img loading=\"lazy\" decoding=\"async\" class=\"size-full wp-image-973\" style=\"margin-right: auto; margin-left: auto; display: block;\" src=\"https:\/\/sgp.geodezja.org.pl\/wp-content\/uploads\/2015\/11\/Szreniawa_2015_s_9.jpg\" alt=\"\" width=\"176\" height=\"200\" srcset=\"https:\/\/sgp.geodezja.org.pl\/wp-content\/uploads\/2015\/11\/Szreniawa_2015_s_9.jpg 882w, https:\/\/sgp.geodezja.org.pl\/wp-content\/uploads\/2015\/11\/Szreniawa_2015_s_9-800x907.jpg 800w, https:\/\/sgp.geodezja.org.pl\/wp-content\/uploads\/2015\/11\/Szreniawa_2015_s_9-265x300.jpg 265w, https:\/\/sgp.geodezja.org.pl\/wp-content\/uploads\/2015\/11\/Szreniawa_2015_s_9-768x871.jpg 768w\" sizes=\"auto, (max-width: 176px) 100vw, 176px\" \/><\/p>\n<p style=\"text-align: center;\"><strong><em>Micha\u0142 Fiedler<\/em><\/strong><\/p>\n<p style=\"text-align: justify;\">Organizatorzy seminarium podzi\u0119kowali, stosownymi dyplomami, osobom, kt\u00f3re \u201etrwa\u0142y wiernie przy organizatorach przez kolejne lata tocz\u0105cego si\u0119 cyklu\u201d. S\u0105 nimi: Jan Biela\u0144ski, Jerzy Koz\u0142owski, Tadeusz Ko\u015bka, W\u0142odzimierz Kunach, Stanis\u0142aw Marcin Wili\u0144ski, Danuta Prus-G\u0142owacka, Arkadiusz Je\u0142owicki, Andrzej Konoplicki, Andrzej Krygier, Piotr Liberski, Kazimierz Owsianny, Wojciech Mielewczyk, Jerzy Piotrowski, Czes\u0142aw Winnowicz.<\/p>\n<p style=\"text-align: justify;\">Dziesi\u0105te spotkanie seminaryjne by\u0142o sposobno\u015bci\u0105 do przypomnienia tego, co by\u0142o istotne w odbytych dot\u0105d konferencjach. Maria Jankowska wskazywa\u0142a na te wyst\u0105pienia, kt\u00f3re odpowiada\u0142y na aktualne kwestie nurtuj\u0105ce \u015brodowisko zawodowe geodet\u00f3w w mijaj\u0105cej dekadzie.<\/p>\n<p style=\"text-align: justify;\">O znaczeniu i funkcji teren\u00f3w u\u017cytkowanych rolniczo w aglomeracji pozna\u0144skiej m\u00f3wi\u0142a prof. Anna Ko\u0142odziejczak. Micha\u0142 Fiedler (Uniwersytet Przyrodniczy w Poznaniu) prezentowa\u0142 wyniki bada\u0144 nad wp\u0142ywem sieci drogowej na bilans wodny ma\u0142ych zlewni. Piotr Liberski Geodeta Wojew\u00f3dztwa przedstawi\u0142 aktualny stan zaawansowania budowanego systemu informacji przestrzennej wojew\u00f3dztwa wielkopolskiego, wskazuj\u0105c na jego rol\u0119 rozwojow\u0105 Wielkopolski. Tomasz Resi\u0144ski prezentowa\u0142 \u201ebaz\u0119 wiedzy\u201d o rozwoju spo\u0142eczno-gospodarczym tworzon\u0105 w Wielkopolskim Regionalnym Obserwatorium Terytorialnym.<\/p>\n<p style=\"text-align: center;\"><img loading=\"lazy\" decoding=\"async\" class=\"size-full wp-image-974\" src=\"https:\/\/sgp.geodezja.org.pl\/wp-content\/uploads\/2015\/11\/Szreniawa_2015_s_10.jpg\" alt=\"\" width=\"127\" height=\"200\" srcset=\"https:\/\/sgp.geodezja.org.pl\/wp-content\/uploads\/2015\/11\/Szreniawa_2015_s_10.jpg 636w, https:\/\/sgp.geodezja.org.pl\/wp-content\/uploads\/2015\/11\/Szreniawa_2015_s_10-191x300.jpg 191w\" sizes=\"auto, (max-width: 127px) 100vw, 127px\" \/><\/p>\n<p style=\"text-align: center;\"><strong><em>Tomasz Resi\u0144ski<\/em><\/strong><\/p>\n<p style=\"text-align: center;\"><img loading=\"lazy\" decoding=\"async\" class=\"size-full wp-image-975\" src=\"https:\/\/sgp.geodezja.org.pl\/wp-content\/uploads\/2015\/11\/Szreniawa_2015_s_11.jpg\" alt=\"\" width=\"180\" height=\"200\" srcset=\"https:\/\/sgp.geodezja.org.pl\/wp-content\/uploads\/2015\/11\/Szreniawa_2015_s_11.jpg 898w, https:\/\/sgp.geodezja.org.pl\/wp-content\/uploads\/2015\/11\/Szreniawa_2015_s_11-800x891.jpg 800w, https:\/\/sgp.geodezja.org.pl\/wp-content\/uploads\/2015\/11\/Szreniawa_2015_s_11-269x300.jpg 269w, https:\/\/sgp.geodezja.org.pl\/wp-content\/uploads\/2015\/11\/Szreniawa_2015_s_11-768x855.jpg 768w\" sizes=\"auto, (max-width: 180px) 100vw, 180px\" \/><\/p>\n<p style=\"text-align: center;\"><strong><em>\u00a0Ireneusz Wycza\u0142ek<\/em><\/strong><\/p>\n<p style=\"text-align: justify;\">Ochronie grunt\u00f3w rolnych i le\u015bnych, post\u0119powaniu scaleniowemu grunt\u00f3w u\u017cytkowanych rolniczo oraz zachodz\u0105cym zmianom w przepisach prawa obejmuj\u0105cych ten obszar aktywno\u015bci po\u015bwi\u0119cili swoje wyst\u0105pienia Jerzy Koz\u0142owski i Jan Biela\u0144ski. Informacji, o prowadzonych w Wielkopolsce pracach scaleniowych, udzieli\u0142 Tomasz Plewa Dyrektor Wojew\u00f3dzkiego Zarz\u0105du Geodezji, Kartografii i Administrowania Mieniem w Poznaniu.<\/p>\n<p><img loading=\"lazy\" decoding=\"async\" class=\"size-full wp-image-976\" style=\"margin-right: auto; margin-left: auto; display: block;\" src=\"https:\/\/sgp.geodezja.org.pl\/wp-content\/uploads\/2015\/11\/Szreniawa_2015_s_12.jpg\" alt=\"\" width=\"200\" height=\"178\" srcset=\"https:\/\/sgp.geodezja.org.pl\/wp-content\/uploads\/2015\/11\/Szreniawa_2015_s_12.jpg 1121w, https:\/\/sgp.geodezja.org.pl\/wp-content\/uploads\/2015\/11\/Szreniawa_2015_s_12-800x714.jpg 800w, https:\/\/sgp.geodezja.org.pl\/wp-content\/uploads\/2015\/11\/Szreniawa_2015_s_12-300x268.jpg 300w, https:\/\/sgp.geodezja.org.pl\/wp-content\/uploads\/2015\/11\/Szreniawa_2015_s_12-1024x913.jpg 1024w, https:\/\/sgp.geodezja.org.pl\/wp-content\/uploads\/2015\/11\/Szreniawa_2015_s_12-768x685.jpg 768w\" sizes=\"auto, (max-width: 200px) 100vw, 200px\" \/><\/p>\n<p style=\"text-align: center;\"><strong><em>Jerzy Koz\u0142owski<\/em><\/strong><\/p>\n<p style=\"text-align: center;\"><img loading=\"lazy\" decoding=\"async\" class=\"size-full wp-image-977\" style=\"margin-right: auto; margin-left: auto; display: block;\" src=\"https:\/\/sgp.geodezja.org.pl\/wp-content\/uploads\/2015\/11\/Szreniawa_2015_s_13.jpg\" alt=\"\" width=\"200\" height=\"127\" srcset=\"https:\/\/sgp.geodezja.org.pl\/wp-content\/uploads\/2015\/11\/Szreniawa_2015_s_13.jpg 1500w, https:\/\/sgp.geodezja.org.pl\/wp-content\/uploads\/2015\/11\/Szreniawa_2015_s_13-800x506.jpg 800w, https:\/\/sgp.geodezja.org.pl\/wp-content\/uploads\/2015\/11\/Szreniawa_2015_s_13-300x190.jpg 300w, https:\/\/sgp.geodezja.org.pl\/wp-content\/uploads\/2015\/11\/Szreniawa_2015_s_13-1024x648.jpg 1024w, https:\/\/sgp.geodezja.org.pl\/wp-content\/uploads\/2015\/11\/Szreniawa_2015_s_13-768x486.jpg 768w\" sizes=\"auto, (max-width: 200px) 100vw, 200px\" \/><\/p>\n<p style=\"text-align: center;\"><strong><em>Waldemar Sztukiewicz, Jan Biela\u0144ski<\/em><\/strong><\/p>\n<p style=\"text-align: justify;\"><img loading=\"lazy\" decoding=\"async\" class=\"size-full wp-image-978\" style=\"margin-right: auto; margin-left: auto; display: block;\" src=\"https:\/\/sgp.geodezja.org.pl\/wp-content\/uploads\/2015\/11\/Szreniawa_2015_s_14.jpg\" alt=\"\" width=\"200\" height=\"129\" srcset=\"https:\/\/sgp.geodezja.org.pl\/wp-content\/uploads\/2015\/11\/Szreniawa_2015_s_14.jpg 1500w, https:\/\/sgp.geodezja.org.pl\/wp-content\/uploads\/2015\/11\/Szreniawa_2015_s_14-800x516.jpg 800w, https:\/\/sgp.geodezja.org.pl\/wp-content\/uploads\/2015\/11\/Szreniawa_2015_s_14-300x194.jpg 300w, https:\/\/sgp.geodezja.org.pl\/wp-content\/uploads\/2015\/11\/Szreniawa_2015_s_14-1024x661.jpg 1024w, https:\/\/sgp.geodezja.org.pl\/wp-content\/uploads\/2015\/11\/Szreniawa_2015_s_14-768x496.jpg 768w\" sizes=\"auto, (max-width: 200px) 100vw, 200px\" \/><\/p>\n<p style=\"text-align: center;\"><strong><em>Tomasz Plewa, Waldemar Sztukiewicz<\/em><\/strong><\/p>\n<p style=\"text-align: center;\"><img loading=\"lazy\" decoding=\"async\" class=\"size-full wp-image-979\" style=\"margin-right: auto; margin-left: auto; display: block;\" src=\"https:\/\/sgp.geodezja.org.pl\/wp-content\/uploads\/2015\/11\/Szreniawa_2015_s_15.jpg\" alt=\"\" width=\"177\" height=\"200\" srcset=\"https:\/\/sgp.geodezja.org.pl\/wp-content\/uploads\/2015\/11\/Szreniawa_2015_s_15.jpg 886w, https:\/\/sgp.geodezja.org.pl\/wp-content\/uploads\/2015\/11\/Szreniawa_2015_s_15-800x903.jpg 800w, https:\/\/sgp.geodezja.org.pl\/wp-content\/uploads\/2015\/11\/Szreniawa_2015_s_15-266x300.jpg 266w, https:\/\/sgp.geodezja.org.pl\/wp-content\/uploads\/2015\/11\/Szreniawa_2015_s_15-768x867.jpg 768w\" sizes=\"auto, (max-width: 177px) 100vw, 177px\" \/><\/p>\n<p style=\"text-align: center;\"><em><strong>Andrzej Konoplicki<\/strong><\/em><\/p>\n<p style=\"text-align: justify;\">Zamierzenie badawcze \u201eAtlas niematerialnego dziedzictwa kulturowego wsi wielkopolskiej\u201d, kt\u00f3re jest prowadzone w Muzeum Narodowym Rolnictwa w Szreniawie, przedstawi\u0142 Wojciech Mielewczyk, wskazuj\u0105c na kierunki prowadzonych bada\u0144 i uzyskane rezultaty oraz\u00a0efekt ko\u0144cowy w postaci map.<\/p>\n<p style=\"text-align: justify;\">Andrzej Konoplicki da\u0142 bardzo zwi\u0119z\u0142y szkic przybli\u017caj\u0105cy dzieje \u201ePrzegl\u0105du Geoedezyjnego\u201d, k\u0142ad\u0105c akcent na bogate dokonania \u015bredniowiecznych (i p\u00f3\u017aniejszych) geometr\u00f3w. Wyst\u0105pienie ilustrowa\u0142y cytaty, odnosz\u0105ce si\u0119 do kwestii istotnych w geodezji rolnej, a pochodz\u0105ce z wielu zeszyt\u00f3w pisma. W prezentacji wykorzystano materia\u0142y z wyst\u0105pienie prof. Wojciecha Wilkowskiego, podczas obchod\u00f3w jubileuszu siedemdziesi\u0119ciolecia \u201ePrzegl\u0105du Geodezyjnego\u201d, w Tykocinie.<\/p>\n<p><img loading=\"lazy\" decoding=\"async\" class=\"size-full wp-image-980\" style=\"margin-right: auto; margin-left: auto; display: block;\" src=\"https:\/\/sgp.geodezja.org.pl\/wp-content\/uploads\/2015\/11\/Szreniawa_2015_s_16.jpg\" alt=\"\" width=\"200\" height=\"111\" srcset=\"https:\/\/sgp.geodezja.org.pl\/wp-content\/uploads\/2015\/11\/Szreniawa_2015_s_16.jpg 1500w, https:\/\/sgp.geodezja.org.pl\/wp-content\/uploads\/2015\/11\/Szreniawa_2015_s_16-800x444.jpg 800w, https:\/\/sgp.geodezja.org.pl\/wp-content\/uploads\/2015\/11\/Szreniawa_2015_s_16-300x167.jpg 300w, https:\/\/sgp.geodezja.org.pl\/wp-content\/uploads\/2015\/11\/Szreniawa_2015_s_16-1024x569.jpg 1024w, https:\/\/sgp.geodezja.org.pl\/wp-content\/uploads\/2015\/11\/Szreniawa_2015_s_16-768x426.jpg 768w\" sizes=\"auto, (max-width: 200px) 100vw, 200px\" \/><\/p>\n<p style=\"text-align: center;\"><em><strong>Lokomobila samobie\u017cna produkcji Kemna-Breslau 1927 rok<\/strong><\/em><\/p>\n<p style=\"text-align: center;\"><img loading=\"lazy\" decoding=\"async\" class=\"size-full wp-image-981\" style=\"margin-right: auto; margin-left: auto; display: block;\" src=\"https:\/\/sgp.geodezja.org.pl\/wp-content\/uploads\/2015\/11\/Szreniawa_2015_s_17.jpg\" alt=\"\" width=\"200\" height=\"29\" srcset=\"https:\/\/sgp.geodezja.org.pl\/wp-content\/uploads\/2015\/11\/Szreniawa_2015_s_17.jpg 1500w, https:\/\/sgp.geodezja.org.pl\/wp-content\/uploads\/2015\/11\/Szreniawa_2015_s_17-800x115.jpg 800w, https:\/\/sgp.geodezja.org.pl\/wp-content\/uploads\/2015\/11\/Szreniawa_2015_s_17-300x43.jpg 300w, https:\/\/sgp.geodezja.org.pl\/wp-content\/uploads\/2015\/11\/Szreniawa_2015_s_17-1024x147.jpg 1024w, https:\/\/sgp.geodezja.org.pl\/wp-content\/uploads\/2015\/11\/Szreniawa_2015_s_17-768x111.jpg 768w\" sizes=\"auto, (max-width: 200px) 100vw, 200px\" \/><\/p>\n<p style=\"text-align: center;\"><strong><em>\u00a0\u201eOsiedle Poet\u00f3w\u201d w Szreniawie<\/em><\/strong><\/p>\n<p>Tekst i zdj\u0119cia Stanis\u0142aw Marcin Wili\u0144ski<\/p>\n<p><span style=\"color: #008000;\"><a href=\"https:\/\/sgp.geodezja.org.pl\/wp-content\/uploads\/2015\/11\/Szreniawa_2015_informacja_pop.pdf\" rel=\"alternate\">Relacja w pdf &gt;&gt;&gt;<\/a><\/span><\/p>\n<p style=\"text-align: right;\">VK\u00a0<\/p>","protected":false},"excerpt":{"rendered":"<p>W Szreniawie po raz dziesi\u0105ty &#8230; Odbywaj\u0105ce si\u0119, w dniu 28 pa\u017adziernika 2015 roku, w Szreniawie seminarium z cyklu \u201eRozw\u00f3j obszar\u00f3w wiejskich\u201d by\u0142o dziesi\u0105tym i rozpocz\u0119\u0142o si\u0119 w bardziej podnios\u0142ym nastroju. Witaj\u0105c przyby\u0142ych na spotkanie Jan Ma\u0107kowiak Dyrektor Muzeum Narodowego Rolnictwa i Przemys\u0142u Rolno-Spo\u017cywczego w Szreniawie przedstawi\u0142 go\u015bci seminarium w osobach Jana Biela\u0144skiego by\u0142ego Dyrektora [&hellip;]<\/p>\n","protected":false},"author":2,"featured_media":965,"comment_status":"open","ping_status":"open","sticky":false,"template":"","format":"standard","meta":{"two_page_speed":[],"footnotes":""},"categories":[10],"tags":[],"class_list":["post-983","post","type-post","status-publish","format-standard","has-post-thumbnail","hentry","category-informacje"],"_links":{"self":[{"href":"https:\/\/sgp.geodezja.org.pl\/en\/wp-json\/wp\/v2\/posts\/983","targetHints":{"allow":["GET"]}}],"collection":[{"href":"https:\/\/sgp.geodezja.org.pl\/en\/wp-json\/wp\/v2\/posts"}],"about":[{"href":"https:\/\/sgp.geodezja.org.pl\/en\/wp-json\/wp\/v2\/types\/post"}],"author":[{"embeddable":true,"href":"https:\/\/sgp.geodezja.org.pl\/en\/wp-json\/wp\/v2\/users\/2"}],"replies":[{"embeddable":true,"href":"https:\/\/sgp.geodezja.org.pl\/en\/wp-json\/wp\/v2\/comments?post=983"}],"version-history":[{"count":0,"href":"https:\/\/sgp.geodezja.org.pl\/en\/wp-json\/wp\/v2\/posts\/983\/revisions"}],"wp:featuredmedia":[{"embeddable":true,"href":"https:\/\/sgp.geodezja.org.pl\/en\/wp-json\/wp\/v2\/media\/965"}],"wp:attachment":[{"href":"https:\/\/sgp.geodezja.org.pl\/en\/wp-json\/wp\/v2\/media?parent=983"}],"wp:term":[{"taxonomy":"category","embeddable":true,"href":"https:\/\/sgp.geodezja.org.pl\/en\/wp-json\/wp\/v2\/categories?post=983"},{"taxonomy":"post_tag","embeddable":true,"href":"https:\/\/sgp.geodezja.org.pl\/en\/wp-json\/wp\/v2\/tags?post=983"}],"curies":[{"name":"wp","href":"https:\/\/api.w.org\/{rel}","templated":true}]}}