{"id":993,"date":"2015-11-10T09:58:52","date_gmt":"2015-11-10T08:58:52","guid":{"rendered":"https:\/\/2.budowaniestron.pl\/zaproszenie-na-krakowski-gis-day-2015-18-listopada-2015-r\/"},"modified":"2015-11-10T09:58:52","modified_gmt":"2015-11-10T08:58:52","slug":"zaproszenie-na-krakowski-gis-day-2015-18-listopada-2015-r","status":"publish","type":"post","link":"https:\/\/sgp.geodezja.org.pl\/en\/zaproszenie-na-krakowski-gis-day-2015-18-listopada-2015-r\/","title":{"rendered":"Zaproszenie na Krakowski GIS Day 2015 \u2013 18 listopada 2015 r."},"content":{"rendered":"<p style=\"text-align: justify;\">Si\u00f3dma edycja krakowskiego GIS Day odb\u0119dzie si\u0119 18 listopada 2015 r. i b\u0119dzie przebiega\u0107 pod has\u0142em <strong>\u201eCz\u0142owiek \u2013 \u015arodowisko \u2013 Ryzyko\u201d<\/strong>. Gospodarzem imprezy b\u0119dzie Wydzia\u0142 Geodezji G\u00f3rniczej i In\u017cynierii \u015arodowiska Akademii G\u00f3rniczo-Hutniczej.<\/p>\n<p>  <!--more-->  <\/p>\n<p>Si\u00f3dma edycja krakowskiego GIS Day odb\u0119dzie si\u0119 18 listopada 2015 r. i b\u0119dzie przebiega\u0107 pod has\u0142em <strong>\u201eCz\u0142owiek \u2013 \u015arodowisko \u2013 Ryzyko\u201d<\/strong>. Gospodarzem imprezy b\u0119dzie Wydzia\u0142 Geodezji G\u00f3rniczej i In\u017cynierii \u015arodowiska Akademii G\u00f3rniczo-Hutniczej.<\/p>\n<p><img loading=\"lazy\" decoding=\"async\" class=\"size-full wp-image-992\" style=\"margin-right: auto; margin-left: auto; display: block;\" src=\"https:\/\/sgp.geodezja.org.pl\/wp-content\/uploads\/2015\/11\/Krakowski_GISDay_2015.jpg\" alt=\"\" width=\"200\" height=\"76\" srcset=\"https:\/\/sgp.geodezja.org.pl\/wp-content\/uploads\/2015\/11\/Krakowski_GISDay_2015.jpg 900w, https:\/\/sgp.geodezja.org.pl\/wp-content\/uploads\/2015\/11\/Krakowski_GISDay_2015-800x305.jpg 800w, https:\/\/sgp.geodezja.org.pl\/wp-content\/uploads\/2015\/11\/Krakowski_GISDay_2015-300x114.jpg 300w, https:\/\/sgp.geodezja.org.pl\/wp-content\/uploads\/2015\/11\/Krakowski_GISDay_2015-768x293.jpg 768w, https:\/\/sgp.geodezja.org.pl\/wp-content\/uploads\/2015\/11\/Krakowski_GISDay_2015-157x60.jpg 157w\" sizes=\"auto, (max-width: 200px) 100vw, 200px\" \/><\/p>\n<p style=\"text-align: justify;\">Tematami przewodnimi tegorocznego wydarzenia b\u0119d\u0105: zarz\u0105dzanie kryzysowe, cz\u0142owiek w \u015brodowisku, a tak\u017ce bezpiecze\u0144stwo publiczne. Wspieraj\u0105c inicjatyw\u0119 podj\u0119t\u0105 przez National Geographic Society oraz firm\u0119 Esri \u2013 popularyzacji system\u00f3w informacji geograficznej \u2013 organizatorzy przygotowali interesuj\u0105ce wyst\u0105pienia, warsztaty komputerowe, gry, w tym gr\u0119 terenow\u0105 oraz stoiska firm komercyjnych i k\u00f3\u0142 naukowych. Ciekawymi atrakcjami b\u0119d\u0105 przelot drona oraz prezentacja samochodu True Car. W Dniu GIS wezm\u0105 udzia\u0142 specjali\u015bci z wielu dziedzin, kt\u00f3rzy na co dzie\u0144 wykorzystuj\u0105 systemy informacji geograficznej w swojej pracy.<\/p>\n<p style=\"text-align: justify;\">Organizatorami wydarzenia s\u0105 krakowskie uczelnie: Akademia G\u00f3rniczo-Hutnicza, Uniwersytet Jagiello\u0144ski, Uniwersytet Rolniczy, Uniwersytet Pedagogiczny, Politechnika Krakowska, oraz Instytut Meteorologii i Gospodarki Wodnej.<\/p>\n<p style=\"text-align: justify;\">Patronat honorowy nad tegoroczn\u0105 edycj\u0105 Krakowskiego Dnia GIS obj\u0105\u0142 m.in. Wojewoda Ma\u0142opolski oraz JM Rektor AGH Akademii G\u00f3rniczo-Hutniczej.<\/p>\n<p style=\"text-align: left;\">Szczeg\u00f3\u0142owe informacje mo\u017cna znale\u017a\u0107 na stronie <a href=\"http:\/\/gisday.agh.edu.pl\/home\/\">http:\/\/gisday.agh.edu.pl\/home\/<\/a> oraz <span style=\"color: #000000;\">fanpage\u2019u<\/span> <a href=\"https:\/\/www.facebook.com\/KrakowskiGisDay\/\" rel=\"alternate\">https:\/\/www.facebook.com\/KrakowskiGisDay\/<\/a><\/p>\n<p style=\"text-align: right;\">VK<\/p>\n<p style=\"text-align: justify;\">\u00a0<\/p>","protected":false},"excerpt":{"rendered":"<p>Si\u00f3dma edycja krakowskiego GIS Day odb\u0119dzie si\u0119 18 listopada 2015 r. i b\u0119dzie przebiega\u0107 pod has\u0142em \u201eCz\u0142owiek \u2013 \u015arodowisko \u2013 Ryzyko\u201d. Gospodarzem imprezy b\u0119dzie Wydzia\u0142 Geodezji G\u00f3rniczej i In\u017cynierii \u015arodowiska Akademii G\u00f3rniczo-Hutniczej.<\/p>","protected":false},"author":2,"featured_media":992,"comment_status":"open","ping_status":"open","sticky":false,"template":"","format":"standard","meta":{"two_page_speed":[],"footnotes":""},"categories":[10],"tags":[],"class_list":["post-993","post","type-post","status-publish","format-standard","has-post-thumbnail","hentry","category-informacje"],"_links":{"self":[{"href":"https:\/\/sgp.geodezja.org.pl\/en\/wp-json\/wp\/v2\/posts\/993","targetHints":{"allow":["GET"]}}],"collection":[{"href":"https:\/\/sgp.geodezja.org.pl\/en\/wp-json\/wp\/v2\/posts"}],"about":[{"href":"https:\/\/sgp.geodezja.org.pl\/en\/wp-json\/wp\/v2\/types\/post"}],"author":[{"embeddable":true,"href":"https:\/\/sgp.geodezja.org.pl\/en\/wp-json\/wp\/v2\/users\/2"}],"replies":[{"embeddable":true,"href":"https:\/\/sgp.geodezja.org.pl\/en\/wp-json\/wp\/v2\/comments?post=993"}],"version-history":[{"count":0,"href":"https:\/\/sgp.geodezja.org.pl\/en\/wp-json\/wp\/v2\/posts\/993\/revisions"}],"wp:featuredmedia":[{"embeddable":true,"href":"https:\/\/sgp.geodezja.org.pl\/en\/wp-json\/wp\/v2\/media\/992"}],"wp:attachment":[{"href":"https:\/\/sgp.geodezja.org.pl\/en\/wp-json\/wp\/v2\/media?parent=993"}],"wp:term":[{"taxonomy":"category","embeddable":true,"href":"https:\/\/sgp.geodezja.org.pl\/en\/wp-json\/wp\/v2\/categories?post=993"},{"taxonomy":"post_tag","embeddable":true,"href":"https:\/\/sgp.geodezja.org.pl\/en\/wp-json\/wp\/v2\/tags?post=993"}],"curies":[{"name":"wp","href":"https:\/\/api.w.org\/{rel}","templated":true}]}}