{"id":998,"date":"2015-11-11T17:55:03","date_gmt":"2015-11-11T16:55:03","guid":{"rendered":"https:\/\/2.budowaniestron.pl\/spala-2015-doksztalcanie-zawodowe-i-kontynuowanie-swietowania-70-lat-oddzialu-stowarzyszenia-geodetow-polskich-w-lodzi\/"},"modified":"2015-11-11T17:55:03","modified_gmt":"2015-11-11T16:55:03","slug":"spala-2015-doksztalcanie-zawodowe-i-kontynuowanie-swietowania-70-lat-oddzialu-stowarzyszenia-geodetow-polskich-w-lodzi","status":"publish","type":"post","link":"https:\/\/sgp.geodezja.org.pl\/en\/spala-2015-doksztalcanie-zawodowe-i-kontynuowanie-swietowania-70-lat-oddzialu-stowarzyszenia-geodetow-polskich-w-lodzi\/","title":{"rendered":"Spa\u0142a 2015 \u2026 dokszta\u0142canie zawodowe i kontynuowanie \u015bwi\u0119towania \u201e70 lat Oddzia\u0142u Stowarzyszenia Geodet\u00f3w Polskich w \u0141odzi\u201d"},"content":{"rendered":"<p style=\"text-align: justify;\">Najpierw dopad\u0142a mnie refleksja \u2026 <strong>to ju\u017c min\u0119\u0142o 70 lat!<\/strong> &#8230;\u00a0istnienia Oddzia\u0142u Stowarzyszenia Geodet\u00f3w Polskich w \u0141odzi. By\u0107 mo\u017ce powinnam przytoczy\u0107 nasze dokonania, ale to zrobimy na oficjalnej uroczysto\u015bci, kt\u00f3ra odb\u0119dzie si\u0119 niebawem. Zaczn\u0119 kompletnie inaczej od pierwotnego zamiaru zaprezentowania pracy naszego Oddzia\u0142u.<\/p>\n<p style=\"text-align: justify;\">Ot\u00f3\u017c w dniach 22-24 pa\u017adziernika br. zorganizowali\u015bmy dokszta\u0142caj\u0105ce zawodowo wyjazdowe Seminarium do Spa\u0142y, w celu om\u00f3wienia \u201eZmiany w przepisach prawa w zakresie geodezji i kartografii\u201d.<\/p>\n<p>  <!--more-->  <\/p>\n<p style=\"text-align: justify;\">Najpierw dopad\u0142a mnie refleksja \u2026 <strong>to ju\u017c min\u0119\u0142o 70 lat!<\/strong> &#8230; istnienia Oddzia\u0142u Stowarzyszenia Geodet\u00f3w Polskich w \u0141odzi. By\u0107 mo\u017ce powinnam przytoczy\u0107 nasze dokonania, ale to zrobimy na oficjalnej uroczysto\u015bci, kt\u00f3ra odb\u0119dzie si\u0119 niebawem. Zaczn\u0119 kompletnie inaczej od pierwotnego zamiaru zaprezentowania pracy naszego Oddzia\u0142u.<\/p>\n<p style=\"text-align: justify;\">Ot\u00f3\u017c w dniach 22-24 pa\u017adziernika br. zorganizowali\u015bmy dokszta\u0142caj\u0105ce zawodowo wyjazdowe Seminarium do Spa\u0142y, w celu om\u00f3wienia \u201eZmiany w przepisach prawa w zakresie geodezji i kartografii\u201d.<\/p>\n<p style=\"text-align: justify;\">Wyk\u0142ady zainicjowa\u0142 Profesor Zdzis\u0142aw Adamczewski nt. \u201eFizyka, metafizyka i modele w\u00a0geodezji\u201d rozpoczynaj\u0105c od poj\u0119\u0107 podstawowych, poprzez rozwini\u0119cie problematyki czynno\u015bci niezmiernie istotnych, jak utrwalenie granic na gruncie, ko\u0144cz\u0105c na podkre\u015bleniu wa\u017cno\u015bci pracy geodety. A o post\u0119powaniu dyscyplinarnym w sprawach odpowiedzialno\u015bci zawodowej geodet\u00f3w i kartograf\u00f3w us\u0142yszeli\u015bmy od S\u0142awomira Olejniczaka Rzecznika Dyscyplinarnego dla os\u00f3b wykonuj\u0105cych samodzielne funkcje w dziedzinie geodezji i kartografii, Dariusza Szczepa\u0144skiego i Krystyny G\u0105sior, kt\u00f3rzy om\u00f3wili zagadnienie w imieniu Wojew\u00f3dzkiego Inspektora Nadzoru Geodezyjnego i Kartograficznego w \u0141odzi &#8211; Miros\u0142awa Szelerskiego. Podczas wyk\u0142adu przytoczona zosta\u0142a \u0142aci\u0144ska paremia najprawdopodobniej pochodz\u0105ca od prawnika\u00a0<a href=\"https:\/\/pl.wikiquote.org\/w\/index.php?title=Celsus&amp;action=edit&amp;redlink=1\">Celsusa<\/a> \u201ePrawo sztuk\u0105 [stosowania] tego, co dobre i s\u0142uszne\u201d sk\u0142aniaj\u0105ca do my\u015blenia nie tylko prawnik\u00f3w.<\/p>\n<p style=\"text-align: justify;\">Kolejni wyk\u0142adowcy s\u0105 pracownikami Politechniki \u0141\u00f3dzkiej &#8211; Katedry Geodezji, Kartografii \u015arodowiska i Geometrii Wykre\u015blnej. Kolega Tadeusz Ko\u015bka w my\u015bl przytoczonej \u0142aci\u0144skiej sentencji \u201ePowtarzanie jest matk\u0105 wiedzy\u201d poruszy\u0142 temat wykorzystania zasobu geodezyjnego i kartograficznego w dzia\u0142aniach i promocji administracji publicznej, uczulaj\u0105c obecnych na ostro\u017cno\u015b\u0107 i zgodno\u015b\u0107 post\u0119powania z obowi\u0105zuj\u0105cym prawem w tym zakresie m.in. z uwagi na brak jednoznaczno\u015bci w zrozumieniu dyrektyw unijnych dotycz\u0105cych definicji danych przestrzennych. \u201eBrak pami\u0119ci jest niepami\u0119ci\u0105\u201d tak w sobie zakodowa\u0142am wyj\u0105tkowo ciekaw\u0105 prezentacj\u0119 przedstawion\u0105 przez koleg\u0119 Tadeusza, w kt\u00f3rej zach\u0119ca\u0142 do chronienia zabytk\u00f3w ze szczeg\u00f3lnym uwzgl\u0119dnieniem pami\u0105tek geodezyjnych (np. znak\u00f3w granicznych). Natomiast Wies\u0142aw Paw\u0142owski Kierownik ww. Katedry podj\u0105\u0142 si\u0119 rozwin\u0105\u0107 temat w zakresie dzia\u0142alno\u015bci geodezyjnej w inwestycyjnym procesie budowlanym w aspekcie aktualnych uwarunkowa\u0144 prawnych, podkre\u015blaj\u0105c niepodwa\u017caln\u0105 wa\u017cno\u015b\u0107 obecno\u015bci geodety niemal\u017ce w ka\u017cdej dziedzinie \u017cycia rozwijaj\u0105cej si\u0119 gospodarki. Niestety nasz zaw\u00f3d nie zawsze postrzegany jest pozytywnie, cz\u0119sto pomijany np. w Ustawie \u201ePrawo budowlane\u201d. Jak si\u0119 dowiedzieli\u015bmy, nawet na Wydziale Politechniki \u0141\u00f3dzkiej nie obroni\u0142a si\u0119 nazwa obecnej Katedry. Od stycznia 2016r.pojawi si\u0119 &#8211; gospodarka przestrzenna.<\/p>\n<p style=\"text-align: justify;\">Dzi\u0119ki inicjatywie i udziale w programie szkolenia Geodety Wojew\u00f3dztwa \u0141\u00f3dzkiego Aleksandra Bielickiego oraz prezentacji Andrzeja Dziubi\u0144skiego, poznali\u015bmy zakres zada\u0144 realizowanych w latach 2013-2015 w Departamencie Geodezji i Kartografii Urz\u0119du Marsza\u0142kowskiego na przyk\u0142adzie Bazy Danych Obiekt\u00f3w Topograficznych (BDOT 10k) i map topograficznych w skali 1:10 000 oraz Bazy Adresowej Wojew\u00f3dztwa \u0141\u00f3dzkiego.<\/p>\n<p style=\"text-align: justify;\">Kolejny wyk\u0142ad poprowadzi\u0142a Joanna Dziubi\u0144ska z Wojew\u00f3dzkiego Zarz\u0105du Melioracji i Urz\u0105dze\u0144 Wodnych w \u0141odzi omawiaj\u0105c wykonywanie praw w\u0142a\u015bcicielskich w stosunku do w\u00f3d i gospodarowanie gruntami pokrytymi powierzchniowymi wodami p\u0142yn\u0105cymi, zwi\u0105zane z prowadzeniem post\u0119powa\u0144 administracyjnych i cywilno-prawnych w oparciu o przepisy ustawy \u201ePrawo wodne\u201d. Wyk\u0142ad przybli\u017cy\u0142 zagadnienia, kt\u00f3re niezbyt cz\u0119sto podejmujemy na szkoleniach.<\/p>\n<p style=\"text-align: justify;\">Z ramienia Dyrektora \u0141\u00f3dzkiego O\u015brodka Geodezji Jana Schnercha i przy udziale z-cy Dyrektora ds. Geodezji Edyty Mayer oraz Marzeny Marciniak, Marzeny Zaleskiej i Izabeli Paw\u0142owskiej mieli\u015bmy mo\u017cliwo\u015b\u0107 wys\u0142ucha\u0107 relacji o zdobytych ju\u017c do\u015bwiadczeniach w budowaniu baz danych w aspekcie proces\u00f3w inwestycyjnych w prowadzeniu baz EGiB, GESUT, BDOT500 I BDOSG na przestrzeni roku od nowelizacji ustawy \u201ePrawo geodezyjne i Kartograficzne\u201d.<\/p>\n<p style=\"text-align: justify;\">Wyk\u0142ady tegorocznego seminarium zako\u0144czy\u0142 Witold Radzio z G\u0142\u00f3wnego Urz\u0119du Geodezji i Kartografii omawiaj\u0105c temat \u2013 \u201eAktualizacja bazy danych ewidencji grunt\u00f3w i budynk\u00f3w w drodze czynno\u015bci materialno-technicznych lub post\u0119powania administracyjnego, art. 22-24 znowelizowanej ustawy Prawo geodezyjne i kartograficzne. Udost\u0119pnianie pa\u0144stwowego zasobu geodezyjno-kartograficznego.<\/p>\n<p style=\"text-align: justify;\">Podczas naszego pobytu w Spale swoj\u0105 obecno\u015b\u0107 zaznaczy\u0142 r\u00f3wnie\u017c \u201dPrzegl\u0105d Geodezyjny\u201d w osobie Ludmi\u0142y Pietrzak Redaktor Naczelnej bran\u017cowego czasopisma i Redaktor\u00f3w Tematycznych: Profesora Zdzis\u0142awa Adamczewskiego i kolegi z naszego Oddzia\u0142u SGP w \u0141odzi Jaros\u0142awa Wiktorowskiego, kt\u00f3ry na bie\u017c\u0105co rysowa\u0142 i opisywa\u0142 w \u017cartobliwy spos\u00f3b swoje obserwacje z \u017cycia wzi\u0119te. Reasumuj\u0105c wizyt\u0119, dzi\u0119kujemy za odwiedziny i zaprezentowanie planowanych zmian w czasopi\u015bmie.<\/p>\n<p style=\"text-align: justify;\">Na ka\u017cdym seminarium odbywa\u0142y si\u0119 pokazy sprz\u0119tu geodezyjnego, podobnie by\u0142o w tym roku. Do o\u015brodku szkoleniowego przyjecha\u0142 przedstawiciel firmy Leica Geosystems Sp. z o.o. p. Micha\u0142 Miko\u0142ajczyk z prezentacj\u0105, kt\u00f3ra dotyczy\u0142a najnowszej serii oprogramowania Leica Captivate s\u0142u\u017c\u0105cego do r\u00f3\u017cnych urz\u0105dze\u0144 pomiarowych przy u\u017cyciu technologii dotykowej.<\/p>\n<p style=\"text-align: justify;\">Zwie\u0144czeniem podstawowego za\u0142o\u017cenia organizacji seminarium zawodowo dokszta\u0142caj\u0105cego jest wr\u0119czenie za\u015bwiadczenia o udziale ka\u017cdemu uczestnikowi i tak si\u0119 sta\u0142o w tym roku oraz wykonanie wsp\u00f3lnego pami\u0105tkowego zdj\u0119cia (za\u0142\u0105czamy poni\u017cej).<\/p>\n<p style=\"text-align: center;\"><img loading=\"lazy\" decoding=\"async\" class=\"pull-center size-full wp-image-994\" style=\"margin-right: auto; margin-left: auto; display: block;\" src=\"https:\/\/sgp.geodezja.org.pl\/wp-content\/uploads\/2015\/11\/Spala_2015_s_1.jpg\" alt=\"\" width=\"200\" height=\"128\" srcset=\"https:\/\/sgp.geodezja.org.pl\/wp-content\/uploads\/2015\/11\/Spala_2015_s_1.jpg 1250w, https:\/\/sgp.geodezja.org.pl\/wp-content\/uploads\/2015\/11\/Spala_2015_s_1-800x510.jpg 800w, https:\/\/sgp.geodezja.org.pl\/wp-content\/uploads\/2015\/11\/Spala_2015_s_1-300x191.jpg 300w, https:\/\/sgp.geodezja.org.pl\/wp-content\/uploads\/2015\/11\/Spala_2015_s_1-1024x653.jpg 1024w, https:\/\/sgp.geodezja.org.pl\/wp-content\/uploads\/2015\/11\/Spala_2015_s_1-768x490.jpg 768w, https:\/\/sgp.geodezja.org.pl\/wp-content\/uploads\/2015\/11\/Spala_2015_s_1-94x60.jpg 94w\" sizes=\"auto, (max-width: 200px) 100vw, 200px\" \/>\u00a0<\/p>\n<p style=\"text-align: center;\"><em>Grupowe zdj\u0119cie wi\u0119kszo\u015bci uczestnik\u00f3w szkolenia.<\/em><\/p>\n<p style=\"text-align: justify;\">W wyjazdowych programach szkole\u0144 organizowanych przez nasz Oddzia\u0142 SGP s\u0105 tak\u017ce imprezy podtrzymuj\u0105ce i pog\u0142\u0119biaj\u0105ce relacje towarzyskie geodet\u00f3w, przy ognisku i podczas uroczystej kolacji. Ponadto zawsze \u0142\u0105czymy doszkalanie zawodowe z pog\u0142\u0119bianiem wiedzy krajoznawczej i historycznej. Dzi\u0119ki kol. Tadeuszowi w latach ubieg\u0142ych byli\u015bmy w wielu pi\u0119knych krajobrazowo miejscach Spa\u0142y i jej okolicy. W tym roku poznawali\u015bmy Inow\u0142\u00f3dz, a w nim ok. 900-letni roma\u0144ski Ko\u015bci\u00f3\u0142 obronny \u015bw. Idziego oraz w cz\u0119\u015bci zrekonstruowany, \u015bredniowieczny zamek Kazimierza Wielkiego oddany w 2013 r. (prawie po 360 latach) dla wszystkich. Tak, tak, jest nie tylko miejscem turystycznym, ale tak\u017ce spotka\u0144 kulturalnych mieszka\u0144c\u00f3w i obrad w\u0142adz Gminy.<\/p>\n<p><img loading=\"lazy\" decoding=\"async\" class=\" size-full wp-image-995\" style=\"margin-right: auto; margin-left: auto; display: block;\" src=\"https:\/\/sgp.geodezja.org.pl\/wp-content\/uploads\/2015\/11\/Spala_2015_s_2.jpg\" alt=\"\" width=\"1024\" height=\"683\" srcset=\"https:\/\/sgp.geodezja.org.pl\/wp-content\/uploads\/2015\/11\/Spala_2015_s_2.jpg 1024w, https:\/\/sgp.geodezja.org.pl\/wp-content\/uploads\/2015\/11\/Spala_2015_s_2-800x534.jpg 800w, https:\/\/sgp.geodezja.org.pl\/wp-content\/uploads\/2015\/11\/Spala_2015_s_2-300x200.jpg 300w, https:\/\/sgp.geodezja.org.pl\/wp-content\/uploads\/2015\/11\/Spala_2015_s_2-768x512.jpg 768w\" sizes=\"auto, (max-width: 1024px) 100vw, 1024px\" \/><\/p>\n<p style=\"text-align: center;\"><em>Do dzi\u015b zachowa\u0142y si\u0119 jedynie fundamenty z pozosta\u0142o\u015bciami piwnic i baszt oraz \u015blady fosy, a zwiedzaj\u0105cymi cenn\u0105 budowl\u0119 s\u0105 uczestnicy naszej wycieczki<br \/>(zapraszamy do obejrzenia zdj\u0119\u0107 na stronie <a href=\"http:\/\/lodz.sgp.geodezja.org.pl\/\">http:\/\/lodz.sgp.geodezja.org.pl\/<\/a>)<\/em>.<\/p>\n<p style=\"text-align: left;\">\u00a0<img loading=\"lazy\" decoding=\"async\" class=\" size-full wp-image-996\" style=\"margin-right: auto; margin-left: auto; display: block;\" src=\"https:\/\/sgp.geodezja.org.pl\/wp-content\/uploads\/2015\/11\/Spala_2015_s_3.jpg\" alt=\"\" width=\"113\" height=\"200\" srcset=\"https:\/\/sgp.geodezja.org.pl\/wp-content\/uploads\/2015\/11\/Spala_2015_s_3.jpg 564w, https:\/\/sgp.geodezja.org.pl\/wp-content\/uploads\/2015\/11\/Spala_2015_s_3-169x300.jpg 169w\" sizes=\"auto, (max-width: 113px) 100vw, 113px\" \/><\/p>\n<p style=\"text-align: center;\"><em>\u015awi\u0105tynia pi\u0119knie si\u0119 prezentuje noc\u0105 (zdj\u0119cie zrobione podczas wycieczki).<\/em><\/p>\n<p>Przy okazji zach\u0119camy do zwiedzania naszego wojew\u00f3dztwa i odkrywania miejsc ma\u0142o znanych, ale wyj\u0105tkowo uroczych. Zapraszamy do poznania \u0141odzi &#8211; stolicy regionu, podziwiania \u015blad\u00f3w przemys\u0142owej historii miasta, kt\u00f3re jest bardzo go\u015bcinne dla turyst\u00f3w i atrakcyjne.<\/p>\n<p>Aby spi\u0105\u0107 klamr\u0105 ca\u0142o\u015b\u0107 kr\u00f3tkiego tekstu z pobytu w Spale, kt\u00f3ry by\u0142 cz\u0119\u015bci\u0105 dzia\u0142ania Oddzia\u0142u SGP w \u0141odzi dodam, \u017ce po obejrzeniu cennego zabytku, jakim jest Ko\u015bci\u00f3\u0142 \u015bw. Idziego, odprawiona zosta\u0142a przy \u015bwiecach zapalonych w \u017cyrandolu (nigdy nie za\u0142o\u017cono w ko\u015bciele instalacji elektrycznej) i przy dobrowolnym udziale uczestnik\u00f3w szkolenia bior\u0105cych udzia\u0142 w wycieczce, Msza \u015awi\u0119ta Dzi\u0119kczynna za 70 lat istnienia i dzia\u0142ania SGP w \u0141odzi dla geodet\u00f3w i przez geodet\u00f3w regionu \u0142\u00f3dzkiego. Powt\u00f3rz\u0119 wcze\u015bniej przytoczon\u0105 maksym\u0119 kolegi Tadeusza, \u017ce \u201eBrak pami\u0119ci jest niepami\u0119ci\u0105\u201d. Pami\u0119tali\u015bmy tak\u017ce o wspomnieniu kole\u017canek i koleg\u00f3w, kt\u00f3rych ju\u017c nie ma po\u015br\u00f3d nas.<\/p>\n<p><img loading=\"lazy\" decoding=\"async\" class=\" size-full wp-image-997\" style=\"margin-right: auto; margin-left: auto; display: block;\" src=\"https:\/\/sgp.geodezja.org.pl\/wp-content\/uploads\/2015\/11\/Spala_2015_s_4.jpg\" alt=\"\" width=\"200\" height=\"113\" srcset=\"https:\/\/sgp.geodezja.org.pl\/wp-content\/uploads\/2015\/11\/Spala_2015_s_4.jpg 1500w, https:\/\/sgp.geodezja.org.pl\/wp-content\/uploads\/2015\/11\/Spala_2015_s_4-800x452.jpg 800w, https:\/\/sgp.geodezja.org.pl\/wp-content\/uploads\/2015\/11\/Spala_2015_s_4-300x169.jpg 300w, https:\/\/sgp.geodezja.org.pl\/wp-content\/uploads\/2015\/11\/Spala_2015_s_4-1024x578.jpg 1024w, https:\/\/sgp.geodezja.org.pl\/wp-content\/uploads\/2015\/11\/Spala_2015_s_4-768x434.jpg 768w\" sizes=\"auto, (max-width: 200px) 100vw, 200px\" \/><\/p>\n<p style=\"text-align: center;\"><em>Jeden z najstarszych murowanych ko\u015bcio\u0142\u00f3w i najciekawszych zabytk\u00f3w architektury roma\u0144skiej w Polsce.<br \/>Wyj\u0105tkowy nastr\u00f3j zapanowa\u0142 podczas o\u015bwietlenia wn\u0119trza \u015bwiecami i dwoma pochodniami.<\/em><\/p>\n<p><strong><em>\u2026 i tak kontynuowali\u015bmy \u015bwi\u0119towanie wa\u017cnego i pi\u0119knego jubileuszu \u201e70 lat Oddzia\u0142u w \u0141odzi Stowarzyszenia Geodet\u00f3w Polskich\u201d<\/em><\/strong><\/p>\n<p><em>\u00a0<\/em><\/p>\n<p><em>Tekst i zdj\u0119cia Jadwiga Mosi\u0144ska<\/em><\/p>\n<p style=\"text-align: right;\">W.K.<\/p>\n<p>\u00a0<\/p>\n<p style=\"text-align: left;\">\u00a0<\/p>\n<p style=\"text-align: left;\">\u00a0<\/p>\n<p>\u00a0<\/p>\n","protected":false},"excerpt":{"rendered":"<p>Najpierw dopad\u0142a mnie refleksja \u2026 to ju\u017c min\u0119\u0142o 70 lat! &#8230;\u00a0istnienia Oddzia\u0142u Stowarzyszenia Geodet\u00f3w Polskich w \u0141odzi. By\u0107 mo\u017ce powinnam przytoczy\u0107 nasze dokonania, ale to zrobimy na oficjalnej uroczysto\u015bci, kt\u00f3ra odb\u0119dzie si\u0119 niebawem. Zaczn\u0119 kompletnie inaczej od pierwotnego zamiaru zaprezentowania pracy naszego Oddzia\u0142u. Ot\u00f3\u017c w dniach 22-24 pa\u017adziernika br. zorganizowali\u015bmy dokszta\u0142caj\u0105ce zawodowo wyjazdowe Seminarium do [&hellip;]<\/p>\n","protected":false},"author":2,"featured_media":994,"comment_status":"open","ping_status":"open","sticky":false,"template":"","format":"standard","meta":{"two_page_speed":[],"footnotes":""},"categories":[10],"tags":[],"class_list":["post-998","post","type-post","status-publish","format-standard","has-post-thumbnail","hentry","category-informacje"],"_links":{"self":[{"href":"https:\/\/sgp.geodezja.org.pl\/en\/wp-json\/wp\/v2\/posts\/998","targetHints":{"allow":["GET"]}}],"collection":[{"href":"https:\/\/sgp.geodezja.org.pl\/en\/wp-json\/wp\/v2\/posts"}],"about":[{"href":"https:\/\/sgp.geodezja.org.pl\/en\/wp-json\/wp\/v2\/types\/post"}],"author":[{"embeddable":true,"href":"https:\/\/sgp.geodezja.org.pl\/en\/wp-json\/wp\/v2\/users\/2"}],"replies":[{"embeddable":true,"href":"https:\/\/sgp.geodezja.org.pl\/en\/wp-json\/wp\/v2\/comments?post=998"}],"version-history":[{"count":0,"href":"https:\/\/sgp.geodezja.org.pl\/en\/wp-json\/wp\/v2\/posts\/998\/revisions"}],"wp:featuredmedia":[{"embeddable":true,"href":"https:\/\/sgp.geodezja.org.pl\/en\/wp-json\/wp\/v2\/media\/994"}],"wp:attachment":[{"href":"https:\/\/sgp.geodezja.org.pl\/en\/wp-json\/wp\/v2\/media?parent=998"}],"wp:term":[{"taxonomy":"category","embeddable":true,"href":"https:\/\/sgp.geodezja.org.pl\/en\/wp-json\/wp\/v2\/categories?post=998"},{"taxonomy":"post_tag","embeddable":true,"href":"https:\/\/sgp.geodezja.org.pl\/en\/wp-json\/wp\/v2\/tags?post=998"}],"curies":[{"name":"wp","href":"https:\/\/api.w.org\/{rel}","templated":true}]}}